{"id":21364,"date":"2026-02-02T09:09:49","date_gmt":"2026-02-02T07:09:49","guid":{"rendered":"https:\/\/blogs.deia.eus\/anasagasti\/?p=21364"},"modified":"2026-02-02T09:09:50","modified_gmt":"2026-02-02T07:09:50","slug":"la-amnistia-de-gladys-y-el-intocable-derecho-internacional-de-juanjo-alvarez","status":"publish","type":"post","link":"https:\/\/blogs.deia.eus\/anasagasti\/2026\/02\/02\/la-amnistia-de-gladys-y-el-intocable-derecho-internacional-de-juanjo-alvarez\/","title":{"rendered":"LA AMNIST\u00cdA DE GLADYS Y EL INTOCABLE DERECHO INTERNACIONAL DE JUANJO \u00c1LVAREZ."},"content":{"rendered":"\n<p><strong>Lunes 2 de febrero de 2026<\/strong><\/p>\n\n\n<div class=\"wp-block-image\">\n<figure class=\"aligncenter size-full\"><a href=\"https:\/\/blogs.deia.eus\/anasagasti\/files\/2026\/02\/Los-hermanos-rodriguez-y-Diosdado.jpg\"><img loading=\"lazy\" decoding=\"async\" width=\"532\" height=\"346\" src=\"https:\/\/blogs.deia.eus\/anasagasti\/files\/2026\/02\/Los-hermanos-rodriguez-y-Diosdado.jpg\" alt=\"\" class=\"wp-image-21365\" \/><\/a><\/figure>\n<\/div>\n\n\n<p>La posible transici\u00f3n de la dictadura a la democracia en Venezuela parecer\u00eda va a tener m\u00e1s velocidad que la que tuvo en el estado espa\u00f1ol.<\/p>\n\n\n\n<p>Acabamos de ver a la presidenta encargada anunciar en la Corte Suprema una pronta ley de amnist\u00eda que vaciar\u00e1 las prisiones de presos pol\u00edticos. En Espa\u00f1a algo parecido ocurri\u00f3 en octubre de 1977, a\u00f1o y medio despu\u00e9s de fallecido el dictador. Aqu\u00ed, al mes.<\/p>\n\n\n\n<p>Aunque parto de la base que de Amnist\u00eda nada, ya que los presos actuales no han cometido ning\u00fan delito. Los delitos los han cometido los chavistas contra ellos.<\/p>\n\n\n\n<p>Ahora veremos si a esa decisi\u00f3n se la acompa\u00f1e con una total libertad de expresi\u00f3n y no persecuci\u00f3n de las ideas pol\u00edticas de quien discrepe. Es la clave. Y de que se den los pasos para instaurar un sistema democr\u00e1tico con garant\u00edas.<\/p>\n\n\n\n<p>No le habr\u00e1 sido f\u00e1cil a la Sra. Delcy&nbsp; Rodr\u00edguez y a su hermano anunciar tales medidas habiendo escuchado a Maduro, solo un mes antes, todas sus balandronadas y amenazas a quien osara discrepar. Todav\u00eda recordamos a Maduro bailando y amenazando. No hab\u00eda m\u00e1s que ver la cara del polic\u00eda Diosdado Cabello al escuchar semejante anuncio. Su cara lo dec\u00eda todo. Era como obligarle a tomar aceite de ricino en p\u00fablico y en directo.<\/p>\n\n\n\n<p>De hecho, la c\u00f3nsul de Venezuela en Bilbao, Glenna Cabello, sigue hablando del \u201csecuestro de Maduro\u201d cuando ya en Venezuela se omite cualquier menci\u00f3n en ese sentido, en abierta contradicci\u00f3n &nbsp;cuando Bildu, Sumar y Podemos con apoyo de la c\u00f3nsul han presentado &nbsp;en el Parlamento Vasco una iniciativa para condenar (ellos que no condenan nunca su violencia) la acci\u00f3n militar estadounidense que llev\u00f3 al usurpador de las elecciones del a\u00f1o pasado, Nicol\u00e1s Maduro y su compa\u00f1era, Cilia Flores a una c\u00e1rcel en Brooklyn.<\/p>\n\n\n\n<p>Ya veremos los argumentos que emplean, seguramente parecidos a los utilizados cuando nos describieron al esp\u00eda Pablo Gonz\u00e1lez, al que Putin recibi\u00f3 en el aeropuerto.<\/p>\n\n\n\n<p>Y hay que destacar, de cara a un melifluo PSOE, que los casi 1.500 presos que est\u00e1n en las c\u00e1rceles venezolana resulta que ahora son descritos como \u201cpresos pol\u00edticos\u201d. Una democracia no tiene presos pol\u00edticos y Rodr\u00edguez Zapatero lo \u00fanico que ha hecho estos a\u00f1os, aparte de llenar sus bolsillos, ha sido blanquear una cruel\u00edsima dictadura.<\/p>\n\n\n\n<p>Yo estuve con otros tres senadores tres horas de pie ante la puerta del centro de tortura del Helicoide, y no nos dejaron entrar. Ahora anuncian su cierre. Pronto sabremos de las horribles torturas que se ejercieron en semejante penal.<\/p>\n\n\n\n<p>Por otra parte la econom\u00eda venezolana, al comenzar a normalizarse la producci\u00f3n y venta de su petr\u00f3leo comienza a tener unos ingresos fundamentales para el pago de pensiones as\u00ed como para reactivar una &nbsp;econom\u00eda de subsistencia y para que compa\u00f1\u00edas petroleras como Repsol y su refiner\u00eda Petronor puedan trabajar holgadamente.<\/p>\n\n\n\n<p>Antes solo lo hac\u00edan Rusia, China Ir\u00e1n y una Cuba que viv\u00eda de la teta petrolera de Venezuela. Entiendo pues&nbsp; el disgusto de Arkaitz Rodr\u00edguez y compa\u00f1\u00eda, as\u00ed como las parlamentarias Fullaondo y Urrea, grandes admiradores\/as de la dictadura chavista y que cuando muri\u00f3 Fidel Castro le organizaron un funeral, pu\u00f1o en alto, en el puerto donostiarra. Y veremos que hacen con sus acuerdos firmados recientemente en La Habana.<\/p>\n\n\n\n<p>Nadie desea violencia alguna aunque le sugerir\u00eda al catedr\u00e1tico de derecho internacional Juanjo \u00c1lvarez que leyera un art\u00edculo de don Manuel de Irujo titulado \u201cViolencia \u00fatil, violencia in\u00fatil\u201d dirigido en 1962 contra la dictadura de Franco.<\/p>\n\n\n\n<p>Al Sr. catedr\u00e1tico, no le gust\u00f3 lo que escrib\u00ed sobre la intervenci\u00f3n estadounidense pues le critiqu\u00e9 su asepsia acad\u00e9mica intolerable para m\u00ed y para los venezolanos de bien y tras decir que apoya cualquier transici\u00f3n a la democracia, no lo dudo, y que Maduro era un dictador sentenciaba como jurista internacional que \u201cun fin leg\u00edtimo no justifica la intervenci\u00f3n militar que hizo el 3 de enero Donald Trump\u201d.<\/p>\n\n\n\n<p>No tengo la menor simpat\u00eda por Donald Trump a quien no votar\u00eda nunca de poder hacerlo. Nunca. Sus acciones con el Cei en Minneapolis, sus amenazas a Groenlandia, su apoyo a Netanyahu, su fanfarroner\u00eda y estilo soez me repatea, pero le critiqu\u00e9 a Juanjo \u00c1lvarez porque con el derecho internacional en la mano me son\u00f3 su argumentaci\u00f3n al abandono de un derecho de subsistencia de millones de seres humanos. A m\u00ed me son\u00f3 as\u00ed.<\/p>\n\n\n\n<p>Y recuerdo que &nbsp;aquel Comit\u00e9 de No Intervenci\u00f3n, perpetu\u00f3 a Franco en el poder y porque ante una situaci\u00f3n absolutamente bloqueada, el derecho internacional no da salida alguna, m\u00e1s que pedir a los ciudadanos de un pa\u00eds que emigren en&nbsp; la cifra&nbsp; de 9 millones, que no cobren pensi\u00f3n, que vivan sin libertad de expresi\u00f3n, que sufran una econom\u00eda de supervivencia, que si discrepan vayan a la c\u00e1rcel y &nbsp;sobre todo que se aguanten, porque el derecho internacional est\u00e1 por encima de todo.<\/p>\n\n\n\n<p>Entiendo que una persona a la que no hemos visto en ninguna manifestaci\u00f3n pidiendo libertad para aquel pa\u00eds, se ponga la toga y pontifique con un derecho que no se lo da a los ciudadanos sino a las fronteras.<\/p>\n\n\n\n<p>El chavismo lleva m\u00e1s de 25 a\u00f1os ejerciendo un poder desp\u00f3tico y, \u00c1lvarez, desde su torre de marfil da este tipo de consejos, que son muy f\u00e1ciles de dar, tratando de tapar la boca a quien no ponga en su altar su concepto de un derecho internacional que no contempla para nada la defensa de la Declaraci\u00f3n Internacional de los Derechos Humanos.<\/p>\n\n\n\n<p>Conozco la Doctrina&nbsp; del Derecho Internacional del Padre Vitoria. He viajado en treinta a\u00f1os cuatro veces a Naciones Unidas a estudiar su posible reforma y sobre todo un Consejo de Seguridad con veto, siempre he estado en la Comisi\u00f3n de Asuntos Exteriores, Defensa y Asamblea de la Otan del Congreso y Senado y he visto de todo. He sido Observador en Venezuela ante unas elecciones ama\u00f1adas y simplemente me pareci\u00f3 escandalosa la frialdad de un catedr\u00e1tico que me merec\u00eda, hasta su declaraci\u00f3n, para mi inhumana, todo el respeto al anteponer los derechos de un Maduro, que no es ni era un presidente leg\u00edtimo sino un s\u00e1trapa, a las de un pa\u00eds condenado a la explotaci\u00f3n de una dictadura.<\/p>\n\n\n\n<p>Y encima, al poco, dos p\u00e1ginas en el Grupo Vocento reiter\u00e1ndose, en para mi, su &nbsp;incre\u00edble frialdad.<\/p>\n\n\n\n<p>Veremos c\u00f3mo va esta transici\u00f3n ya iniciada y tutelada pero podemos decir que a un mes de la acci\u00f3n&nbsp; contra Maduro, Venezuela est\u00e1 mil veces mejor&nbsp; que si sigui\u00e9ramos de rodillas ante un derecho internacional que no defiende los derechos de los seres humanos ni de los pueblos.<\/p>\n<!-- AddThis Advanced Settings generic via filter on the_content --><!-- AddThis Share Buttons generic via filter on the_content -->","protected":false},"excerpt":{"rendered":"<p>Lunes 2 de febrero de 2026 La posible transici\u00f3n de la dictadura a la democracia en Venezuela parecer\u00eda va a tener m\u00e1s velocidad que la que tuvo en el estado espa\u00f1ol. Acabamos de ver a la presidenta encargada anunciar en la Corte Suprema una pronta ley de amnist\u00eda que vaciar\u00e1 las prisiones de presos pol\u00edticos. &hellip; <a href=\"https:\/\/blogs.deia.eus\/anasagasti\/2026\/02\/02\/la-amnistia-de-gladys-y-el-intocable-derecho-internacional-de-juanjo-alvarez\/\" class=\"more-link\">Sigue leyendo <span class=\"screen-reader-text\">LA AMNIST\u00cdA DE GLADYS Y EL INTOCABLE DERECHO INTERNACIONAL DE JUANJO \u00c1LVAREZ.<\/span><\/a><!-- AddThis Advanced Settings generic via filter on get_the_excerpt --><!-- AddThis Share Buttons generic via filter on get_the_excerpt --><\/p>\n","protected":false},"author":19,"featured_media":0,"comment_status":"open","ping_status":"open","sticky":false,"template":"","format":"standard","meta":{"footnotes":""},"categories":[1],"tags":[],"class_list":["post-21364","post","type-post","status-publish","format-standard","hentry","category-general"],"_links":{"self":[{"href":"https:\/\/blogs.deia.eus\/anasagasti\/wp-json\/wp\/v2\/posts\/21364","targetHints":{"allow":["GET"]}}],"collection":[{"href":"https:\/\/blogs.deia.eus\/anasagasti\/wp-json\/wp\/v2\/posts"}],"about":[{"href":"https:\/\/blogs.deia.eus\/anasagasti\/wp-json\/wp\/v2\/types\/post"}],"author":[{"embeddable":true,"href":"https:\/\/blogs.deia.eus\/anasagasti\/wp-json\/wp\/v2\/users\/19"}],"replies":[{"embeddable":true,"href":"https:\/\/blogs.deia.eus\/anasagasti\/wp-json\/wp\/v2\/comments?post=21364"}],"version-history":[{"count":1,"href":"https:\/\/blogs.deia.eus\/anasagasti\/wp-json\/wp\/v2\/posts\/21364\/revisions"}],"predecessor-version":[{"id":21366,"href":"https:\/\/blogs.deia.eus\/anasagasti\/wp-json\/wp\/v2\/posts\/21364\/revisions\/21366"}],"wp:attachment":[{"href":"https:\/\/blogs.deia.eus\/anasagasti\/wp-json\/wp\/v2\/media?parent=21364"}],"wp:term":[{"taxonomy":"category","embeddable":true,"href":"https:\/\/blogs.deia.eus\/anasagasti\/wp-json\/wp\/v2\/categories?post=21364"},{"taxonomy":"post_tag","embeddable":true,"href":"https:\/\/blogs.deia.eus\/anasagasti\/wp-json\/wp\/v2\/tags?post=21364"}],"curies":[{"name":"wp","href":"https:\/\/api.w.org\/{rel}","templated":true}]}}