{"id":21367,"date":"2026-02-03T09:18:47","date_gmt":"2026-02-03T07:18:47","guid":{"rendered":"https:\/\/blogs.deia.eus\/anasagasti\/?p=21367"},"modified":"2026-02-03T09:18:47","modified_gmt":"2026-02-03T07:18:47","slug":"inaki-te-tienes-que-divorciar","status":"publish","type":"post","link":"https:\/\/blogs.deia.eus\/anasagasti\/2026\/02\/03\/inaki-te-tienes-que-divorciar\/","title":{"rendered":"I\u00d1AKI, TE TIENES QUE DIVORCIAR"},"content":{"rendered":"\n<p><strong>Martes 3 de febrero de 2026<\/strong><\/p>\n\n\n<div class=\"wp-block-image\">\n<figure class=\"aligncenter size-full is-resized\"><a href=\"https:\/\/blogs.deia.eus\/anasagasti\/files\/2026\/02\/Inaki-Urdangarin.jpg\"><img loading=\"lazy\" decoding=\"async\" width=\"654\" height=\"719\" src=\"https:\/\/blogs.deia.eus\/anasagasti\/files\/2026\/02\/Inaki-Urdangarin.jpg\" alt=\"\" class=\"wp-image-21368\" style=\"width:598px;height:auto\" srcset=\"https:\/\/blogs.deia.eus\/anasagasti\/files\/2026\/02\/Inaki-Urdangarin.jpg 654w, https:\/\/blogs.deia.eus\/anasagasti\/files\/2026\/02\/Inaki-Urdangarin-580x638.jpg 580w\" sizes=\"auto, (max-width: 654px) 100vw, 654px\" \/><\/a><\/figure>\n<\/div>\n\n\n<p>Vi el domingo a la noche la entrevista completa de Jordi Evole a I\u00f1aki Urdangarin. Me pareci\u00f3 un buen documento period\u00edstico.<\/p>\n\n\n\n<p>Fue una entrevista respetuosa y &nbsp;cargada de &nbsp;datos muy significativos que nos hablan bien de como son los Borbones y de c\u00f3mo trataron a su eslab\u00f3n m\u00e1s d\u00e9bil en palabras del propio &nbsp;I\u00f1aki Urdangarin.<\/p>\n\n\n\n<p>Me llam\u00f3 la atenci\u00f3n su aplomo, su verbo preciso y no dubitativo de persona que escog\u00eda bien sus palabras con la intenci\u00f3n de no criticar a la madre de sus hijos, la llamada Infanta Cristina, aunque uno deduce de la conversaci\u00f3n que en cinco a\u00f1os de c\u00e1rcel no le visit\u00f3 una sola vez y si su hermana Elena, sus hijos y familiares. Hija de su padre. Tambi\u00e9n me llam\u00f3 la atenci\u00f3n el silencio de Evole hacia lo vasco.<\/p>\n\n\n\n<p>Y me pareci\u00f3 terrible el env\u00edo del indeseable jefe de la Casa del Rey (1993-2002), Fernando Almansa, Grande de Espa\u00f1a, para de malas maneras trasmitirle el mensaje del rey de que se divorciara diciendo que era lo mejor para todos. Anteriormente hab\u00eda dicho que Urdangarin hab\u00eda tenido una conducta inapropiada algo que le perjudic\u00f3 en el juicio. Este Almansa nada dijo de las fechor\u00edas que ve\u00eda y viv\u00eda en vivo y en directo de su Majestad el Borb\u00f3n&nbsp; corrupto.<\/p>\n\n\n\n<p>Seguramente Urdangarin que enton\u00f3 el mea culpa por haber trabajado con la administraci\u00f3n p\u00fablica cuando debi\u00f3 hacerlo solo con la privada, no hubiera hecho nada de lo que hizo si Juan Carlos no lo hubiera propiciado. De hecho les dijo que esperando el cuarto hijo, el piso de Barcelona se les hab\u00eda quedado peque\u00f1o y por eso se embarcaron en el Palacete de Pedralbes. Es el mismo que no le ha llamado una sola vez tras su salida de la c\u00e1rcel. El dato &nbsp;denota la catadura moral del suegro, un mafioso sin entra\u00f1as.<\/p>\n\n\n\n<p>Algo parecido debe ser el actual rey Felipe VI que tambi\u00e9n le llam\u00f3 para pedirle asimismo que se divorciara porque pod\u00eda manchar a la corona. Argumentando que ser\u00eda mejor para \u00e9l, como si estuvi\u00e9ramos en el siglo XIX. Me pareci\u00f3 miserable y otra buena foto de su catadura.<\/p>\n\n\n\n<p>Y estuvo bien cuando dijo que la justicia no es igual para todos recordando lo que hab\u00eda dicho su suegro en el mensaje de Navidad. Evidente.<\/p>\n\n\n\n<p>El vasco de Zumarraga record\u00f3 a su padre, Juan Mari Urdangarin Berriotxoa, familiar del santo, que no sufri\u00f3, por enfermedad, la secuencia de acusaciones y juicio. Urdangarin padre fue presidente de la Vital y era amigo, por compa\u00f1ero de estudios con Jos\u00e9 Mari Gerenabarrena, presidente del ABB, en la Escuela de Ingenieros y fue presidente del Tribunal del PNV en Gasteiz. Sol\u00eda ir a los Alderdi Eguna cada a\u00f1o con su esposa Claire Liaebert .gente trabajadora y respetable que ya le advirti\u00f3 al chaval de Zumarraga si sab\u00eda donde se met\u00eda. El patriarca de la familia sab\u00eda de lo que hablaba. Pero I\u00f1aki se meti\u00f3 y pag\u00f3 el pato.<\/p>\n\n\n\n<p>Me gust\u00f3 la entereza del entrevistado, su aceptaci\u00f3n de los hechos, su concepto de la familia, su reconocimiento de errores, y su claro su mensaje de que fue el cortafuegos y su deseo de no hacer da\u00f1o a nadie, tras las lecciones aprendidas.<\/p>\n\n\n\n<p>Tras escuchar la entrevista he cambiado a mejor la opini\u00f3n que ten\u00eda de \u00e9l.<\/p>\n\n\n\n<p>Y record\u00e9 como una vez en el aeropuerto de Loiu me encontr\u00e9 con Lluis Reverter, que hab\u00eda sido el brazo derecho del ministro Narc\u00eds Serra y el que enviaba ramos de flores a las esposas de los generales para que influyeran para bien en sus maridos. Era un relaciones p\u00fablicas nato y tras su paso por aquel ministerio lleg\u00f3 a ser Secretario General de la Fundaci\u00f3n Caixa. Y hablando con \u00e9l, ya que tambi\u00e9n hab\u00eda sido Secretario General de la Presidencia del Gobierno, me dijo que un d\u00eda estando en la oficina de la Caixa &nbsp;le llam\u00f3 Juan Carlos y de entrada le dijo \u201dMira Lluis, tienes que conseguirle un buen puesto a mi hija Cristina en la Caixa\u201d. Y as\u00ed entr\u00f3 la llamada Infanta en dicha Instituci\u00f3n. A dedo y por imposici\u00f3n del monarca. Era la forma de actuar.<\/p>\n\n\n\n<p>As\u00ed funciona ese mundo y en ese mundo entr\u00f3 un deportista de Zumarraga &nbsp;al que no lo hubiera pasado nada y no haber vivido semejante calvario de no haber entrado en semejante ci\u00e9naga. De ah\u00ed la importancia de la entrevista de Evole que de manera argumentada nos describi\u00f3 pausadamente el modus operandi de una mafia almidonada.<\/p>\n\n\n\n<p>\u201dI\u00f1aki, te tienes que divorciar\u201d.<\/p>\n<!-- AddThis Advanced Settings generic via filter on the_content --><!-- AddThis Share Buttons generic via filter on the_content -->","protected":false},"excerpt":{"rendered":"<p>Martes 3 de febrero de 2026 Vi el domingo a la noche la entrevista completa de Jordi Evole a I\u00f1aki Urdangarin. Me pareci\u00f3 un buen documento period\u00edstico. Fue una entrevista respetuosa y &nbsp;cargada de &nbsp;datos muy significativos que nos hablan bien de como son los Borbones y de c\u00f3mo trataron a su eslab\u00f3n m\u00e1s d\u00e9bil &hellip; <a href=\"https:\/\/blogs.deia.eus\/anasagasti\/2026\/02\/03\/inaki-te-tienes-que-divorciar\/\" class=\"more-link\">Sigue leyendo <span class=\"screen-reader-text\">I\u00d1AKI, TE TIENES QUE DIVORCIAR<\/span><\/a><!-- AddThis Advanced Settings generic via filter on get_the_excerpt --><!-- AddThis Share Buttons generic via filter on get_the_excerpt --><\/p>\n","protected":false},"author":19,"featured_media":0,"comment_status":"open","ping_status":"open","sticky":false,"template":"","format":"standard","meta":{"footnotes":""},"categories":[1],"tags":[],"class_list":["post-21367","post","type-post","status-publish","format-standard","hentry","category-general"],"_links":{"self":[{"href":"https:\/\/blogs.deia.eus\/anasagasti\/wp-json\/wp\/v2\/posts\/21367","targetHints":{"allow":["GET"]}}],"collection":[{"href":"https:\/\/blogs.deia.eus\/anasagasti\/wp-json\/wp\/v2\/posts"}],"about":[{"href":"https:\/\/blogs.deia.eus\/anasagasti\/wp-json\/wp\/v2\/types\/post"}],"author":[{"embeddable":true,"href":"https:\/\/blogs.deia.eus\/anasagasti\/wp-json\/wp\/v2\/users\/19"}],"replies":[{"embeddable":true,"href":"https:\/\/blogs.deia.eus\/anasagasti\/wp-json\/wp\/v2\/comments?post=21367"}],"version-history":[{"count":1,"href":"https:\/\/blogs.deia.eus\/anasagasti\/wp-json\/wp\/v2\/posts\/21367\/revisions"}],"predecessor-version":[{"id":21369,"href":"https:\/\/blogs.deia.eus\/anasagasti\/wp-json\/wp\/v2\/posts\/21367\/revisions\/21369"}],"wp:attachment":[{"href":"https:\/\/blogs.deia.eus\/anasagasti\/wp-json\/wp\/v2\/media?parent=21367"}],"wp:term":[{"taxonomy":"category","embeddable":true,"href":"https:\/\/blogs.deia.eus\/anasagasti\/wp-json\/wp\/v2\/categories?post=21367"},{"taxonomy":"post_tag","embeddable":true,"href":"https:\/\/blogs.deia.eus\/anasagasti\/wp-json\/wp\/v2\/tags?post=21367"}],"curies":[{"name":"wp","href":"https:\/\/api.w.org\/{rel}","templated":true}]}}