{"id":21370,"date":"2026-02-04T09:19:34","date_gmt":"2026-02-04T07:19:34","guid":{"rendered":"https:\/\/blogs.deia.eus\/anasagasti\/?p=21370"},"modified":"2026-02-04T09:19:35","modified_gmt":"2026-02-04T07:19:35","slug":"las-argucias-del-regimen-chavista-y-sus-cuatro-falacias","status":"publish","type":"post","link":"https:\/\/blogs.deia.eus\/anasagasti\/2026\/02\/04\/las-argucias-del-regimen-chavista-y-sus-cuatro-falacias\/","title":{"rendered":"LAS ARGUCIAS DEL REGIMEN CHAVISTA Y SUS CUATRO FALACIAS"},"content":{"rendered":"\n<p><strong>Mi\u00e9rcoles 4 de febrero de 2026<\/strong><\/p>\n\n\n<div class=\"wp-block-image\">\n<figure class=\"aligncenter size-large\"><a href=\"https:\/\/blogs.deia.eus\/anasagasti\/files\/2026\/02\/Delcys-y-Maduro.jpg\"><img loading=\"lazy\" decoding=\"async\" width=\"940\" height=\"520\" src=\"https:\/\/blogs.deia.eus\/anasagasti\/files\/2026\/02\/Delcys-y-Maduro-940x520.jpg\" alt=\"\" class=\"wp-image-21371\" srcset=\"https:\/\/blogs.deia.eus\/anasagasti\/files\/2026\/02\/Delcys-y-Maduro-940x520.jpg 940w, https:\/\/blogs.deia.eus\/anasagasti\/files\/2026\/02\/Delcys-y-Maduro-580x321.jpg 580w, https:\/\/blogs.deia.eus\/anasagasti\/files\/2026\/02\/Delcys-y-Maduro-768x425.jpg 768w, https:\/\/blogs.deia.eus\/anasagasti\/files\/2026\/02\/Delcys-y-Maduro.jpg 1024w\" sizes=\"auto, (max-width: 940px) 100vw, 940px\" \/><\/a><\/figure>\n<\/div>\n\n\n<p><strong><em>Cuatro falacias inocultables de la narcodictadura<\/em><\/strong><\/p>\n\n\n\n<p>En ellas se resumen las argucias del r\u00e9gimen para justificar su pol\u00edtica y desesperado esfuerzo por mantenerse en el poder<\/p>\n\n\n\n<p>Primera:&nbsp;<strong>\u00abChavez vive, la patria sigue<\/strong>\u00bb.<\/p>\n\n\n\n<p>No me refiero, por supuesto, a la ausencia f\u00edsica de&nbsp;<strong>Hugo Ch\u00e1vez<\/strong>, supuestamente fallecido el 5 de marzo de 2013, de acuerdo con la declaraci\u00f3n oficial emitida ese d\u00eda. Como sabemos, distintas personas \u2013muchos de ellas, exfuncionarios entonces muy pr\u00f3ximos a \u00e9l\u2013 han denunciado que&nbsp;<strong>Ch\u00e1vez&nbsp;<\/strong>no muri\u00f3 en&nbsp;<strong>Caracas<\/strong>, sino en&nbsp;<strong>La Habana<\/strong>, ni tampoco en la fecha se\u00f1alada, sino unos d\u00edas antes, a finales de febrero.<\/p>\n\n\n\n<p><a href=\"https:\/\/www.eldebate.com\/internacional\/20260125\/informacion-desmontaje-dictadura_377657.html\"><strong>La informaci\u00f3n y el desmontaje de la dictadura<\/strong><\/a><strong><\/strong><\/p>\n\n\n\n<p><a href=\"https:\/\/www.eldebate.com\/autor\/miguel-henrique-otero\/\"><strong>Miguel Henrique Otero<\/strong><\/a>&nbsp;<\/p>\n\n\n\n<p>Por cierto que, en estos d\u00edas donde la crisis en&nbsp;<a href=\"https:\/\/www.eldebate.com\/temas\/cuba\/\"><strong>Cuba<\/strong><\/a>&nbsp;se hace, hora a hora, m\u00e1s profunda y peligrosa, y se advierte que el&nbsp;<strong>fin del castrismo<\/strong>&nbsp;es inminente, el tema comienza otra vez a debatirse. Voces del exilio cubano sostienen que, entre muchas otras materias que permanecen ocultas, pronto conoceremos los hechos reales y verificados en relaci\u00f3n con la muerte de&nbsp;<strong>Ch\u00e1vez<\/strong>.<\/p>\n\n\n\n<p>Cabe preguntarse si la figura de&nbsp;<strong>Ch\u00e1vez&nbsp;<\/strong>ha logrado mantener alguna vigencia despu\u00e9s de su fallecimiento. Mi respuesta a la pregunta es un rotundo no. Durante el 2013,&nbsp;<strong>Nicol\u00e1s Maduro&nbsp;<\/strong>(ahora reo) y otros integrantes de su banda (pr\u00f3ximos reos), organizaron actos p\u00fablicos y ceremonias en menor escala, para loar al fallecido. Intentaron establecer en la opini\u00f3n p\u00fablica la existencia de un legado, y as\u00ed lograr que&nbsp;<strong>Ch\u00e1vez&nbsp;<\/strong>adquiriese un estatuto hist\u00f3rico y pol\u00edtico del que sacar provecho.<\/p>\n\n\n\n<p>Pero el intento no tuvo resonancia ni continuidad. R\u00e1pidamente ocurrieron dos fen\u00f3menos, solo contradictorios en apariencia: el pa\u00eds harto, lo dej\u00f3 atr\u00e1s r\u00e1pidamente.&nbsp;<strong>Ch\u00e1vez&nbsp;<\/strong>ingres\u00f3 en los engranajes del olvido. Al mismo tiempo, ocurri\u00f3 que el&nbsp;<em>madurismo<\/em>, y lo sugirieron en algunos de sus discursos, &#8216;descubri\u00f3&#8217; que la podredumbre era mucho peor de lo anunciado, que las arcas hab\u00edan sido arrasadas, y que la parte del bot\u00edn que les hab\u00edan dejado era menor a lo esperado. No hab\u00eda legado sino una naci\u00f3n destruida por sus cuatro costados: ni&nbsp;<strong>Ch\u00e1vez&nbsp;<\/strong>viv\u00eda y la patria estaba por producir la m\u00e1s grande operaci\u00f3n de huida y exilio en la historia de&nbsp;<strong>Hispanoam\u00e9rica<\/strong>, que se intensific\u00f3 a partir del 2014, y que ha conducido a la migraci\u00f3n de m\u00e1s de ocho millones de venezolanos.<\/p>\n\n\n\n<p>\u2013Segunda:&nbsp;<strong>\u00abMaduro ha sido secuestrado y ser\u00e1 liberado\u00bb.<\/strong><\/p>\n\n\n\n<p>El delincuente&nbsp;<strong>Nicol\u00e1s Maduro Moros<\/strong>, registrado con el n\u00famero 83232-054 en el Bur\u00f3 Oficial de Prisiones \u2013BOP\u2013, una vez capturado por las autoridades estadounidenses, encarcelado en&nbsp;<strong>Nueva York&nbsp;<\/strong>y pr\u00f3ximo a ser enjuiciado, no ser\u00e1 liberado. No existe esa posibilidad. La envergadura y gravedad de las acusaciones \u2013conspiraci\u00f3n de narcoterrorismo, conspiraci\u00f3n para exportar coca\u00edna a Estados Unidos, posesi\u00f3n de armas de destrucci\u00f3n, y conspiraci\u00f3n para poseer dichas armas\u2013 hacen inviable que se le declare inocente o que reciba un m\u00ednimo castigo por sus fechor\u00edas. Las penas para estos delitos oscilan entre un m\u00ednimo de veinte a\u00f1os y la pena mayor, que no es otra que&nbsp;<strong>cadena perpetua<\/strong>.<\/p>\n\n\n\n<p><strong>Cilia Flores<\/strong>&nbsp;por su parte, presa conocida como &#8216;la primera combatiente&#8217;, t\u00eda de los delincuentes conocidos como &#8216;narcosobrinos&#8217;, registrada con el n\u00famero 83233-054 del BOP, tiene tambi\u00e9n por delante un panorama de extrema adversidad: se le acusa de narcoterrorismo y conspiraci\u00f3n para el tr\u00e1fico de drogas, corrupci\u00f3n y soborno, y participaci\u00f3n en actos violentos. \u00bfLas penas posibles? Las mismas: entre 20 a\u00f1os y prisi\u00f3n a perpetuidad.<\/p>\n\n\n\n<p>Los expertos han sido un\u00e1nimes: no hay posibilidad alguna de que ambos no reciban el castigo carcelario que merecen.<\/p>\n\n\n\n<p>\u2013Tercera:&nbsp;<strong>\u00abVenezuela no recibe \u00f3rdenes de potencias extranjeras\u00bb<\/strong>.<\/p>\n\n\n\n<p>Despu\u00e9s de la aprobaci\u00f3n de la reforma a las leyes que rigen la explotaci\u00f3n del recurso petrolero en&nbsp;<strong>Venezuela<\/strong>, es leg\u00edtimo introducir una variante en la frase m\u00e1s reciente de la ret\u00f3rica antiimperialista de la narco dictadura: en vez de \u00abVenezuela no recibe \u00f3rdenes de potencias extranjeras\u00bb, hay que establecer como la frase que resume el tema, la siguiente: \u00abVenezuela solo recibe \u00f3rdenes de Estados Unidos\u00bb.<\/p>\n\n\n\n<p>Este radical giro, discursivo y contractual, que se ha producido a partir de la&nbsp;<strong>captura del capo Maduro<\/strong>&nbsp;el 3 de enero, debe ser uno de los m\u00e1s grotescos, pat\u00e9ticos y vergonzosos cap\u00edtulos de la historia del chavismo-madurismo, su rendici\u00f3n genuflexa, sin fisuras ni atenuantes, que ha sumido en la perplejidad y el silencio a las izquierdas del planeta, siempre listas para justificar cada movimiento de los gobiernos de Ch\u00e1vez y Maduro. \u00bfAcaso se atrever\u00e1n a leer y comentar los contenidos de la reci\u00e9n aprobada ley por la Asamblea Nacional madurista? \u00bfContrastar\u00e1n sus contenidos con la ret\u00f3rica de la lucha antiimperialista?<\/p>\n\n\n\n<p>\u2014Cuarta:&nbsp;<strong>\u00abEn Venezuela manda el pueblo\u00bb<\/strong>.<\/p>\n\n\n\n<p>Esta falacia guarda un especial descaro: no gobierna el pueblo, ni los venezolanos, sino un grupo de funcionarios y enchufados, que comparten esta caracter\u00edstica: la mayor\u00eda vive en el&nbsp;<strong>municipio Chacao&nbsp;<\/strong>y en urbanizaciones aleda\u00f1as. \u00bfRecuerdan los lectores las expresiones de desprecio hacia Chacao, emitidas por el mism\u00edsimo Ch\u00e1vez, por Cabello y por otros de los integrantes de la banda?<\/p>\n\n\n\n<p>La oligarqu\u00eda roja, la roja y pesuvista oligarqu\u00eda que constituye la dictadura, en medio de la portentosa<strong>&nbsp;crisis econ\u00f3mica&nbsp;<\/strong>que se ha establecido en&nbsp;<strong>Venezuela&nbsp;<\/strong>desde hace m\u00e1s de una d\u00e9cada, ha encontrado los recursos financieros y legales, y ninguna dificultad para adquirir la propiedad de casas, apartamentos, comercios, restaurantes, veh\u00edculos de lujo y m\u00e1s. La revoluci\u00f3n ladrona, como todas las de su g\u00e9nero, ha servido para que un peque\u00f1o grupo se enriquezca, al costo de una sociedad cada vez m\u00e1s empobrecida y debilitada. Las pruebas de esta afirmaci\u00f3n est\u00e1n a la vista, son irrebatibles, como irrebatibles son las im\u00e1genes de los altos funcionarios que llevan un nivel de vida que solo puede explicarse como fruto de la corrupci\u00f3n.<\/p>\n\n\n\n<p>En estas cuatro falacias \u2013Ch\u00e1vez vive, maduro ser\u00e1 liberado, Venezuela no recibe \u00f3rdenes y en&nbsp;<strong>Venezuela&nbsp;<\/strong>gobierna el pueblo\u2013 se resumen las argucias del r\u00e9gimen para justificar su pol\u00edtica y desesperado esfuerzo por mantenerse en el poder. Sin embargo, como cualquier lector puede concluir, son todas afirmaciones sin sustento, fr\u00e1giles, evidencias que el cambio pol\u00edtico est\u00e1 cada d\u00eda m\u00e1s cerca.<\/p>\n<!-- AddThis Advanced Settings generic via filter on the_content --><!-- AddThis Share Buttons generic via filter on the_content -->","protected":false},"excerpt":{"rendered":"<p>Mi\u00e9rcoles 4 de febrero de 2026 Cuatro falacias inocultables de la narcodictadura En ellas se resumen las argucias del r\u00e9gimen para justificar su pol\u00edtica y desesperado esfuerzo por mantenerse en el poder Primera:&nbsp;\u00abChavez vive, la patria sigue\u00bb. No me refiero, por supuesto, a la ausencia f\u00edsica de&nbsp;Hugo Ch\u00e1vez, supuestamente fallecido el 5 de marzo de &hellip; <a href=\"https:\/\/blogs.deia.eus\/anasagasti\/2026\/02\/04\/las-argucias-del-regimen-chavista-y-sus-cuatro-falacias\/\" class=\"more-link\">Sigue leyendo <span class=\"screen-reader-text\">LAS ARGUCIAS DEL REGIMEN CHAVISTA Y SUS CUATRO FALACIAS<\/span><\/a><!-- AddThis Advanced Settings generic via filter on get_the_excerpt --><!-- AddThis Share Buttons generic via filter on get_the_excerpt --><\/p>\n","protected":false},"author":19,"featured_media":0,"comment_status":"open","ping_status":"open","sticky":false,"template":"","format":"standard","meta":{"footnotes":""},"categories":[1],"tags":[],"class_list":["post-21370","post","type-post","status-publish","format-standard","hentry","category-general"],"_links":{"self":[{"href":"https:\/\/blogs.deia.eus\/anasagasti\/wp-json\/wp\/v2\/posts\/21370","targetHints":{"allow":["GET"]}}],"collection":[{"href":"https:\/\/blogs.deia.eus\/anasagasti\/wp-json\/wp\/v2\/posts"}],"about":[{"href":"https:\/\/blogs.deia.eus\/anasagasti\/wp-json\/wp\/v2\/types\/post"}],"author":[{"embeddable":true,"href":"https:\/\/blogs.deia.eus\/anasagasti\/wp-json\/wp\/v2\/users\/19"}],"replies":[{"embeddable":true,"href":"https:\/\/blogs.deia.eus\/anasagasti\/wp-json\/wp\/v2\/comments?post=21370"}],"version-history":[{"count":1,"href":"https:\/\/blogs.deia.eus\/anasagasti\/wp-json\/wp\/v2\/posts\/21370\/revisions"}],"predecessor-version":[{"id":21372,"href":"https:\/\/blogs.deia.eus\/anasagasti\/wp-json\/wp\/v2\/posts\/21370\/revisions\/21372"}],"wp:attachment":[{"href":"https:\/\/blogs.deia.eus\/anasagasti\/wp-json\/wp\/v2\/media?parent=21370"}],"wp:term":[{"taxonomy":"category","embeddable":true,"href":"https:\/\/blogs.deia.eus\/anasagasti\/wp-json\/wp\/v2\/categories?post=21370"},{"taxonomy":"post_tag","embeddable":true,"href":"https:\/\/blogs.deia.eus\/anasagasti\/wp-json\/wp\/v2\/tags?post=21370"}],"curies":[{"name":"wp","href":"https:\/\/api.w.org\/{rel}","templated":true}]}}