{"id":21373,"date":"2026-02-05T10:18:26","date_gmt":"2026-02-05T08:18:26","guid":{"rendered":"https:\/\/blogs.deia.eus\/anasagasti\/?p=21373"},"modified":"2026-02-05T10:18:27","modified_gmt":"2026-02-05T08:18:27","slug":"el-atractivo-libro-de-don-manuel","status":"publish","type":"post","link":"https:\/\/blogs.deia.eus\/anasagasti\/2026\/02\/05\/el-atractivo-libro-de-don-manuel\/","title":{"rendered":"EL ATRACTIVO LIBRO DE DON MANUEL"},"content":{"rendered":"\n<p><strong>Jueves 5 de febrero de 2026<\/strong><\/p>\n\n\n<div class=\"wp-block-image\">\n<figure class=\"aligncenter size-full\"><a href=\"https:\/\/blogs.deia.eus\/anasagasti\/files\/2026\/02\/Don-Manuel-de-Irujo.jpg\"><img loading=\"lazy\" decoding=\"async\" width=\"819\" height=\"552\" src=\"https:\/\/blogs.deia.eus\/anasagasti\/files\/2026\/02\/Don-Manuel-de-Irujo.jpg\" alt=\"\" class=\"wp-image-21374\" srcset=\"https:\/\/blogs.deia.eus\/anasagasti\/files\/2026\/02\/Don-Manuel-de-Irujo.jpg 819w, https:\/\/blogs.deia.eus\/anasagasti\/files\/2026\/02\/Don-Manuel-de-Irujo-580x391.jpg 580w, https:\/\/blogs.deia.eus\/anasagasti\/files\/2026\/02\/Don-Manuel-de-Irujo-768x518.jpg 768w\" sizes=\"auto, (max-width: 819px) 100vw, 819px\" \/><\/a><\/figure>\n<\/div>\n\n\n<p>El pasado domingo 1 de octubre publiqu\u00e9 en Deia y, en \u00e9ste medio, un art\u00edculo dedicado a D. Manuel de Irujo titulado \u201cNavarro hasta las cachas\u201d.<\/p>\n\n\n\n<p>Vicente Tal\u00f3n, importante periodista, corresponsal, arriesgado y curioso profesional que une a su magn\u00edfica pluma un ojo especial de gran observador, hizo el comentario en Facebook de que a partir de 1968 cuando iba a Paris visitaba la Delegaci\u00f3n Vasca en la rue Singer donde se entrevistaba fundamentalmente con Don Manuel de Irujo y saludaba al Lehendakari Leizaola, al servicial Basurde&nbsp; y a Jos\u00e9 Mari Azpiazu.<\/p>\n\n\n\n<p>Y coment\u00f3 como hab\u00eda sido \u00e9l el editor del libro &nbsp;que escribi\u00f3 Irujo, al tener que estar retirado un tiempo tras un accidente, con una narraci\u00f3n muy \u00e1gil contando lo que hab\u00eda vivido desde el estallido de la guerra el 18 de julio de 1936 y la aprobaci\u00f3n el 1 de octubre en el Congreso del estatuto vasco, el primero.<\/p>\n\n\n\n<p>Ese libro cay\u00f3 en mis manos en los a\u00f1os setenta y no supe de quien hab\u00eda sido la idea de editarlo, pero me pareci\u00f3 un acierto ya que al libro se le un\u00eda adem\u00e1s un buen pr\u00f3logo de quien hab\u00eda sido diputado en la Rep\u00fablica Julio Jauregi.<\/p>\n\n\n\n<p>Con aquel buen recuerdo fui donde Txomin Saratxaga y en el 2006 a trav\u00e9s de la editorial Kiriki\u00f1o lo reedit\u00f3. En la portada pusimos la caricatura que el dibujante Bon le hizo a Don Manuel en 1918. El pr\u00f3logo lo escribi\u00f3 Josu Jon Imaz, presidente del EBB ese a\u00f1o, y yo escrib\u00ed una explicaci\u00f3n del porqu\u00e9 de la edici\u00f3n y del valor de don Manuel.<\/p>\n\n\n\n<p>Carmelo Landa, Lorenzo Sebasti\u00e1n y Francisco Vargas hicieron una cronolog\u00eda de los hechos y con fotograf\u00edas explicadas de los protagonistas qued\u00f3 una edici\u00f3n muy chula que se lee en un santiam\u00e9n.<\/p>\n\n\n\n<p>Pero fue Vicente Tal\u00f3n quien edit\u00f3 el primer volumen seguramente porque vio en \u00e9l un aporte importante e interesante y sobre todo f\u00e1cil de leer sobre una historia silenciada que este a\u00f1o cumple 90 a\u00f1os.<\/p>\n<!-- AddThis Advanced Settings generic via filter on the_content --><!-- AddThis Share Buttons generic via filter on the_content -->","protected":false},"excerpt":{"rendered":"<p>Jueves 5 de febrero de 2026 El pasado domingo 1 de octubre publiqu\u00e9 en Deia y, en \u00e9ste medio, un art\u00edculo dedicado a D. Manuel de Irujo titulado \u201cNavarro hasta las cachas\u201d. Vicente Tal\u00f3n, importante periodista, corresponsal, arriesgado y curioso profesional que une a su magn\u00edfica pluma un ojo especial de gran observador, hizo el &hellip; <a href=\"https:\/\/blogs.deia.eus\/anasagasti\/2026\/02\/05\/el-atractivo-libro-de-don-manuel\/\" class=\"more-link\">Sigue leyendo <span class=\"screen-reader-text\">EL ATRACTIVO LIBRO DE DON MANUEL<\/span><\/a><!-- AddThis Advanced Settings generic via filter on get_the_excerpt --><!-- AddThis Share Buttons generic via filter on get_the_excerpt --><\/p>\n","protected":false},"author":19,"featured_media":0,"comment_status":"open","ping_status":"open","sticky":false,"template":"","format":"standard","meta":{"footnotes":""},"categories":[1],"tags":[],"class_list":["post-21373","post","type-post","status-publish","format-standard","hentry","category-general"],"_links":{"self":[{"href":"https:\/\/blogs.deia.eus\/anasagasti\/wp-json\/wp\/v2\/posts\/21373","targetHints":{"allow":["GET"]}}],"collection":[{"href":"https:\/\/blogs.deia.eus\/anasagasti\/wp-json\/wp\/v2\/posts"}],"about":[{"href":"https:\/\/blogs.deia.eus\/anasagasti\/wp-json\/wp\/v2\/types\/post"}],"author":[{"embeddable":true,"href":"https:\/\/blogs.deia.eus\/anasagasti\/wp-json\/wp\/v2\/users\/19"}],"replies":[{"embeddable":true,"href":"https:\/\/blogs.deia.eus\/anasagasti\/wp-json\/wp\/v2\/comments?post=21373"}],"version-history":[{"count":1,"href":"https:\/\/blogs.deia.eus\/anasagasti\/wp-json\/wp\/v2\/posts\/21373\/revisions"}],"predecessor-version":[{"id":21375,"href":"https:\/\/blogs.deia.eus\/anasagasti\/wp-json\/wp\/v2\/posts\/21373\/revisions\/21375"}],"wp:attachment":[{"href":"https:\/\/blogs.deia.eus\/anasagasti\/wp-json\/wp\/v2\/media?parent=21373"}],"wp:term":[{"taxonomy":"category","embeddable":true,"href":"https:\/\/blogs.deia.eus\/anasagasti\/wp-json\/wp\/v2\/categories?post=21373"},{"taxonomy":"post_tag","embeddable":true,"href":"https:\/\/blogs.deia.eus\/anasagasti\/wp-json\/wp\/v2\/tags?post=21373"}],"curies":[{"name":"wp","href":"https:\/\/api.w.org\/{rel}","templated":true}]}}