{"id":21376,"date":"2026-02-06T10:36:34","date_gmt":"2026-02-06T08:36:34","guid":{"rendered":"https:\/\/blogs.deia.eus\/anasagasti\/?p=21376"},"modified":"2026-02-06T10:36:34","modified_gmt":"2026-02-06T08:36:34","slug":"la-historia-de-la-edicion-de-este-libro-con-esta-portada","status":"publish","type":"post","link":"https:\/\/blogs.deia.eus\/anasagasti\/2026\/02\/06\/la-historia-de-la-edicion-de-este-libro-con-esta-portada\/","title":{"rendered":"LA HISTORIA DE LA EDICI\u00d3N DE ESTE LIBRO CON ESTA PORTADA."},"content":{"rendered":"\n<p><strong>Viernes 6 de febrero de 2026<\/strong><\/p>\n\n\n<div class=\"wp-block-image\">\n<figure class=\"aligncenter size-full\"><a href=\"https:\/\/blogs.deia.eus\/anasagasti\/files\/2026\/02\/La-guerra-civil-en-Euzkadi-antes-del-Estatuto.jpg\"><img loading=\"lazy\" decoding=\"async\" width=\"502\" height=\"590\" src=\"https:\/\/blogs.deia.eus\/anasagasti\/files\/2026\/02\/La-guerra-civil-en-Euzkadi-antes-del-Estatuto.jpg\" alt=\"\" class=\"wp-image-21377\" \/><\/a><\/figure>\n<\/div>\n\n\n<p>Vicente Tal\u00f3n Ort\u00edz me contest\u00f3 &nbsp;ayer a mi post sobre la edici\u00f3n del libro que aparece en portada y que reeditamos en 2006. Lleva pr\u00f3logo de Julio Jauregui. Seguramente siendo los dos, Irujo y Jauregui, senadores, se lo pidi\u00f3 Don Manuel en Madrid.<\/p>\n\n\n\n<p>Desconoc\u00eda la historia y por m\u00e1s que pregunt\u00e9 en su d\u00eda nunca supe el origen &nbsp;de la edici\u00f3n ni de quien hab\u00eda partido la iniciativa. Vicente Tal\u00f3n lo explica y acert\u00f3 con editarlo. El libro vale la pena y su lectura es muy f\u00e1cil pues Irujo ten\u00eda una estilo directo y sin florituras y describ\u00eda escenas de gran dureza. Ahora que no hay d\u00eda en el que no se hable de los Cuarteles de Loyola, alg\u00fan periodista, alg\u00fan burukide, alg\u00fan diputado, no estar\u00eda nada mal que contara la historia que ocurri\u00f3 en esos cuarteles hace 90 a\u00f1os. Su sublevaci\u00f3n, la negociaci\u00f3n con el coronel Vallesp\u00edn y el fusilamiento de los sublevados. Es tambi\u00e9n historia de la ciudad de San Sebasti\u00e1n y no solo los&nbsp; ins\u00f3litos cabreos &nbsp;&nbsp;&nbsp;de ayer del Consejero socialista Itxaso, aunque entiendo que para eso habr\u00eda que haber le\u00eddo este libro e interesarle la historia de su ciudad algo m\u00e1s que salir en una ef\u00edmera &nbsp;foto..<\/p>\n\n\n\n<p>Escribi\u00f3 ayer Vicente Tal\u00f3n:<\/p>\n\n\n\n<p><em>\u201cMi amigo I\u00f1aki Anasagasti me ha sorprendido, esta ma\u00f1ana, con un agradable comentario sobre este libro, que edit\u00e9 en 1977, y sobre el que posteriormente, en 2006, llev\u00f3 a la imprenta el sello Kiriki\u00f1o. Dice de mi, y se lo agradezco, que soy \u00abimportante periodista, corresponsal, arriesgado y curioso profesional que une a su magn\u00edfica pluma un ojo especial para la observaci\u00f3n\u00bb. Pues bien, la historia es la siguiente.<\/em><\/p>\n\n\n\n<p><em>A partir de 1967, no de 1968 como cre\u00eda, cada vez que viajaba a Par\u00eds e iba mucho, bien para cubrir temas franceses o para tomar aviones con destinos lejanos entonces inexistentes en el aeropuerto de Barajas, visitaba en la calle Singer, sede de la Delegaci\u00f3n Vasca, a Don Manuel de Irujo quien fuera ministro de Justicia en tiempos republicanos y, tal vez, la figura m\u00e1s emblem\u00e1tica en ese momento del Partido Nacionalista<\/em><\/p>\n\n\n\n<p><em>&nbsp;Vasco. All\u00ed tambi\u00e9n ten\u00eda su despacho Don Jes\u00fas Mar\u00eda de Leizaola, \u00ablendakari\u00bb (perd\u00f3n, pero la \u00abh\u00bb que le impostaron a ese cargo se me atraganta) en el exilio y les facilitaba la vida a ambos, con su incansable actividad, \u00abBasurde\u00bb que si bien recuerdo hab\u00eda sido ametrallador en el batall\u00f3n \u00abAriztimu\u00f1o\u00bb. Cuando, con el cambio de R\u00e9gimen, Don Manuel pudo cruzar la frontera y asumi\u00f3 un esca\u00f1o de senador recomenzamos nuestros encuentros -y almuerzos- de Par\u00eds.<\/em><\/p>\n\n\n\n<p><em>&nbsp;Un d\u00eda coment\u00f3 que le gustar\u00eda reeditar su libro \u00abLa guerra civil en Euzkadi antes del Estatuto\u00bb pero que no encontraba quien lo hiciese as\u00ed que, conocedor de la importancia de esa obra cuyo original pose\u00eda y a la que me hab\u00eda referido en varias ocasiones en mis art\u00edculos, la edit\u00e9 ilustr\u00e1ndola con fotos de mi autor\u00eda y otras tomadas de distintos archivos.<\/em><\/p>\n\n\n\n<p><em>Fue en 1978, cuando el miedo a los poderes \u00abf\u00e1cticos\u00bb campeaba y, m\u00e1s o menos, todos escuchaban o cre\u00edan escuchar el arrastrar de sables. Que en la portada del libro apareciese el \u00abZazpiak bat\u00bb, que hace referencia a la uni\u00f3n de los siete territorios que a uno y otro lado de la muga conforman a Euskal Herr\u00eda (esa idea viene del siglo XIX y es anterior al surgimiento del nacionalismo vasco), acab\u00f3 por condenarlo. No consegu\u00ed que se publicase ni una rese\u00f1a en los diarios de Madrid, en casi todos los cuales contaba con amigos, y tampoco se atrevi\u00f3 \u00abEl Correo Espa\u00f1ol-El Pueblo Vasco\u00bb, del que profesionalmente yo preced\u00eda (y procedo) y en el que escrib\u00eda con asiduidad.\u201d<\/em><em><\/em><\/p>\n<!-- AddThis Advanced Settings generic via filter on the_content --><!-- AddThis Share Buttons generic via filter on the_content -->","protected":false},"excerpt":{"rendered":"<p>Viernes 6 de febrero de 2026 Vicente Tal\u00f3n Ort\u00edz me contest\u00f3 &nbsp;ayer a mi post sobre la edici\u00f3n del libro que aparece en portada y que reeditamos en 2006. Lleva pr\u00f3logo de Julio Jauregui. Seguramente siendo los dos, Irujo y Jauregui, senadores, se lo pidi\u00f3 Don Manuel en Madrid. Desconoc\u00eda la historia y por m\u00e1s &hellip; <a href=\"https:\/\/blogs.deia.eus\/anasagasti\/2026\/02\/06\/la-historia-de-la-edicion-de-este-libro-con-esta-portada\/\" class=\"more-link\">Sigue leyendo <span class=\"screen-reader-text\">LA HISTORIA DE LA EDICI\u00d3N DE ESTE LIBRO CON ESTA PORTADA.<\/span><\/a><!-- AddThis Advanced Settings generic via filter on get_the_excerpt --><!-- AddThis Share Buttons generic via filter on get_the_excerpt --><\/p>\n","protected":false},"author":19,"featured_media":0,"comment_status":"open","ping_status":"open","sticky":false,"template":"","format":"standard","meta":{"footnotes":""},"categories":[1],"tags":[],"class_list":["post-21376","post","type-post","status-publish","format-standard","hentry","category-general"],"_links":{"self":[{"href":"https:\/\/blogs.deia.eus\/anasagasti\/wp-json\/wp\/v2\/posts\/21376","targetHints":{"allow":["GET"]}}],"collection":[{"href":"https:\/\/blogs.deia.eus\/anasagasti\/wp-json\/wp\/v2\/posts"}],"about":[{"href":"https:\/\/blogs.deia.eus\/anasagasti\/wp-json\/wp\/v2\/types\/post"}],"author":[{"embeddable":true,"href":"https:\/\/blogs.deia.eus\/anasagasti\/wp-json\/wp\/v2\/users\/19"}],"replies":[{"embeddable":true,"href":"https:\/\/blogs.deia.eus\/anasagasti\/wp-json\/wp\/v2\/comments?post=21376"}],"version-history":[{"count":1,"href":"https:\/\/blogs.deia.eus\/anasagasti\/wp-json\/wp\/v2\/posts\/21376\/revisions"}],"predecessor-version":[{"id":21378,"href":"https:\/\/blogs.deia.eus\/anasagasti\/wp-json\/wp\/v2\/posts\/21376\/revisions\/21378"}],"wp:attachment":[{"href":"https:\/\/blogs.deia.eus\/anasagasti\/wp-json\/wp\/v2\/media?parent=21376"}],"wp:term":[{"taxonomy":"category","embeddable":true,"href":"https:\/\/blogs.deia.eus\/anasagasti\/wp-json\/wp\/v2\/categories?post=21376"},{"taxonomy":"post_tag","embeddable":true,"href":"https:\/\/blogs.deia.eus\/anasagasti\/wp-json\/wp\/v2\/tags?post=21376"}],"curies":[{"name":"wp","href":"https:\/\/api.w.org\/{rel}","templated":true}]}}