{"id":21383,"date":"2026-02-08T09:07:38","date_gmt":"2026-02-08T07:07:38","guid":{"rendered":"https:\/\/blogs.deia.eus\/anasagasti\/?p=21383"},"modified":"2026-02-08T09:10:01","modified_gmt":"2026-02-08T07:10:01","slug":"el-indeseable-zapatero","status":"publish","type":"post","link":"https:\/\/blogs.deia.eus\/anasagasti\/2026\/02\/08\/el-indeseable-zapatero\/","title":{"rendered":"EL INDESEABLE ZAPATERO"},"content":{"rendered":"\n<p><strong>Domingo 8 de febrero de 2026<\/strong><\/p>\n\n\n<div class=\"wp-block-image\">\n<figure class=\"aligncenter size-large\"><a href=\"https:\/\/blogs.deia.eus\/anasagasti\/files\/2026\/02\/el-indeseable-zapatero.jpg\"><img loading=\"lazy\" decoding=\"async\" width=\"940\" height=\"627\" src=\"https:\/\/blogs.deia.eus\/anasagasti\/files\/2026\/02\/el-indeseable-zapatero-940x627.jpg\" alt=\"\" class=\"wp-image-21384\" srcset=\"https:\/\/blogs.deia.eus\/anasagasti\/files\/2026\/02\/el-indeseable-zapatero-940x627.jpg 940w, https:\/\/blogs.deia.eus\/anasagasti\/files\/2026\/02\/el-indeseable-zapatero-580x387.jpg 580w, https:\/\/blogs.deia.eus\/anasagasti\/files\/2026\/02\/el-indeseable-zapatero-768x512.jpg 768w, https:\/\/blogs.deia.eus\/anasagasti\/files\/2026\/02\/el-indeseable-zapatero.jpg 1317w\" sizes=\"auto, (max-width: 940px) 100vw, 940px\" \/><\/a><\/figure>\n<\/div>\n\n\n<p>Conoc\u00ed a Rodr\u00edguez Zapatero en&nbsp; la constituci\u00f3n del Congreso en 1986. Era uno de los diputados m\u00e1s j\u00f3venes. Ven\u00eda de Le\u00f3n que era el no va m\u00e1s y dec\u00eda que cuando dejara Madrid, volver\u00eda a su querido Le\u00f3n. Ya, ya. Vive en su chalet de Madrid en la zona m\u00e1s exclusiva. Y es que casi todo en \u00e9l, es falso o por lo menos con un doble discurso.<\/p>\n\n\n\n<p>Posteriormente he tenido relaci\u00f3n y contacto pol\u00edtico al ser elegido secretario general del PSOE tras Almunia pero esta relaci\u00f3n se rompi\u00f3 cuando siendo presidente nombr\u00f3 embajador de Espa\u00f1a en Venezuela a Ra\u00fal Morodo, un aut\u00e9ntico corrupto que fue quien le abri\u00f3 camino para, ya como ex presidente, presentarse como mediador.<\/p>\n\n\n\n<p>Su arrogancia y sordera manifiesta no quiso oir lo que le dec\u00edamos de quien era Hugo Ch\u00e1vez, el militar golpista y Nicol\u00e1s Maduro, un tipo sin entra\u00f1as a pesar de histrionismo. Cuando solo una de las partes, la doliente y la democr\u00e1tica, no le ha aceptado nunca, por algo ser\u00e1.<\/p>\n\n\n\n<p>Zapatero ha sido el gran blanqueador de la dictadura chavista. Y quien lo niegue desconoce la realidad venezolana. Uno es mediador solo cuando le aceptan las dos partes, no solo una de ellas y si adem\u00e1s te pagan con dineros mal habido y te consiguen trabajo para tus hijas, pues blanco y en botellas, Zapatero es un aut\u00e9ntico indeseable.<\/p>\n\n\n\n<p>No solo lo digo yo. Hablen ustedes con los venezolanos, y los hay muchos en Euzkadi, con los miles, millones de venezolanos emigrados, represaliados, torturados y vejados de una asquerosa dictadura a los que Zapatero no ha ayudado NUNCA. Hoy es el d\u00eda en el que no ha reconocido el fraude electoral de las elecciones de julio 2024 y hoy es el d\u00eda en el que no ha felicitado a Mar\u00eda Corina Machado por su Premio Nobel de la Paz y, sin embargo, ha corrido a sacarse una fotograf\u00eda con Delcy Rodr\u00edguez en el Palacio de Miraflores de Caracas para seguir chupando del bote y tratar de aunar la nueva situaci\u00f3n creada por Trump con &nbsp;su miserable gesti\u00f3n personal.<\/p>\n\n\n\n<p>He recibido cientos de correos en relaci\u00f3n con el POST de ayer y he aqu\u00ed algunas de las claves.<\/p>\n\n\n\n<p><strong>Ex Presidente del Congreso de Venezuela<\/strong>: Me dicen que Zapatero pretende influir para la designaci\u00f3n de Rodr\u00edguez Torres en el Ministerio de Defensa. La situaci\u00f3n que encontrar\u00e1 es la del chavismo. madurismo en disoluci\u00f3n, con no pocos enfrentamientos internos. La detenci\u00f3n de Alex Saab y Ra\u00fal Gorrin, dos testaferros de Maduro, ha desatado todas las alarmas&nbsp; entre los corruptos, altos, medios y bajos. Zapatero es un indeseable que ha hecho mucho da\u00f1o a Venezuela. Tiene fuertes e &nbsp;interesados nexos en los que aun mandan y en la falsa oposici\u00f3n.<\/p>\n\n\n\n<p><strong>Bermeano, desde Ocumare<\/strong>: En Venezuela ahora jugar\u00e1n a dividir y fragmentar a la oposici\u00f3n. Zapatero trabajar\u00e1 en eso. De hecho para eso se ha apresurado a viajar a Venezuela. El problema es la cantidad de imb\u00e9ciles sueltos que no ven la evidencia.<\/p>\n\n\n\n<p><strong>Profesor de Ciencias Pol\u00edticas<\/strong>: Zapatero es una figura nefasta. \u00a1Es un falso mediador con una clara preferencia por una de las partes!. En especial por los hermanos Delcy y Jorge Rodr\u00edguez a quienes conozco y mucho. \u00c9ramos grandes amigos antes de que se transformaran en lo que son hoy!. \u00bfAlguien en Europa tolerar\u00eda que quien informa de la liberaci\u00f3n de los presos sea el presidente de una &nbsp;Asamblea fraudulenta?.<\/p>\n\n\n\n<p><strong>Belkys Coronel:<\/strong><strong> <\/strong>Zapatero no ha ayudado a liberar ning\u00fan preso en Venezuela, aqu\u00ed los cambios que se est\u00e1n dando son a partir del \u00a03 de Enero 2026 tras la intervenci\u00f3n de Trump, no por nada que haya hecho Zapatero, salvo ayudar a la dictadura. \u00bfMaduro un presidente?. \u00a0Aqu\u00ed en Venezuela sabemos que todav\u00eda el CNE (Consejo Nacional Electoral) no ha mostrado una sola acta como lo establece la ley org\u00e1nica de procesos electorales.<\/p>\n\n\n\n<p><strong>I\u00f1aki Ir Te: <\/strong>Que Zapatero haya participado en gestiones que han acabado en pocas &nbsp;liberaciones no convierte su intermediaci\u00f3n en \u201cbeneficiosa\u201d en t\u00e9rminos pol\u00edticos. Liberar presos es positivo, s\u00ed, pero no borra que esa estrategia haya servido muchas veces para blanquear, dar ox\u00edgeno y ganar tiempo a un r\u00e9gimen que sigue siendo ileg\u00edtimo y represivo.<\/p>\n\n\n\n<p>Adem\u00e1s, esas liberaciones no son m\u00e9rito exclusivo de Zapatero: han dependido de presi\u00f3n internacional, c\u00e1lculos internos del r\u00e9gimen y negociaciones multilaterales. Pero sobre todo, en las \u00faltimas semanas, del \u201cGobierno por delegaci\u00f3n\u201d de la administraci\u00f3n estadounidense.<\/p>\n\n\n\n<p>Y ojo con el argumento de \u201cuno secuestra a Maduro\u201d: Maduro no es una v\u00edctima, es el responsable directo de un sistema que ha encarcelado, perseguido y expulsado a millones de venezolanos.<\/p>\n\n\n\n<p>Criticar a Trump o a cualquiera por injerencias puede ser leg\u00edtimo, pero eso no obliga a aplaudir a Zapatero por un papel que, para muchos venezolanos, ha debilitado la causa democr\u00e1tica.<\/p>\n\n\n\n<p>En resumen: un s\u00ed m\u00e1s que dudoso a su intervenci\u00f3n para la liberaci\u00f3n de presos, pero un No rotundo al blanqueamiento del r\u00e9gimen y a vender como \u00e9xito una mediaci\u00f3n que no ha cambiado nada esencial.<\/p>\n<!-- AddThis Advanced Settings generic via filter on the_content --><!-- AddThis Share Buttons generic via filter on the_content -->","protected":false},"excerpt":{"rendered":"<p>Domingo 8 de febrero de 2026 Conoc\u00ed a Rodr\u00edguez Zapatero en&nbsp; la constituci\u00f3n del Congreso en 1986. Era uno de los diputados m\u00e1s j\u00f3venes. Ven\u00eda de Le\u00f3n que era el no va m\u00e1s y dec\u00eda que cuando dejara Madrid, volver\u00eda a su querido Le\u00f3n. Ya, ya. Vive en su chalet de Madrid en la zona &hellip; <a href=\"https:\/\/blogs.deia.eus\/anasagasti\/2026\/02\/08\/el-indeseable-zapatero\/\" class=\"more-link\">Sigue leyendo <span class=\"screen-reader-text\">EL INDESEABLE ZAPATERO<\/span><\/a><!-- AddThis Advanced Settings generic via filter on get_the_excerpt --><!-- AddThis Share Buttons generic via filter on get_the_excerpt --><\/p>\n","protected":false},"author":19,"featured_media":0,"comment_status":"open","ping_status":"open","sticky":false,"template":"","format":"standard","meta":{"footnotes":""},"categories":[1],"tags":[],"class_list":["post-21383","post","type-post","status-publish","format-standard","hentry","category-general"],"_links":{"self":[{"href":"https:\/\/blogs.deia.eus\/anasagasti\/wp-json\/wp\/v2\/posts\/21383","targetHints":{"allow":["GET"]}}],"collection":[{"href":"https:\/\/blogs.deia.eus\/anasagasti\/wp-json\/wp\/v2\/posts"}],"about":[{"href":"https:\/\/blogs.deia.eus\/anasagasti\/wp-json\/wp\/v2\/types\/post"}],"author":[{"embeddable":true,"href":"https:\/\/blogs.deia.eus\/anasagasti\/wp-json\/wp\/v2\/users\/19"}],"replies":[{"embeddable":true,"href":"https:\/\/blogs.deia.eus\/anasagasti\/wp-json\/wp\/v2\/comments?post=21383"}],"version-history":[{"count":2,"href":"https:\/\/blogs.deia.eus\/anasagasti\/wp-json\/wp\/v2\/posts\/21383\/revisions"}],"predecessor-version":[{"id":21386,"href":"https:\/\/blogs.deia.eus\/anasagasti\/wp-json\/wp\/v2\/posts\/21383\/revisions\/21386"}],"wp:attachment":[{"href":"https:\/\/blogs.deia.eus\/anasagasti\/wp-json\/wp\/v2\/media?parent=21383"}],"wp:term":[{"taxonomy":"category","embeddable":true,"href":"https:\/\/blogs.deia.eus\/anasagasti\/wp-json\/wp\/v2\/categories?post=21383"},{"taxonomy":"post_tag","embeddable":true,"href":"https:\/\/blogs.deia.eus\/anasagasti\/wp-json\/wp\/v2\/tags?post=21383"}],"curies":[{"name":"wp","href":"https:\/\/api.w.org\/{rel}","templated":true}]}}