{"id":21390,"date":"2026-02-10T09:17:05","date_gmt":"2026-02-10T07:17:05","guid":{"rendered":"https:\/\/blogs.deia.eus\/anasagasti\/?p=21390"},"modified":"2026-02-10T09:17:05","modified_gmt":"2026-02-10T07:17:05","slug":"la-despedida-de-carlos-hernandez","status":"publish","type":"post","link":"https:\/\/blogs.deia.eus\/anasagasti\/2026\/02\/10\/la-despedida-de-carlos-hernandez\/","title":{"rendered":"LA DESPEDIDA DE CARLOS HERNANDEZ."},"content":{"rendered":"\n<p><strong>Martes 10 de febrero de 2026<\/strong><\/p>\n\n\n<div class=\"wp-block-image\">\n<figure class=\"aligncenter size-large\"><a href=\"https:\/\/blogs.deia.eus\/anasagasti\/files\/2026\/02\/Carlos-Hernandez.jpg\"><img loading=\"lazy\" decoding=\"async\" width=\"940\" height=\"529\" src=\"https:\/\/blogs.deia.eus\/anasagasti\/files\/2026\/02\/Carlos-Hernandez-940x529.jpg\" alt=\"\" class=\"wp-image-21391\" srcset=\"https:\/\/blogs.deia.eus\/anasagasti\/files\/2026\/02\/Carlos-Hernandez-940x529.jpg 940w, https:\/\/blogs.deia.eus\/anasagasti\/files\/2026\/02\/Carlos-Hernandez-580x326.jpg 580w, https:\/\/blogs.deia.eus\/anasagasti\/files\/2026\/02\/Carlos-Hernandez-768x432.jpg 768w, https:\/\/blogs.deia.eus\/anasagasti\/files\/2026\/02\/Carlos-Hernandez.jpg 1200w\" sizes=\"auto, (max-width: 940px) 100vw, 940px\" \/><\/a><\/figure>\n<\/div>\n\n\n<p>Conoc\u00ed en pasillos del Congreso a Carlos Hern\u00e1ndez fallecido el 2 de febrero a los 56 a\u00f1os. Era el corresponsal parlamentario de A3 en 1990. Y tuve de \u00e9l siempre un gran concepto. Discreto, respetuoso, trabajador, curioso por la historia y reivindicador de las v\u00edctimas de la guerra. Natural de Huesca, recibi\u00f3 varios premios por su labor period\u00edstica y public\u00f3 varios libros relacionados con los represaliados de la dictadura franquista. Fue corresponsal de guerra y director de documentales.<\/p>\n\n\n\n<p>Estando en Bagdad junto a otros miembros de la prensa internacional, el camar\u00f3grafo y reportero Jos\u00e9 Couso que &nbsp;asimismo&nbsp; trabajaba por encargo con ETB, muri\u00f3 a causa del ataque del ej\u00e9rcito estadounidense al Hotel Palestina. Desde ese momento, junto&nbsp; varios periodistas, Carlos se implic\u00f3 por conseguir justicia para Couso y que se persiguiera a los responsables&nbsp; de su muerte.<\/p>\n\n\n\n<p>Como digo, tuve mucha relaci\u00f3n con \u00e9l aquellos a\u00f1os y he sentido que el c\u00e1ncer se lo llevara, no sin antes despedirse con una &nbsp;impresionante carta que demuestra su val\u00eda e &nbsp;integridad.<\/p>\n\n\n\n<p>Escribi\u00f3 as\u00ed:<\/p>\n\n\n\n<p><em>\u201cQuerido lector, querida lectora. Te confieso que, por primera vez desde que soy periodista, desear\u00eda que no estuvieras leyendo mi art\u00edculo. Estoy seguro de que entiendes el motivo: si lo est\u00e1s haciendo es que ya no ando por este mundo\u2026 ni por ning\u00fan otro. Me he muerto. \u00a1Joder!, qu\u00e9 fuerte resulta escribir esto, pero es as\u00ed. Me he muerto y no quiero marcharme sin despedirme y compartir unas \u00faltimas reflexiones con vosotr@s.<\/em><\/p>\n\n\n\n<p><em>He sido una persona muy afortunada. Lo fui desde que nac\u00ed, porque lo hice en un pa\u00eds europeo que, aunque a\u00fan estaba sometido al yugo franquista, muy pronto comenz\u00f3 a progresar econ\u00f3mica, social y pol\u00edticamente hasta convertirse en una naci\u00f3n del primer mundo. El azar y solo el azar hizo que mi destino fuera infinitamente m\u00e1s c\u00f3modo y f\u00e1cil que el de cientos de millones de ni\u00f1os y ni\u00f1as que ven la primera luz en regiones azotadas por el hambre, la pobreza y la guerra. En este momento tan duro por el que estoy pasando, creo que no tengo derecho a quejarme ni a lamentarme. \u00bfC\u00f3mo voy a victimizarme conociendo estas desigualdades e injusticias hist\u00f3ricas? \u00bfC\u00f3mo puedo lamentar mi suerte viendo lo que est\u00e1 ocurriendo, ahora mismo, en \u00c1frica, Afganist\u00e1n, Ucrania, Yemen, Ir\u00e1n o Gaza? Gaza, Cisjordania\u2026 Palestina\u2026 No te lo puedo asegurar porque no s\u00e9 qu\u00e9 ocurrir\u00e1, pero creo que mi \u00faltimo pensamiento, la \u00faltima imagen que pasar\u00e1 por mi cerebro antes de apagarse ser\u00e1 la de los ni\u00f1os masacrados en Gaza y la de los palestinos supervivientes afrontando un terrible futuro. Lo que s\u00ed s\u00e9 es que me ir\u00e9 sin comprender las razones por las que la comunidad internacional ha decidido permanecer impasible mientras Israel perpetra un genocidio delante de sus narices\u2026 transmitido en directo, minuto a minuto, masacre a masacre.<\/em><\/p>\n\n\n\n<p><em>He sido una persona muy afortunada porque mis padres y mi hermano me educaron para ser libre y tener una mentalidad cr\u00edtica. Crecer en una familia humilde, en un barrio obrero de Madrid, me inculc\u00f3 unos valores que me marcaron para siempre. Unos valores que se vieron mejorados y reforzados gracias a la personalidad, fortaleza, inteligencia y bondad de mi eterna compa\u00f1era de vida. Decid\u00ed ser periodista porque realmente cre\u00eda que informando con rigor y honestidad se pod\u00eda mejorar este mundo. Lo cre\u00eda y lo sigo creyendo. Soy consciente de que en mi carrera profesional he cometido errores, he tragado con algunas cosas (creo que pocas) que deber\u00eda haber rechazado y que no he sido, ni mucho menos, un periodista perfecto. Pese a ello, miro hacia atr\u00e1s y lo que veo no me disgusta. Puedo decir que nunca, nunca he mentido ni he manipulado ni he ocultado informaci\u00f3n. Siempre que he informado, ya fuera desde Madrid, Bilbao, Sevilla, Kabul, Jerusal\u00e9n o Bagdad, he intentado ser cr\u00edtico con el poder, he intentado contar lo que pasaba y he intentado dar voz a quienes no la ten\u00edan. Voz a las v\u00edctimas, cr\u00edtica para los verdugos. Sin equidistancias. Sin ambig\u00fcedades. Por ello, estoy especialmente orgulloso de no haber ascendido todo lo que habr\u00eda podido ascender e incluso de haber sido despedido por intentar ser fiel a mis principios. De veteranos colegas de profesi\u00f3n aprend\u00ed las, que yo considero, dos m\u00e1ximas del periodismo:<\/em><\/p>\n\n\n\n<p><em>1.- Objetividad no es sin\u00f3nimo de neutralidad. Contar la realidad con objetividad te obliga, casi siempre, a no ser neutral. Si hay un agresor y un agredido, un mentiroso y un honesto, un corrupto y un honrado, tu misi\u00f3n es describir esa situaci\u00f3n con claridad y contundencia. Harto estoy de quienes creen que ser periodista es contar, sin filtros, la versi\u00f3n de ambas partes, sin plantearse la veracidad de las mismas o, lo que es peor y m\u00e1s frecuente, sabiendo que una de ellas es incierta.&nbsp;<\/em><\/p>\n\n\n\n<p><em>2.- Para ser buen periodista es imprescindible ser una buena persona.<\/em><\/p>\n\n\n\n<p><em>Yo siempre a\u00f1ado una tercera m\u00e1xima. El periodismo no es una profesi\u00f3n m\u00e1s. De nuestro trabajo depende que la sociedad pueda ejercer su derecho a estar bien informada. De nuestro trabajo, aunque no solo de \u00e9l, depende la libertad, la igualdad y la democracia. Por eso no caben excusas para mentir u ocultar. En caso de hacerlo se nos deber\u00edan exigir responsabilidades profesionales e incluso penales. Deber\u00edamos ser como los jueces (l\u00e9ase \u201ccomo deber\u00edan ser los jueces\u201d), a los que se les puede imputar y castigar por prevaricaci\u00f3n, pero, para ello, tambi\u00e9n tendr\u00edamos que tener unas condiciones de estabilidad y dignidad laboral acordes a nuestra responsabilidad. En cualquier caso y por muy precaria que sea su situaci\u00f3n, aqu\u00ed va mi \u00faltimo consejo a mis colegas, especialmente a los m\u00e1s j\u00f3venes: no toler\u00e9is la manipulaci\u00f3n, no os autocensur\u00e9is, no os refugi\u00e9is bajo la excusa del miedo a perder el trabajo\u2026 luchad el enfoque de cada noticia. Sed objetivos, no neutrales. Sed buenos periodistas siendo buenas personas.<\/em><\/p>\n\n\n\n<p><em>Son muchos los periodistas que act\u00faan as\u00ed, contra viento y marea. Tengo el privilegio de que algunos de ellos y de ellas sean, adem\u00e1s, amigos. A todos y todas os mando un enorme abrazo y, sobre todo, os doy las gracias por ser como sois. No cambi\u00e9is nunca. Merece la pena.&nbsp;<\/em><\/p>\n\n\n\n<p><em>Al resto, a los mercenarios de la informaci\u00f3n, solo os lanzo dos preguntas: \u00bfOs compensa el dinero y\/o la fama que gan\u00e1is a cambio del da\u00f1o que provoc\u00e1is? \u00bfPod\u00e9is dormir tranquilos despu\u00e9s de hacer lo que hac\u00e9is? Nunca es tarde para hacer lo correcto.<\/em><\/p>\n\n\n\n<p><em>He sido afortunado porque he conocido la pol\u00edtica desde dentro y desde fuera. He visto miserias, egos desorbitados y sectarismo, pero tambi\u00e9n grandeza. Si algo aprend\u00ed en mi vida es que \u00a1no!, no todos los pol\u00edticos son iguales. Hay hombres y mujeres que, realmente, creen que su misi\u00f3n es mejorar la calidad de vida de los ciudadanos y ciudadanas que les votaron y que no les votaron. Para ellos, estar en pol\u00edtica no es ning\u00fan chollo: estar expuesto permanentemente al foco medi\u00e1tico, a los insultos, al escrutinio de cada uno de sus actos, al acoso a sus familias\u2026 Casi todos podr\u00edan ganar m\u00e1s dinero en la empresa privada sin tener que soportar ese desorbitado precio personal que les supone el cargo.&nbsp;<\/em><\/p>\n\n\n\n<p><em>Es obvio que hay tambi\u00e9n otros pol\u00edticos, demasiados, movidos por intereses mucho m\u00e1s espurios como la corrupci\u00f3n y el ansia infinita de poder. Hay que luchar contra ellos, cambiar innumerables cosas y mejorar todo el sistema, pero hay que hacerlo desde la propia pol\u00edtica. Hay que hacerlo desde la pol\u00edtica porque todo en la vida es pol\u00edtica o est\u00e1 condicionado por ella. Cuidado, por tanto, con quienes arremeten contra ella, contra los partidos, los sindicatos y la democracia. La alternativa a la democracia es la dictadura, aunque la bauticen con cualquier atractivo eufemismo. La alternativa a los partidos y a los sindicatos es el partido \u00fanico y el sindicato vertical. Hay mucho, much\u00edsimo que mejorar, pero el camino no es el que nos muestra la extrema derecha mundial.<\/em><\/p>\n\n\n\n<p><em>He sido afortunado por dedicar la \u00faltima etapa de mi vida profesional a investigar y difundir la historia reciente de nuestro pa\u00eds. Conocer a supervivientes de los campos de concentraci\u00f3n nazis y de los campos de concentraci\u00f3n franquistas, as\u00ed como a sus familiares, ha sido uno de los mejores regalos que me ha dado la vida. Las v\u00edctimas del nazismo y de otras dictaduras no dejaron de repetir que el fascismo no hab\u00eda muerto, que segu\u00eda agazapado esperando el momento de resurgir. Por eso era, es y ser\u00e1 tan importante conocer la Historia. Mirar atr\u00e1s es la mejor forma de afrontar el presente, no repetir errores y estar preparado para las amenazas futuras. Mirar atr\u00e1s te demuestra que la libertad, la vida y la democracia nunca est\u00e1n garantizadas y, por tanto, debemos luchar, cada d\u00eda, por preservarlas. De alguna manera, ese convencimiento es el que me llev\u00f3 a escribir la que ser\u00e1 mi \u00fanica novela. En ella intento advertir de lo que se os viene encima si no lo remedi\u00e1is. Aunque se public\u00f3 recientemente, la pens\u00e9 y redact\u00e9 cuando Trump a\u00fan no hab\u00eda ganado las elecciones y yo cre\u00eda tener una larga vida por delante. Repas\u00e1ndola ahora, me suena a testamento del que no tocar\u00eda ni una coma. Por favor, por vuestro bien, creed a Anne Watts.<\/em><\/p>\n\n\n\n<p><em>Termino ya. Una persona joven, muy querida, que era consciente de que su final pod\u00eda llegar en cualquier momento, me dijo: \u201cLa vida es un privilegio\u201d. Entonces no supe valorar sus palabras. Querido lector, lectora: exprime la vida, s\u00e9 feliz, valora lo que de verdad importa, huye de lo t\u00f3xico y practica la empat\u00eda\u2026 mucha empat\u00eda.&nbsp;<\/em><\/p>\n\n\n\n<p><em>Me voy dando las gracias a todo el personal de la sanidad p\u00fablica espa\u00f1ola que personifico en la que ha sido mi onc\u00f3loga hasta el final, una persona admirable y una profesional inmensa, la doctora Ver\u00f3nica Calderero. Gracias a todos y todas por el trato y la atenci\u00f3n exquisita que me hab\u00e9is dado. Me concedisteis una pr\u00f3rroga que he aprovechado al m\u00e1ximo. Gracias tambi\u00e9n a los cient\u00edficos que trabajan para mejorar y alargar nuestra existencia. Gracias, en general, a lo que llamamos \u201clo p\u00fablico\u201d. La sanidad, la educaci\u00f3n y el resto de servicios p\u00fablicos marcan la diferencia entre una sociedad justa e igualitaria y una masa de individuos gobernados por la ley de la selva.<\/em><\/p>\n\n\n\n<p><em>Me gustar\u00eda concluir este art\u00edculo diciendo que voy a reunirme con Jos\u00e9 Couso, con Ricardo Ortega, con Mayka, con Jes\u00fas Mart\u00edn, con Ram\u00f3n Lobo, con Bel\u00e9n Miguel, con Paloma y con tantos amigos, amigas y familiares que he perdido en estos a\u00f1os. Me gustar\u00eda decirlo, pero no creo en ning\u00fan dios. Mientras escribo estas \u00faltimas l\u00edneas soy consciente de que solo tengo por delante un fundido a negro. Un fundido a negro que, parad\u00f3jicamente, es el que le da sentido a nuestra existencia.\u201d<\/em><\/p>\n<!-- AddThis Advanced Settings generic via filter on the_content --><!-- AddThis Share Buttons generic via filter on the_content -->","protected":false},"excerpt":{"rendered":"<p>Martes 10 de febrero de 2026 Conoc\u00ed en pasillos del Congreso a Carlos Hern\u00e1ndez fallecido el 2 de febrero a los 56 a\u00f1os. Era el corresponsal parlamentario de A3 en 1990. Y tuve de \u00e9l siempre un gran concepto. Discreto, respetuoso, trabajador, curioso por la historia y reivindicador de las v\u00edctimas de la guerra. Natural &hellip; <a href=\"https:\/\/blogs.deia.eus\/anasagasti\/2026\/02\/10\/la-despedida-de-carlos-hernandez\/\" class=\"more-link\">Sigue leyendo <span class=\"screen-reader-text\">LA DESPEDIDA DE CARLOS HERNANDEZ.<\/span><\/a><!-- AddThis Advanced Settings generic via filter on get_the_excerpt --><!-- AddThis Share Buttons generic via filter on get_the_excerpt --><\/p>\n","protected":false},"author":19,"featured_media":0,"comment_status":"open","ping_status":"open","sticky":false,"template":"","format":"standard","meta":{"footnotes":""},"categories":[1],"tags":[],"class_list":["post-21390","post","type-post","status-publish","format-standard","hentry","category-general"],"_links":{"self":[{"href":"https:\/\/blogs.deia.eus\/anasagasti\/wp-json\/wp\/v2\/posts\/21390","targetHints":{"allow":["GET"]}}],"collection":[{"href":"https:\/\/blogs.deia.eus\/anasagasti\/wp-json\/wp\/v2\/posts"}],"about":[{"href":"https:\/\/blogs.deia.eus\/anasagasti\/wp-json\/wp\/v2\/types\/post"}],"author":[{"embeddable":true,"href":"https:\/\/blogs.deia.eus\/anasagasti\/wp-json\/wp\/v2\/users\/19"}],"replies":[{"embeddable":true,"href":"https:\/\/blogs.deia.eus\/anasagasti\/wp-json\/wp\/v2\/comments?post=21390"}],"version-history":[{"count":1,"href":"https:\/\/blogs.deia.eus\/anasagasti\/wp-json\/wp\/v2\/posts\/21390\/revisions"}],"predecessor-version":[{"id":21392,"href":"https:\/\/blogs.deia.eus\/anasagasti\/wp-json\/wp\/v2\/posts\/21390\/revisions\/21392"}],"wp:attachment":[{"href":"https:\/\/blogs.deia.eus\/anasagasti\/wp-json\/wp\/v2\/media?parent=21390"}],"wp:term":[{"taxonomy":"category","embeddable":true,"href":"https:\/\/blogs.deia.eus\/anasagasti\/wp-json\/wp\/v2\/categories?post=21390"},{"taxonomy":"post_tag","embeddable":true,"href":"https:\/\/blogs.deia.eus\/anasagasti\/wp-json\/wp\/v2\/tags?post=21390"}],"curies":[{"name":"wp","href":"https:\/\/api.w.org\/{rel}","templated":true}]}}