{"id":21396,"date":"2026-02-12T09:15:15","date_gmt":"2026-02-12T07:15:15","guid":{"rendered":"https:\/\/blogs.deia.eus\/anasagasti\/?p=21396"},"modified":"2026-02-12T09:15:16","modified_gmt":"2026-02-12T07:15:16","slug":"adams-y-bilbao-laxalt-cenarrusa-y-la-ikurrina-en-boise","status":"publish","type":"post","link":"https:\/\/blogs.deia.eus\/anasagasti\/2026\/02\/12\/adams-y-bilbao-laxalt-cenarrusa-y-la-ikurrina-en-boise\/","title":{"rendered":"ADAMS Y BILBAO. LAXALT, CENARRUSA Y LA IKURRI\u00d1A EN BOISE."},"content":{"rendered":"\n<p><strong>Jueves 12 de febrero de 2026<\/strong><\/p>\n\n\n<div class=\"wp-block-image\">\n<figure class=\"aligncenter size-full\"><a href=\"https:\/\/blogs.deia.eus\/anasagasti\/files\/2026\/02\/Adams-en-Bilbao.jpg\"><img loading=\"lazy\" decoding=\"async\" width=\"319\" height=\"471\" src=\"https:\/\/blogs.deia.eus\/anasagasti\/files\/2026\/02\/Adams-en-Bilbao.jpg\" alt=\"\" class=\"wp-image-21397\" \/><\/a><\/figure>\n<\/div>\n\n\n<p>No s\u00e9 lo que pensar\u00edan los republicanos hermanos Paul y Robert Laxalt, jefes de la campa\u00f1a electoral de Reagan e hijos de pastor vasco as\u00ed como Pete Cenarrusa, de padres de Gernika y Secretario de estado de Idaho, as\u00ed como combatiente en la segunda guerra mundial, de la iniciativa del republicano Ted Hill de impedir que la ikurri\u00f1a ondee en\u00a0 lugares oficiales al no ser bandera de un estado naci\u00f3n.<\/p>\n\n\n\n<p>Previamente hab\u00eda dicho que era una bandera ilegal y poco menos que la ense\u00f1a de ETA. En esto de la historia los estadounidenses no son muy finos. Y eso que en verano tuvo lugar el Jaialdi con nutrid\u00edsima presencia institucional vasca. No se debieron enterar&#8230;Y menos los seguidores de Trump.<\/p>\n\n\n\n<p>He escuchado la intervenci\u00f3n de la vasca-estadounidense Gloria Totoricaguenaga record\u00e1ndole al inculto Ted Hill quien fue el segundo presidente de los Estados Unidos John Adams y de c\u00f3mo recal\u00f3 en Bilbao. Muy buen intervenci\u00f3n.<\/p>\n\n\n\n<p>Frente a la Diputaci\u00f3n de Bizkaia hay un busto del presidente Adams, que seguramente muchos vascos no tienen idea de quien fue, pero todos los a\u00f1os los pocos estadounidenses que viven por aqu\u00ed le ponen su ramo de flores.<\/p>\n\n\n\n<p>Y conviene un apunte&nbsp; sobre su historia.<\/p>\n\n\n\n<p>John Adams, segundo presidente de EE. UU. y Padre Fundador, visit\u00f3 Bilbao en enero de 1780, quedando impresionado por el sistema foral vizca\u00edno, al que describi\u00f3 positivamente en sus escritos. Para conmemorar esta visita, en 2011 se instal\u00f3 un busto en su honor en la calle Diputaci\u00f3n (Gran V\u00eda), obra de la escultora Lurdes Umerez.&nbsp;<\/p>\n\n\n\n<ul class=\"wp-block-list\">\n<li>Adams viaj\u00f3 a Bilbao durante la Guerra de Independencia de EE. UU. para buscar apoyo de Espa\u00f1a y se entrevist\u00f3 con el comerciante bilba\u00edno Diego de Gardoqui.<\/li>\n\n\n\n<li>\u00a0Durante su estancia en la posada de San Nicol\u00e1s, mostr\u00f3 gran inter\u00e9s por el sistema foral \u00a0vasco y la autonom\u00eda bizkaina, compar\u00e1ndola con la democracia en Connecticut.<\/li>\n\n\n\n<li>\u00a0En su libro\u00a0<em>A Defence of the Constitutions of Government of the United States of America<\/em>\u00a0(1787), elogi\u00f3 a los bizkainos por preservar sus leyes y costumbres.<\/li>\n\n\n\n<li>El busto de bronce, instalado en 2011 frente a \u00a0la Diputaci\u00f3n Foral, incluye una placa triling\u00fce con sus palabras de admiraci\u00f3n por Bizkaia.\u00a0<\/li>\n<\/ul>\n\n\n\n<p>La relaci\u00f3n entre John Adams y Bilbao destaca la conexi\u00f3n hist\u00f3rica entre el Pa\u00eds Vasco y la Revoluci\u00f3n Americana, sin que nos olvidemos de Diego Gardoqui, primer embajador de Espa\u00f1a&nbsp; en Washington.<\/p>\n\n\n\n<p>Este tipo de historia le importa un pito al senador Ted Hill, pero me imagino dejar\u00e1 no solo amargura sino cabreo contra estos republicanos tan primarios a cuenta de su Mega.<\/p>\n<!-- AddThis Advanced Settings generic via filter on the_content --><!-- AddThis Share Buttons generic via filter on the_content -->","protected":false},"excerpt":{"rendered":"<p>Jueves 12 de febrero de 2026 No s\u00e9 lo que pensar\u00edan los republicanos hermanos Paul y Robert Laxalt, jefes de la campa\u00f1a electoral de Reagan e hijos de pastor vasco as\u00ed como Pete Cenarrusa, de padres de Gernika y Secretario de estado de Idaho, as\u00ed como combatiente en la segunda guerra mundial, de la iniciativa &hellip; <a href=\"https:\/\/blogs.deia.eus\/anasagasti\/2026\/02\/12\/adams-y-bilbao-laxalt-cenarrusa-y-la-ikurrina-en-boise\/\" class=\"more-link\">Sigue leyendo <span class=\"screen-reader-text\">ADAMS Y BILBAO. LAXALT, CENARRUSA Y LA IKURRI\u00d1A EN BOISE.<\/span><\/a><!-- AddThis Advanced Settings generic via filter on get_the_excerpt --><!-- AddThis Share Buttons generic via filter on get_the_excerpt --><\/p>\n","protected":false},"author":19,"featured_media":0,"comment_status":"open","ping_status":"open","sticky":false,"template":"","format":"standard","meta":{"footnotes":""},"categories":[1],"tags":[],"class_list":["post-21396","post","type-post","status-publish","format-standard","hentry","category-general"],"_links":{"self":[{"href":"https:\/\/blogs.deia.eus\/anasagasti\/wp-json\/wp\/v2\/posts\/21396","targetHints":{"allow":["GET"]}}],"collection":[{"href":"https:\/\/blogs.deia.eus\/anasagasti\/wp-json\/wp\/v2\/posts"}],"about":[{"href":"https:\/\/blogs.deia.eus\/anasagasti\/wp-json\/wp\/v2\/types\/post"}],"author":[{"embeddable":true,"href":"https:\/\/blogs.deia.eus\/anasagasti\/wp-json\/wp\/v2\/users\/19"}],"replies":[{"embeddable":true,"href":"https:\/\/blogs.deia.eus\/anasagasti\/wp-json\/wp\/v2\/comments?post=21396"}],"version-history":[{"count":1,"href":"https:\/\/blogs.deia.eus\/anasagasti\/wp-json\/wp\/v2\/posts\/21396\/revisions"}],"predecessor-version":[{"id":21398,"href":"https:\/\/blogs.deia.eus\/anasagasti\/wp-json\/wp\/v2\/posts\/21396\/revisions\/21398"}],"wp:attachment":[{"href":"https:\/\/blogs.deia.eus\/anasagasti\/wp-json\/wp\/v2\/media?parent=21396"}],"wp:term":[{"taxonomy":"category","embeddable":true,"href":"https:\/\/blogs.deia.eus\/anasagasti\/wp-json\/wp\/v2\/categories?post=21396"},{"taxonomy":"post_tag","embeddable":true,"href":"https:\/\/blogs.deia.eus\/anasagasti\/wp-json\/wp\/v2\/tags?post=21396"}],"curies":[{"name":"wp","href":"https:\/\/api.w.org\/{rel}","templated":true}]}}