{"id":21399,"date":"2026-02-13T09:06:55","date_gmt":"2026-02-13T07:06:55","guid":{"rendered":"https:\/\/blogs.deia.eus\/anasagasti\/?p=21399"},"modified":"2026-02-13T09:06:55","modified_gmt":"2026-02-13T07:06:55","slug":"mas-sospechas-sobre-zapatero","status":"publish","type":"post","link":"https:\/\/blogs.deia.eus\/anasagasti\/2026\/02\/13\/mas-sospechas-sobre-zapatero\/","title":{"rendered":"M\u00c1S SOSPECHAS SOBRE ZAPATERO"},"content":{"rendered":"\n<p><strong>Viernes 13 de febrero de 2026<\/strong><\/p>\n\n\n<div class=\"wp-block-image\">\n<figure class=\"aligncenter size-full\"><a href=\"https:\/\/blogs.deia.eus\/anasagasti\/files\/2026\/02\/Julio-Martinez-Martinez.jpg\"><img loading=\"lazy\" decoding=\"async\" width=\"346\" height=\"646\" src=\"https:\/\/blogs.deia.eus\/anasagasti\/files\/2026\/02\/Julio-Martinez-Martinez.jpg\" alt=\"\" class=\"wp-image-21400\" \/><\/a><\/figure>\n<\/div>\n\n\n<p>El v\u00ednculo entre la aerol\u00ednea Plus Ultra, el Gobierno de Espa\u00f1a y su ministro t\u00e1cito en asuntos venezolanos se estrecha.<\/p>\n\n\n\n<p>El contrato entre Plus Ultra y&nbsp;<strong>Julio Mart\u00ednez Mart\u00ednez (en la foto)<\/strong>&nbsp;que este \u00faltimo ten\u00eda almacenado en uno de sus ordenadores redobla las sospechas sobre el papel de&nbsp;<strong>Jos\u00e9 Luis Rodr\u00edguez Zapatero<\/strong>&nbsp;en el entorno del controvertido rescate p\u00fablico a la aerol\u00ednea de capital venezolano. En el documento se estipula que, si sus gestiones ten\u00edan \u00e9xito, el amigo del ex presidente recibir\u00eda un 1% del rescate que finalmente aprob\u00f3 el Gobierno &nbsp;de<strong>&nbsp;Pedro S\u00e1nchez&nbsp;<\/strong>por valor de 53 millones de euros durante la pandemia. La cifra es similar al montante que el propio Mart\u00ednez acab\u00f3 cobrando de Plus Ultra y al dinero que \u00e9ste pag\u00f3 a Zapatero. El v\u00ednculo entre la compa\u00f1\u00eda, el Gobierno de Espa\u00f1a y su ministro t\u00e1cito en asuntos venezolanos se estrecha.<\/p>\n\n\n\n<p>Como inform\u00f3 el pasado mi\u00e9rcoles (editorial de El Mundo),&nbsp;<strong>el contrato se encontraba en un ordenador incautado por la UDEF a Julio Mart\u00ednez&nbsp;<\/strong>durante su arresto en diciembre. Tanto Plus Ultra como el propio Mart\u00ednez niegan que se llevase a efecto, pero hay una serie de circunstancias llamativas que solo invitan a la desconfianza.<\/p>\n\n\n\n<p>En primer lugar, el medio mill\u00f3n de euros que Mart\u00ednez cobr\u00f3 de Plus Ultra por supuestas asesor\u00edas coincide con el 1% de los 50 millones que la aerol\u00ednea solicit\u00f3 inicialmente al Gobierno. En segundo lugar, la cifra es curiosamente similar a los 450.000 euros que Zapatero recibi\u00f3 a su vez de Mart\u00ednez, en concreto, desde An\u00e1lisis Relevante,&nbsp;<strong>una empresa sin empleados que le ten\u00eda a \u00e9l como principal receptor de sus gastos<\/strong>.<\/p>\n\n\n\n<p>En tercer lugar, tambi\u00e9n son llamativas las fechas, pues hay una coincidencia temporal entre el inicio de los pagos a Zapatero, el viraje de la posici\u00f3n espa\u00f1ola respecto al r\u00e9gimen de&nbsp;<strong>Nicol\u00e1s Maduro<\/strong>&nbsp;-S\u00e1nchez pas\u00f3 de apoyar a&nbsp;<strong>Juan Guaid\u00f3<\/strong>&nbsp;a ignorarlo- y el posterior rescate de la aerol\u00ednea.<\/p>\n\n\n\n<p>A todo ello se a\u00f1ade que, cuando en 2020 contrat\u00f3 a Mart\u00ednez, Plus Ultra se encontraba te\u00f3ricamente en quiebra, con un agujero de 48 millones en sus cuentas.<\/p>\n\n\n\n<p>Pese a que tanto el entonces ministro&nbsp;<strong>Jos\u00e9 Luis \u00c1balos<\/strong>&nbsp;como el comisionista&nbsp;<strong>V\u00edctor de Aldama<\/strong>&nbsp;han situado a Zapatero presionando al Gobierno en favor de la operaci\u00f3n, el ex dirigente del PSOE siempre lo ha negado y asegura que sus trabajos para Mart\u00ednez fueron \u00abconsultor\u00edas globales\u00bb ajenas a todo esto. Sin embargo, los datos que ELMUNDO viene desvelando parecen&nbsp;<strong>dif\u00edcilmente interpretables como simples coincidencias<\/strong>.<\/p>\n\n\n\n<p>La investigaci\u00f3n judicial, a\u00fan secreta, debe avanzar. Pero lo que ya sabemos no solo obliga a Zapatero a dar una explicaci\u00f3n mucho m\u00e1s convincente de la ofrecida, sino que tambi\u00e9n compromete seriamente al Gobierno, m\u00e1s all\u00e1 de la gran influencia que el ex presidente exhibe sobre la pol\u00edtica exterior espa\u00f1ola y, en concreto, sobre Venezuela. La pregunta que planea conforme aparecen nuevas piezas del puzle es si la intervenci\u00f3n p\u00fablica para salvar a Plus Ultra sirvi\u00f3 a intereses espurios.&nbsp;<strong>Y esa pregunta no puede quedar sin respuesta<\/strong>.<\/p>\n<!-- AddThis Advanced Settings generic via filter on the_content --><!-- AddThis Share Buttons generic via filter on the_content -->","protected":false},"excerpt":{"rendered":"<p>Viernes 13 de febrero de 2026 El v\u00ednculo entre la aerol\u00ednea Plus Ultra, el Gobierno de Espa\u00f1a y su ministro t\u00e1cito en asuntos venezolanos se estrecha. El contrato entre Plus Ultra y&nbsp;Julio Mart\u00ednez Mart\u00ednez (en la foto)&nbsp;que este \u00faltimo ten\u00eda almacenado en uno de sus ordenadores redobla las sospechas sobre el papel de&nbsp;Jos\u00e9 Luis Rodr\u00edguez &hellip; <a href=\"https:\/\/blogs.deia.eus\/anasagasti\/2026\/02\/13\/mas-sospechas-sobre-zapatero\/\" class=\"more-link\">Sigue leyendo <span class=\"screen-reader-text\">M\u00c1S SOSPECHAS SOBRE ZAPATERO<\/span><\/a><!-- AddThis Advanced Settings generic via filter on get_the_excerpt --><!-- AddThis Share Buttons generic via filter on get_the_excerpt --><\/p>\n","protected":false},"author":19,"featured_media":0,"comment_status":"open","ping_status":"open","sticky":false,"template":"","format":"standard","meta":{"footnotes":""},"categories":[1],"tags":[],"class_list":["post-21399","post","type-post","status-publish","format-standard","hentry","category-general"],"_links":{"self":[{"href":"https:\/\/blogs.deia.eus\/anasagasti\/wp-json\/wp\/v2\/posts\/21399","targetHints":{"allow":["GET"]}}],"collection":[{"href":"https:\/\/blogs.deia.eus\/anasagasti\/wp-json\/wp\/v2\/posts"}],"about":[{"href":"https:\/\/blogs.deia.eus\/anasagasti\/wp-json\/wp\/v2\/types\/post"}],"author":[{"embeddable":true,"href":"https:\/\/blogs.deia.eus\/anasagasti\/wp-json\/wp\/v2\/users\/19"}],"replies":[{"embeddable":true,"href":"https:\/\/blogs.deia.eus\/anasagasti\/wp-json\/wp\/v2\/comments?post=21399"}],"version-history":[{"count":1,"href":"https:\/\/blogs.deia.eus\/anasagasti\/wp-json\/wp\/v2\/posts\/21399\/revisions"}],"predecessor-version":[{"id":21401,"href":"https:\/\/blogs.deia.eus\/anasagasti\/wp-json\/wp\/v2\/posts\/21399\/revisions\/21401"}],"wp:attachment":[{"href":"https:\/\/blogs.deia.eus\/anasagasti\/wp-json\/wp\/v2\/media?parent=21399"}],"wp:term":[{"taxonomy":"category","embeddable":true,"href":"https:\/\/blogs.deia.eus\/anasagasti\/wp-json\/wp\/v2\/categories?post=21399"},{"taxonomy":"post_tag","embeddable":true,"href":"https:\/\/blogs.deia.eus\/anasagasti\/wp-json\/wp\/v2\/tags?post=21399"}],"curies":[{"name":"wp","href":"https:\/\/api.w.org\/{rel}","templated":true}]}}