{"id":21407,"date":"2026-02-15T09:05:30","date_gmt":"2026-02-15T07:05:30","guid":{"rendered":"https:\/\/blogs.deia.eus\/anasagasti\/?p=21407"},"modified":"2026-02-15T09:05:31","modified_gmt":"2026-02-15T07:05:31","slug":"sigue-la-mentalidad-del-23-f","status":"publish","type":"post","link":"https:\/\/blogs.deia.eus\/anasagasti\/2026\/02\/15\/sigue-la-mentalidad-del-23-f\/","title":{"rendered":"SIGUE LA MENTALIDAD DEL 23 F"},"content":{"rendered":"\n<p><strong>Domingo 15 de febrero de 2026<\/strong><\/p>\n\n\n<div class=\"wp-block-image\">\n<figure class=\"aligncenter size-full is-resized\"><a href=\"https:\/\/blogs.deia.eus\/anasagasti\/files\/2026\/02\/Articulo-Deia-15-de-febrero-de-2026-001.jpg\"><img loading=\"lazy\" decoding=\"async\" width=\"555\" height=\"400\" src=\"https:\/\/blogs.deia.eus\/anasagasti\/files\/2026\/02\/Articulo-Deia-15-de-febrero-de-2026-001.jpg\" alt=\"\" class=\"wp-image-21408\" style=\"width:627px;height:auto\" \/><\/a><\/figure>\n<\/div>\n\n\n<p>En una semana se cumplir\u00e1n 45 a\u00f1os de lo que se conoce como el 23F. Fue en 1981, Su\u00e1rez hab\u00eda dimitido, su partido UCD se estaba yendo por el sumidero, el rey frivolizaba con el general Armada para sustituir al presidente del gobierno, y los militares buscaban volver a un franquismo sin Franco al considerar que aquella democracia iniciada en 1977 pon\u00eda en riesgo la sacrosanta unidad de la patria. Todo un cuadro, no muy diferente, conceptualmente hablando, de lo que propone la actual &nbsp;Vox &nbsp;que tiene la mentalidad de Tejero, cobijando &nbsp;el PP de Feijoo&nbsp; a muchos que piensan igual.<\/p>\n\n\n\n<p>El 23 F fue toda una sacudida. Est\u00e1bamos aquella tarde en el piso del Partido en la calle Marqu\u00e9s del Puerto con la radio puesta. De repente se produce la asonada. Uxune Retolaza y yo, asustados, vamos a la oficina del fondo donde estaba Xabier Arzalluz.Volvemos &nbsp;a la sala donde estaba la radio, escucha y nos dice: \u201d\u00a1Qu\u00e9 verg\u00fcenza. Este es el pa\u00eds de Pancho Villa!\u201d. Y lo era.<\/p>\n\n\n\n<p>Antonio Carro fue el \u00faltimo ministro de la presidencia del franquismo. Hab\u00eda sido procurador en Cortes para ser luego diputado de AP. Era de Lugo y hab\u00eda escrito un libro \u201cEl estado y las Fuerzas Armadas\u201d. Conoc\u00eda muy bien el ej\u00e9rcito. Un 24 de junio, \u201donom\u00e1stica del rey\u201d, se me acerc\u00f3 en la recepci\u00f3n anual que antes se celebraba y sin que yo le preguntara nada, me dijo. \u201dEl culpable del 23 F es \u00e9ste (se\u00f1alando al rey Juan Carlos que estaba cerca). Recib\u00eda militares, hablaba contra Su\u00e1rez y animaba al golpismo diciendo&nbsp; que la Constituci\u00f3n hab\u00eda llegado muy lejos y que Su\u00e1rez volaba solo. El Borb\u00f3n es un fr\u00edvolo\u201d. Me qued\u00e9 de piedra. No me dijo el por qu\u00e9 me hac\u00eda aquella confidencia tan grave. Yo le conoc\u00eda del Congreso. Se le ve\u00eda muy contrariado con el entonces jefe del estado. Y me qued\u00e9 con la copla.<\/p>\n\n\n\n<p>Hace muy poco, Juan Carlos de Borb\u00f3n ha publicado un libro con la entrevista que le ha hecho la hija de Regis Debray, Laurence, aquel compa\u00f1ero del Che Guevara. Se llama \u201cReconciliaci\u00f3n\u201d y ha debido de lograr cabrear a toda su familia, mientras mendiga el perd\u00f3n de su sufridora reina Sof\u00eda, que ya no le hace el menor caso. No me extra\u00f1a que con motivo del 50 aniversario de la llegada de la mano del dictador, la monarqu\u00eda borb\u00f3nica, actos celebrados en noviembre 2025 en el Congreso y en el Palacio Real lo excluyeron de la conmemoraci\u00f3n de su propia proclamaci\u00f3n. Su hijo prefiri\u00f3 centrar los actos en la continuidad de la Corona, m\u00e1s que en el posible numerito que pudiera organizar quien lo fue todo hace 50 a\u00f1os. Eso si, invitaron a Do\u00f1a Sof\u00eda, para m\u00e1s cabreo del vecino de Abu Dabi, en los Emiratos \u00c1rabes donde tiene su residencia fiscal. Espa\u00f1a es as\u00ed, se\u00f1ora baronesa.<\/p>\n\n\n\n<p>Y de ese libro me ha llamado la atenci\u00f3n como llama \u201ctraidor\u201d al general Armada, fallecido en 2013, habiendo sido \u00e9ste quien organiz\u00f3 todo el golpe haci\u00e9ndolo en nombre del Rey. No s\u00e9 si su familia piensa querellarse porque&nbsp; motivos tienen.<\/p>\n\n\n\n<p><strong>HABLAN LOS TESTIGOS<\/strong><\/p>\n\n\n\n<p>El pasado 17 de noviembre falleci\u00f3 el segundo portavoz del PNV en el Congreso, tras la muerte de Franco, Marcos Vizcaya. Los que le conocimos lamentamos&nbsp; mucho su fallecimiento. Todos los a\u00f1os habl\u00e1bamos de sucedidos en la transici\u00f3n y en la C\u00e1mara. Hoy a pesar de la famosa frase de que la cadena no se rompe, nadie, al parecer, pregunta nada sobre nada.<\/p>\n\n\n\n<p>Un d\u00eda le pregunt\u00e9 por el 23 F y si hab\u00edan contactado previamente con \u00e9l en Madrid. Se hablaba de la lista de un gobierno con el general Armada de presidente y con todos los partidos incluidos menos CIU y el PNV. Me respondi\u00f3 &nbsp;que Alfonso Guerra y de manera muy imprecisa y nebulosa le debi\u00f3 preguntar qu\u00e9 pensar\u00eda el PNV sobre un gobierno presidido por un militar. Eran los proleg\u00f3menos del golpe. Comentado a Xabier Arzalluz, \u00e9ste le debi\u00f3 decir ante la aparente astracanada. \u201d\u00bfY por qu\u00e9 no por un Obispo?\u201d. Y es que aquello fue un sainete dise\u00f1ado por el general Armada con la anuencia del Rey que Tejero estrope\u00f3 por la manera violenta y macarra como entr\u00f3 en el Congreso en plena investidura de Calvo Sotelo, tricornio, pistola y mostachos incluidos.<\/p>\n\n\n\n<p>En 2011 se hizo en el hemiciclo un acto conmemorativo. Se cumpl\u00edan 30 a\u00f1os. Previamente comimos con Andoni Monforte y Joseba Azkarraga. Marcos Vizcaya, que iba a ir, se indispuso y el resto se qued\u00f3 en Euzkadi: Bujanda, Elorriaga, I\u00f1igo Aguirre y Aristizabal no fueron. Ojal\u00e1 hubi\u00e9ramos grabado aquella comida tan fraterna y tan llena &nbsp;de recuerdos. Azkarraga nos cont\u00f3 lo que le dijo un guardia civil que no sab\u00eda d\u00f3nde estaba y que solo se hab\u00eda embarcado &nbsp;porque le preguntaron &nbsp;si se sumaban a una operaci\u00f3n para salvar a Espa\u00f1a. \u201dEl golpe no fracas\u00f3, por lo menos en sus objetivos. Les vino muy bien a aquellas fuerzas pol\u00edticas que nunca asumieron el hecho diferencial\u201d nos coment\u00f3 Joseba. Monforte nos narr\u00f3 el intento de confesi\u00f3n de Bandr\u00e9s con Urralburu, sacerdote exclaustrado. El comentario desde el conocimiento de Monforte fue que si hubiera estado Joseba Elosegi se hubiera enfrentado a Tejero. Aquel viejo gudari, que se hab\u00eda echado en llamas ante Franco en 1970, la hubiera armado gorda ante aquellos golpistas. Y hablamos de algo olvidado como fue el debate entre Arzalluz y Enrique M\u00fagica en radio y con una inmensa expectaci\u00f3n: Arzalluz acusaba a Enrique M\u00fagica, presidente de la Comisi\u00f3n de Defensa, su connivencia con Armada. Tuvo raz\u00f3n. Fue muy agradable aquel encuentro con sus &nbsp;protagonistas. Estuvimos Erkoreka, Esteban, Olabarria, Azpiazu, Beloki, Agirretxea y yo con estos dos diputados de la \u00e9poca. Deber\u00edamos tener un Aula de la Experiencia para menores de 30 a\u00f1os, en la que&nbsp; Agirre, Monforte, Azkarraga, y Elorriaga, que all\u00ed estuvieron, nos cuenten lo que vivieron y las consecuencias que tuvo aquel golpe militar&nbsp; con la&nbsp; aprobaci\u00f3n de la Loapa, que nos ha llevado a tener, 46 a\u00f1os despu\u00e9s, el estatuto sin cumplir. Y todo viene de aquello.<\/p>\n\n\n\n<p><strong>TODO AL TRASTE<\/strong><\/p>\n\n\n\n<p>Marcos Vizcaya el d\u00eda anterior &nbsp;acababa de cumplir 34 a\u00f1os y ten\u00eda en Madrid a su mujer y parte de su familia. Eso le manten\u00eda calmado pero por su cabeza rondaba una sola idea: \u00abEstaba convencido de que en Euzkadi se hab\u00eda producido una masacre. Y tambi\u00e9n que se iba al traste todo lo que est\u00e1bamos construyendo. Ve\u00eda en peligro el euskera, el Estatuto, ve\u00eda todo el proceso vasco machacado y\u201d eso me pon\u00eda los pelos de punta\u00bb. \u00abSeg\u00fan mi composici\u00f3n de lugar, si las fuerzas de ocupaci\u00f3n hab\u00edan sido capaces de secuestrar al poder ejecutivo y legislativo, me imaginaba que lo mismo hab\u00edan hecho con todos los poderes auton\u00f3micos. Yo cre\u00eda que \u00e9ramos el \u00faltimo eslab\u00f3n del operativo. Pero el operativo empezaba y terminaba all\u00ed, de forma bastante chapucera, por cierto\u00bb. A \u00e9l, un cabo primero le \u201dtranquiliz\u00f3\u201d: \u201cSe\u00f1or Vizcaya, no se preocupe, yo no disparar\u00e9\u00bb. \u00abFue tan repentino, tan violento y tan inesperado que el susto fue brutal\u201d. Paco V\u00e1zquez, diputado socialista gallego me mir\u00f3: \u00abMarcos reza, que nos matan\u00bb. \u201cPorque al principio pensamos que disparaban a dar\u00bb.<\/p>\n\n\n\n<p><strong>\u00abCON TWITTER Y YOUTUBE, EL GOLPE HUBIERA DURADO MENOS\u00bb<\/strong><\/p>\n\n\n\n<p>Andoni Monforte nos dijo que menos mal que no hab\u00eda Ley antitabaco. \u00abYo era fumador de puros, llevaba cuatro o cinco, y me los fum\u00e9 todos. Alg\u00fan guardia civil me miraba con much\u00edsima envidia\u00bb, evocaba Andoni. \u00abCon el paso del tiempo, valoro cada vez m\u00e1s el papel que jug\u00f3 Su\u00e1rez y su UCD aguantando derecho el chaparr\u00f3n y &nbsp;siempre pienso, que si hubiera habido Twitter o YouTube el golpe hubiera durado menos\u00bb.<\/p>\n\n\n\n<p>Una de las cosas que m\u00e1s le indign\u00f3 fueron los comentarios despectivos de que los diputados se metieron bajo de los esca\u00f1os. \u00abEs cierto que, al o\u00edr las r\u00e1fagas de metralleta me agach\u00e9, pero es que los impactos de bala est\u00e1n a unos cent\u00edmetros de donde nos sent\u00e1bamos. Tambi\u00e9n los guardias civiles, tan valientes que eran y que se re\u00edan de que nos hubi\u00e9ramos agachado, salieron tir\u00e1ndose por las ventanas del Congreso\u00bb. \u00abYo creo que ellos sab\u00edan perfectamente lo que ten\u00edan que hacer. Hubo un momento en que un agente ofreci\u00f3 un bocadillo a un diputado socialista. \u00abNo lo quiero, que igual luego lo tengo que tirar, le contest\u00f3. Pues sabe lo que le digo que si pasa algo ya s\u00e9 a qui\u00e9n tengo que disparar a usted, a usted\u00bb<em>.<\/em>., dijo se\u00f1al\u00e1ndonos. As\u00ed que algunos s\u00ed sab\u00edan qu\u00e9 pasaba all\u00ed. De hecho, Josu Elorriaga se puso a hablar con un guardia civil que le pregunt\u00f3 \u00ab\u00bfy usted de qu\u00e9 partido es? \u00abDel PNV.\u00bb \u00a1Hostia lo que me faltaba!\u00bb,<em>&nbsp;<\/em>le contest\u00f3\u00bb.<\/p>\n\n\n\n<p><strong>\u00abPENS\u00c9 QUE NOS LLEVAR\u00cdAN AL BERNAB\u00c9U, COMO EN CHILE\u00bb<\/strong><\/p>\n\n\n\n<p>I\u00f1igo Agirre era el tesorero del grupo parlamentario y enseguida empez\u00f3 a echar cuentas. \u00abEn ese momento llevaba el dinero del grupo, ten\u00eda el talonario a cuestas. Y yo pens\u00e9: Si salimos de aqu\u00ed, con esto aguantamos unos nueve meses en Baiona. Un prop\u00f3sito completamente ingenuo porque si hubiera triunfado el golpe, no hubi\u00e9ramos podido salir de Madrid\u00bb. \u00abLo m\u00e1s preocupante fueron las horas iniciales porque tuvimos la sensaci\u00f3n de que la sublevaci\u00f3n armada hab\u00eda triunfado. Al pasar el tiempo y ver que no aparec\u00edan los militares prometidos, nos fuimos tranquilizando. Pero s\u00ed temimos acabar en el estadio Santiago Bernab\u00e9u, como hab\u00eda pasado en Chile. Cuando o\u00ed a un militar que se hab\u00eda sublevado la regi\u00f3n de Valencia y no escuch\u00e9 ni Madrid ni Burgos, me tranquilic\u00e9. Pasado el tiempo tuve un accidente en la autopista. Par\u00e9&nbsp; al primer coche. Era de la guardia civil. Me llevaron al bar para hablar por tel\u00e9fono. Esperando uno de ellos me pregunt\u00f3 qu\u00e9 opinaba de la Guardia Civil, la Benem\u00e9rita\u00bb.<\/p>\n\n\n\n<p>\u00abPues se lo puede imaginar despu\u00e9s de estar 18 horas secuestrado\u00bb, le respond\u00ed, y se qued\u00f3 extra\u00f1ad\u00edsimo. Resulta que \u00e9l tambi\u00e9n hab\u00eda estado en el Congreso aquel d\u00eda porque le hab\u00edan dicho que hab\u00eda un comando de ETA\u00bb.\u201dY un momento muy duro fue cuando empezaron a romper las sillas de los taqu\u00edgrafos. Cre\u00edmos las iban a prender fuego\u00bb,.<\/p>\n\n\n\n<p>\u00abLo que s\u00ed pens\u00e9 es que aquello iba para largo. Por eso les dije a mis compa\u00f1eros que se aflojaran la corbata, los cordones de los zapatos y el cintur\u00f3n del pantal\u00f3n y Gerardo Bujanda se puso con Monforte a jugar a los chinos\u00bb, evoca &nbsp;hoy con&nbsp; serenidad para concluir que \u00abno se ha aclarado nada del 23-F. Est\u00e1 todo tan embarrado como al principio. Hab\u00eda muchos&nbsp; implicados. La Corona, el ej\u00e9rcito, la derecha, los grandes medios, el PSOE, los nost\u00e1lgicos. Y as\u00ed seguimos. Sigue siendo un secreto oficial\u00bb.<\/p>\n\n\n\n<p>Y lo seguir\u00e1 siendo.<\/p>\n<!-- AddThis Advanced Settings generic via filter on the_content --><!-- AddThis Share Buttons generic via filter on the_content -->","protected":false},"excerpt":{"rendered":"<p>Domingo 15 de febrero de 2026 En una semana se cumplir\u00e1n 45 a\u00f1os de lo que se conoce como el 23F. Fue en 1981, Su\u00e1rez hab\u00eda dimitido, su partido UCD se estaba yendo por el sumidero, el rey frivolizaba con el general Armada para sustituir al presidente del gobierno, y los militares buscaban volver a &hellip; <a href=\"https:\/\/blogs.deia.eus\/anasagasti\/2026\/02\/15\/sigue-la-mentalidad-del-23-f\/\" class=\"more-link\">Sigue leyendo <span class=\"screen-reader-text\">SIGUE LA MENTALIDAD DEL 23 F<\/span><\/a><!-- AddThis Advanced Settings generic via filter on get_the_excerpt --><!-- AddThis Share Buttons generic via filter on get_the_excerpt --><\/p>\n","protected":false},"author":19,"featured_media":0,"comment_status":"open","ping_status":"open","sticky":false,"template":"","format":"standard","meta":{"footnotes":""},"categories":[1],"tags":[],"class_list":["post-21407","post","type-post","status-publish","format-standard","hentry","category-general"],"_links":{"self":[{"href":"https:\/\/blogs.deia.eus\/anasagasti\/wp-json\/wp\/v2\/posts\/21407","targetHints":{"allow":["GET"]}}],"collection":[{"href":"https:\/\/blogs.deia.eus\/anasagasti\/wp-json\/wp\/v2\/posts"}],"about":[{"href":"https:\/\/blogs.deia.eus\/anasagasti\/wp-json\/wp\/v2\/types\/post"}],"author":[{"embeddable":true,"href":"https:\/\/blogs.deia.eus\/anasagasti\/wp-json\/wp\/v2\/users\/19"}],"replies":[{"embeddable":true,"href":"https:\/\/blogs.deia.eus\/anasagasti\/wp-json\/wp\/v2\/comments?post=21407"}],"version-history":[{"count":1,"href":"https:\/\/blogs.deia.eus\/anasagasti\/wp-json\/wp\/v2\/posts\/21407\/revisions"}],"predecessor-version":[{"id":21409,"href":"https:\/\/blogs.deia.eus\/anasagasti\/wp-json\/wp\/v2\/posts\/21407\/revisions\/21409"}],"wp:attachment":[{"href":"https:\/\/blogs.deia.eus\/anasagasti\/wp-json\/wp\/v2\/media?parent=21407"}],"wp:term":[{"taxonomy":"category","embeddable":true,"href":"https:\/\/blogs.deia.eus\/anasagasti\/wp-json\/wp\/v2\/categories?post=21407"},{"taxonomy":"post_tag","embeddable":true,"href":"https:\/\/blogs.deia.eus\/anasagasti\/wp-json\/wp\/v2\/tags?post=21407"}],"curies":[{"name":"wp","href":"https:\/\/api.w.org\/{rel}","templated":true}]}}