{"id":21410,"date":"2026-02-16T09:18:45","date_gmt":"2026-02-16T07:18:45","guid":{"rendered":"https:\/\/blogs.deia.eus\/anasagasti\/?p=21410"},"modified":"2026-02-16T09:18:45","modified_gmt":"2026-02-16T07:18:45","slug":"una-transicion-defectuosa-es-lo-que-hay","status":"publish","type":"post","link":"https:\/\/blogs.deia.eus\/anasagasti\/2026\/02\/16\/una-transicion-defectuosa-es-lo-que-hay\/","title":{"rendered":"UNA TRANSICI\u00d3N DEFECTUOSA. ES LO QUE HAY"},"content":{"rendered":"\n<p><strong>Lunes 16 de febrero de 2026<\/strong><\/p>\n\n\n<div class=\"wp-block-image\">\n<figure class=\"aligncenter size-full\"><a href=\"https:\/\/blogs.deia.eus\/anasagasti\/files\/2026\/02\/Transicion-defectuosajpg.jpg\"><img loading=\"lazy\" decoding=\"async\" width=\"750\" height=\"396\" src=\"https:\/\/blogs.deia.eus\/anasagasti\/files\/2026\/02\/Transicion-defectuosajpg.jpg\" alt=\"\" class=\"wp-image-21411\" srcset=\"https:\/\/blogs.deia.eus\/anasagasti\/files\/2026\/02\/Transicion-defectuosajpg.jpg 750w, https:\/\/blogs.deia.eus\/anasagasti\/files\/2026\/02\/Transicion-defectuosajpg-580x306.jpg 580w\" sizes=\"auto, (max-width: 750px) 100vw, 750px\" \/><\/a><\/figure>\n<\/div>\n\n\n<p>Me escribe Nemonick esto:<\/p>\n\n\n\n<p>Uno de los problemas de la democracia espa\u00f1ola, es que al haber habido una transici\u00f3n, en vez de una ruptura, la oposici\u00f3n pact\u00f3 con el franquismo, por miedo a un levantamiento militar y se trajeron algunos aspectos de ese franquismo a la Espa\u00f1a actual, v\u00eda leyes, instituciones y v\u00eda adoctrinamiento social (cuando ya adem\u00e1s la sociedad llevaba 40 a\u00f1os de adoctrinamiento durante la dictadura y tras la guerra).<\/p>\n\n\n\n<p>Efectos de esta contradicci\u00f3n entre democracia y dictadura, los estamos teniendo por ejemplo en el PSOE (hoy en d\u00eda), que ya empez\u00f3 con estas contradicciones de ser un partido llamado de izquierdas pero que luego ejecuta pol\u00edticas de derechas (que est\u00e1 bien, pero para eso ya existe el PP), desde que el binomio Gonz\u00e1lez\/Guerra desembarc\u00f3 en el mismo y esto se acentu\u00f3 desde el 23 F, pues a partidos como el PSOE les quedaba claro que o van a un gobierno de concentraci\u00f3n militar o les liquidan\u2026, tras terminar el 23 F todas las l\u00edneas a \u00abotras ideas del estado\u00bb quedan terminadas, se autocensuran, porque mejor \u00e9sta democracia que, igual ninguna y fusilados y olvidados en las cunetas.<\/p>\n\n\n\n<p>Lo que la derecha espa\u00f1ola dice de \u00abcedimos demasiado en la transici\u00f3n\u00bb, y es cierto, pero se cedi\u00f3 demasiado pero hacia ellos\u2026, se debi\u00f3 de romper con el fascismo y desde la libertad plantear todas las posibles ideas y modelos de estado, juzgar al fascismo como Nuremberg y desde un relato democr\u00e1tico com\u00fan de lo ocurrido seguir adelante.<\/p>\n\n\n\n<p>El 23 F hizo que ante el miedo a otra guerra civil y el miedo a la represi\u00f3n, el PSOE nunca hiciera nada demasiado rupturista, hizo que la intelectualidad oficial medi\u00e1tica espa\u00f1ola empezase a virar hacia la derecha (Savater, Escohotado, Drag\u00f3, Boadella, Azua, Bueno, etc.), hizo que parte del resto de la izquierda espa\u00f1ola, anarkistas, sindicalistas, etc. bajasen su tono.<\/p>\n\n\n\n<p>Hhizo que a las v\u00edctimas del franquismo se les har\u00eda mucho menos caso, hizo que ETA PM y Euskadiko Eskerra dejasen la lucha armada, pero todo esto no por convicci\u00f3n, sino por acojono a que lo que pod\u00eda venir de no hacer eso, fuese una nueva dictadura por lo menos como las latinoamericanas o peor (la guerra civil dej\u00f3 m\u00e1s muertos que cualquier dictadura de esas), ante eso, todos estos tuvieron una conversi\u00f3n como la de \u00abPablo al caerse del caballo\u00bb y dijeron hasta aqu\u00ed hemos llegado, \u00abVirgencita virgencita, que me quede como estoy\u00bb.<\/p>\n\n\n\n<p>Teniendo ya algunas libertades, mejor conservar esas principalmente cuando son las que a uno le interesan y los dem\u00e1s aunque tengan derecho en sus reivindicaciones pues como son m\u00e1s peque\u00f1os y d\u00e9biles que los golpistas fascistas que no tienen raz\u00f3n pues que se aguanten\u2026, mejor una democracia y una constituci\u00f3n as\u00ed, que perderlo todo y quedarnos sin nada, incluso personalmente sin la vida, esto es comprensible, pero no tiene que ver con la libertad, ni con lo mejor, ni con lo justo o con lo m\u00e1s razonable, sino que de nuevo parte de un miedo impuesto por el fascismo y nada as\u00ed puede perdurar por el tiempo sin problemas.<\/p>\n\n\n\n<p>Una de las cosas que el franquismo trajo consigo a la democracia, es la indivisible unidad de la patria, que es un concepto muy viejo ya anterior al mismo, proviene de la reconquista y el imperio y es algo com\u00fan a todo totalitarismo y autoritarismo.<\/p>\n\n\n\n<p>Por eso en Espa\u00f1a no se puede hacer un refer\u00e9ndum de autodeterminaci\u00f3n, ni tiene reconocida ninguna naci\u00f3n interna (como mucho \u00abnacionalidades\u00bb dice la constituci\u00f3n, pero no aclara\u2026) como en Escocia con Reino Unido o en Groenlandia con Dinamarca o en Quebec con Canad\u00e1 o entre Chequia y Eslovaquia (antes Checoslovaquia), etc., y es por esto que ning\u00fan nacionalista es llamado a un gobierno de concentraci\u00f3n, ni piensa ir (cuando esa es una opci\u00f3n democr\u00e1tica como otra cualquiera, otra forma pol\u00edtica de ver el futuro, gente que en su tierra solo quiere aplicar su proyecto pol\u00edtico y no un problema, eso es algo que incluso la ultraderecha brit\u00e1nica entiende respecto a Escocia y que en Espa\u00f1a solo lo entiende alguna izquierda).<\/p>\n\n\n\n<p>Y es por eso que si los catalanes quieren pac\u00edficamente votar sobre esta cuesti\u00f3n se les va a enviar polic\u00edas que usando la fuerza lo impedir\u00e1n, desde ah\u00ed seguir todo el d\u00eda diciendo desde los medios de comunicaci\u00f3n que los peque\u00f1os nacionalismos perif\u00e9ricos son el problema y en Espa\u00f1a no hay mafias, ni fascismo, ni nacionalismo, cuando puede verse que no es as\u00ed.<\/p>\n\n\n\n<p>Y esto que le pasa a Espa\u00f1a siempre le ha ocurrido, pero antes era en un imperio mundial donde no se pon\u00eda el sol y ahora pues de una forma interna en los cuatro sitios que mal puede, sigue como siempre, pero no siendo la de siempre y esto le hace distanciarse frente a las democracias m\u00e1s avanzadas, vive anclada a la constituci\u00f3n del 78 hecha para aquel per\u00edodo y cada vez m\u00e1s viejuna.<\/p>\n\n\n\n<p>El \u00fanico elemento de madurez de Espa\u00f1a ser\u00eda reconocer sus naciones internas y dejarles decidir (debido a lo cual se ir\u00e1n como Checoslovaquia que se parti\u00f3 en dos o no se ir\u00e1n como Escocia, que \u00abde momento\u00bb se qued\u00f3\u2026), esto si que le liberar\u00eda a Espa\u00f1a de su pasado y permitir\u00eda a los espa\u00f1oles elegir su camino a seguir, pero dudo que eso sea as\u00ed, seguir\u00e1 metido en su bucle melanc\u00f3lico hasta que un d\u00eda ya se vea que es imposible y se cambiar\u00e1 mal y como se pueda, pero como siempre, es lo que hay.<\/p>\n<!-- AddThis Advanced Settings generic via filter on the_content --><!-- AddThis Share Buttons generic via filter on the_content -->","protected":false},"excerpt":{"rendered":"<p>Lunes 16 de febrero de 2026 Me escribe Nemonick esto: Uno de los problemas de la democracia espa\u00f1ola, es que al haber habido una transici\u00f3n, en vez de una ruptura, la oposici\u00f3n pact\u00f3 con el franquismo, por miedo a un levantamiento militar y se trajeron algunos aspectos de ese franquismo a la Espa\u00f1a actual, v\u00eda &hellip; <a href=\"https:\/\/blogs.deia.eus\/anasagasti\/2026\/02\/16\/una-transicion-defectuosa-es-lo-que-hay\/\" class=\"more-link\">Sigue leyendo <span class=\"screen-reader-text\">UNA TRANSICI\u00d3N DEFECTUOSA. ES LO QUE HAY<\/span><\/a><!-- AddThis Advanced Settings generic via filter on get_the_excerpt --><!-- AddThis Share Buttons generic via filter on get_the_excerpt --><\/p>\n","protected":false},"author":19,"featured_media":0,"comment_status":"open","ping_status":"open","sticky":false,"template":"","format":"standard","meta":{"footnotes":""},"categories":[1],"tags":[],"class_list":["post-21410","post","type-post","status-publish","format-standard","hentry","category-general"],"_links":{"self":[{"href":"https:\/\/blogs.deia.eus\/anasagasti\/wp-json\/wp\/v2\/posts\/21410","targetHints":{"allow":["GET"]}}],"collection":[{"href":"https:\/\/blogs.deia.eus\/anasagasti\/wp-json\/wp\/v2\/posts"}],"about":[{"href":"https:\/\/blogs.deia.eus\/anasagasti\/wp-json\/wp\/v2\/types\/post"}],"author":[{"embeddable":true,"href":"https:\/\/blogs.deia.eus\/anasagasti\/wp-json\/wp\/v2\/users\/19"}],"replies":[{"embeddable":true,"href":"https:\/\/blogs.deia.eus\/anasagasti\/wp-json\/wp\/v2\/comments?post=21410"}],"version-history":[{"count":1,"href":"https:\/\/blogs.deia.eus\/anasagasti\/wp-json\/wp\/v2\/posts\/21410\/revisions"}],"predecessor-version":[{"id":21412,"href":"https:\/\/blogs.deia.eus\/anasagasti\/wp-json\/wp\/v2\/posts\/21410\/revisions\/21412"}],"wp:attachment":[{"href":"https:\/\/blogs.deia.eus\/anasagasti\/wp-json\/wp\/v2\/media?parent=21410"}],"wp:term":[{"taxonomy":"category","embeddable":true,"href":"https:\/\/blogs.deia.eus\/anasagasti\/wp-json\/wp\/v2\/categories?post=21410"},{"taxonomy":"post_tag","embeddable":true,"href":"https:\/\/blogs.deia.eus\/anasagasti\/wp-json\/wp\/v2\/tags?post=21410"}],"curies":[{"name":"wp","href":"https:\/\/api.w.org\/{rel}","templated":true}]}}