{"id":21416,"date":"2026-02-18T09:24:19","date_gmt":"2026-02-18T07:24:19","guid":{"rendered":"https:\/\/blogs.deia.eus\/anasagasti\/?p=21416"},"modified":"2026-02-18T09:24:20","modified_gmt":"2026-02-18T07:24:20","slug":"un-calido-recuerdo-a-los-que-inauguraron-martutene","status":"publish","type":"post","link":"https:\/\/blogs.deia.eus\/anasagasti\/2026\/02\/18\/un-calido-recuerdo-a-los-que-inauguraron-martutene\/","title":{"rendered":"UN C\u00c1LIDO RECUERDO A LOS QUE INAUGURARON MARTUTENE."},"content":{"rendered":"\n<p><strong>Mi\u00e9rcoles 18 de febrero de 2026<\/strong><\/p>\n\n\n<div class=\"wp-block-image\">\n<figure class=\"aligncenter size-full\"><a href=\"https:\/\/blogs.deia.eus\/anasagasti\/files\/2026\/02\/martutene-carcel.jpg\"><img loading=\"lazy\" decoding=\"async\" width=\"575\" height=\"323\" src=\"https:\/\/blogs.deia.eus\/anasagasti\/files\/2026\/02\/martutene-carcel.jpg\" alt=\"\" class=\"wp-image-21417\" \/><\/a><\/figure>\n<\/div>\n\n\n<p>Leo que est\u00e1 a punto de inaugurarse cerca de Donostia el Centro Penitenciario Norte III de Zubieta y que contar\u00e1 con celdas con ducha y televisor, piscina climatizada y front\u00f3n. Ser\u00e1 uno de los complejos carcelarios m\u00e1s avanzados del\u00a0 estado.<\/p>\n\n\n\n<p>Algunos dir\u00e1n que es un hotel de cuatro estrellas aunque no tienen lo m\u00e1s importante que es la libertad. Solo he estado una vez. Joseba Zubia y yo visitamos dentro de la c\u00e1rcel al preso vasco-filipino Pako Larra\u00f1aga, por quienes nos hab\u00edamos interesado parlamentariamente, y aquello ol\u00eda a humedad.<\/p>\n\n\n\n<p>Pero quiero hacer un apunte sobre esto que viene y algo que se va como la c\u00e1rcel de Martutene inaugurada en&nbsp; 1948, c\u00e1rcel que &nbsp;sustituy\u00f3 a la horrenda c\u00e1rcel de Ondarreta. Las dos fueron c\u00e1rceles donde muri\u00f3 mucha gente bajo la dictadura y en los primeros a\u00f1os de la guerra y post guerra.<\/p>\n\n\n\n<p>Recuerdo concretamente a Jokin Inza, el resistente del PNV de Bergara, que siempre dec\u00eda que la inaugur\u00f3 \u00e9l por el \u201ctremendo\u201d delito de \u201cpropaganda ilegal\u201d. No hab\u00eda m\u00e1s verdad que la de la dictadura y quien atentara contra ella iba directamente a la c\u00e1rcel que por supuesto no ten\u00eda las comodidades que va a tener la de Zubieta. Todo lo contrario.<\/p>\n\n\n\n<p>Destaco el hecho de que por Martutene ha pasado mucho patriota, mucho resistente, mucho luchador por los derechos humanos, am\u00e9n de delincuentes de todo tipo, pero me refiero a h\u00e9roes de la democracia que jam\u00e1s son recordados. Se habla de Martutene fr\u00edamente porque su demolici\u00f3n dejar\u00e1 espacio para la construcci\u00f3n de viviendas, algo que est\u00e1 muy bien, pero es de justicia recordar a quienes all\u00ed sufrieron vej\u00e1menes de todo tipo. Las sociedades sanas tienen una escala de valores para eso. Lo actual es indecente. Adanismo puro.<\/p>\n\n\n\n<p>Jokin Inza en su libro \u201dHombres Libres en una Patria Libre\u201d cuenta su ingreso en la prisi\u00f3n de Martutene reci\u00e9n inaugurada y el tipo de castigos que les infling\u00edan. Posteriormente y perseguido pudo escapar v\u00eda Barcelona, acab\u00f3 en Par\u00eds y de all\u00ed lo enviaron a Venezuela, desde donde con su liderazgo indiscutible fue el motor para la creaci\u00f3n de la radio clandestina Radio Euzkadi que funcion\u00f3 13 a\u00f1os en Venezuela. Pero ten\u00eda el dudoso m\u00e9rito de haber sido uno de los primeros en estar encerrados en la c\u00e1rcel de Martutene.<\/p>\n\n\n\n<p>No le conozco al alcalde de Donostia Jon Insausti pero no estar\u00eda nada mal que alguien le haga llegar el comentario que no solo hable de pisos, sino &nbsp;tambi\u00e9n de aquellas personas que sufrieron en la erg\u00e1stula de Martutene &nbsp;pr\u00f3xima a ser derruida.<\/p>\n\n\n\n<p>Si nos creemos, que lo dudo, que la cadena no se rompe, es de justicia recordar a quienes sufrieron. Por justicia y por lecci\u00f3n pedag\u00f3gica destinada a las nuevas generaciones que piensan que todo lleg\u00f3 del cielo o de las generosas manos &nbsp;de &nbsp;Andueza y Denis Itxaso.<\/p>\n\n\n\n<p>\u00bfAlguien lo har\u00e1? Eskerrik asko.<\/p>\n<!-- AddThis Advanced Settings generic via filter on the_content --><!-- AddThis Share Buttons generic via filter on the_content -->","protected":false},"excerpt":{"rendered":"<p>Mi\u00e9rcoles 18 de febrero de 2026 Leo que est\u00e1 a punto de inaugurarse cerca de Donostia el Centro Penitenciario Norte III de Zubieta y que contar\u00e1 con celdas con ducha y televisor, piscina climatizada y front\u00f3n. Ser\u00e1 uno de los complejos carcelarios m\u00e1s avanzados del\u00a0 estado. Algunos dir\u00e1n que es un hotel de cuatro estrellas &hellip; <a href=\"https:\/\/blogs.deia.eus\/anasagasti\/2026\/02\/18\/un-calido-recuerdo-a-los-que-inauguraron-martutene\/\" class=\"more-link\">Sigue leyendo <span class=\"screen-reader-text\">UN C\u00c1LIDO RECUERDO A LOS QUE INAUGURARON MARTUTENE.<\/span><\/a><!-- AddThis Advanced Settings generic via filter on get_the_excerpt --><!-- AddThis Share Buttons generic via filter on get_the_excerpt --><\/p>\n","protected":false},"author":19,"featured_media":0,"comment_status":"open","ping_status":"open","sticky":false,"template":"","format":"standard","meta":{"footnotes":""},"categories":[1],"tags":[],"class_list":["post-21416","post","type-post","status-publish","format-standard","hentry","category-general"],"_links":{"self":[{"href":"https:\/\/blogs.deia.eus\/anasagasti\/wp-json\/wp\/v2\/posts\/21416","targetHints":{"allow":["GET"]}}],"collection":[{"href":"https:\/\/blogs.deia.eus\/anasagasti\/wp-json\/wp\/v2\/posts"}],"about":[{"href":"https:\/\/blogs.deia.eus\/anasagasti\/wp-json\/wp\/v2\/types\/post"}],"author":[{"embeddable":true,"href":"https:\/\/blogs.deia.eus\/anasagasti\/wp-json\/wp\/v2\/users\/19"}],"replies":[{"embeddable":true,"href":"https:\/\/blogs.deia.eus\/anasagasti\/wp-json\/wp\/v2\/comments?post=21416"}],"version-history":[{"count":1,"href":"https:\/\/blogs.deia.eus\/anasagasti\/wp-json\/wp\/v2\/posts\/21416\/revisions"}],"predecessor-version":[{"id":21418,"href":"https:\/\/blogs.deia.eus\/anasagasti\/wp-json\/wp\/v2\/posts\/21416\/revisions\/21418"}],"wp:attachment":[{"href":"https:\/\/blogs.deia.eus\/anasagasti\/wp-json\/wp\/v2\/media?parent=21416"}],"wp:term":[{"taxonomy":"category","embeddable":true,"href":"https:\/\/blogs.deia.eus\/anasagasti\/wp-json\/wp\/v2\/categories?post=21416"},{"taxonomy":"post_tag","embeddable":true,"href":"https:\/\/blogs.deia.eus\/anasagasti\/wp-json\/wp\/v2\/tags?post=21416"}],"curies":[{"name":"wp","href":"https:\/\/api.w.org\/{rel}","templated":true}]}}