{"id":21423,"date":"2026-02-20T09:12:49","date_gmt":"2026-02-20T07:12:49","guid":{"rendered":"https:\/\/blogs.deia.eus\/anasagasti\/?p=21423"},"modified":"2026-02-20T09:12:49","modified_gmt":"2026-02-20T07:12:49","slug":"paso-desapercibido-rufian-se-declaro-marxista-leninista-uf","status":"publish","type":"post","link":"https:\/\/blogs.deia.eus\/anasagasti\/2026\/02\/20\/paso-desapercibido-rufian-se-declaro-marxista-leninista-uf\/","title":{"rendered":"PAS\u00d3 DESAPERCIBIDO. RUFI\u00c1N SE DECLAR\u00d3 MARXISTA-LENINISTA. UF!!!"},"content":{"rendered":"\n<p><strong>Viernes 19 de febrero de 2026<\/strong><\/p>\n\n\n<div class=\"wp-block-image\">\n<figure class=\"aligncenter size-large\"><a href=\"https:\/\/blogs.deia.eus\/anasagasti\/files\/2026\/02\/RUFIAN-MARXISTA-LENINISTA.jpg\"><img loading=\"lazy\" decoding=\"async\" width=\"940\" height=\"519\" src=\"https:\/\/blogs.deia.eus\/anasagasti\/files\/2026\/02\/RUFIAN-MARXISTA-LENINISTA-940x519.jpg\" alt=\"\" class=\"wp-image-21424\" srcset=\"https:\/\/blogs.deia.eus\/anasagasti\/files\/2026\/02\/RUFIAN-MARXISTA-LENINISTA-940x519.jpg 940w, https:\/\/blogs.deia.eus\/anasagasti\/files\/2026\/02\/RUFIAN-MARXISTA-LENINISTA-580x320.jpg 580w, https:\/\/blogs.deia.eus\/anasagasti\/files\/2026\/02\/RUFIAN-MARXISTA-LENINISTA-768x424.jpg 768w, https:\/\/blogs.deia.eus\/anasagasti\/files\/2026\/02\/RUFIAN-MARXISTA-LENINISTA.jpg 971w\" sizes=\"auto, (max-width: 940px) 100vw, 940px\" \/><\/a><\/figure>\n<\/div>\n\n\n<p>Gabriel Rufi\u00e1n congreg\u00f3 en Madrid a pol\u00edticos y seguidores para insistir en la necesaria unidad de la izquierda y alertar sobre el avance de la extrema derecha. Loable intento tratado de poner en marcha en su d\u00eda\u00a0 por Anguita con Izquierda Unida o por Pablo Iglesias con Podemos.<\/p>\n\n\n\n<p>No lo logr\u00f3 Miquel Roca con su operaci\u00f3n que no sac\u00f3 un solo diputado. Espa\u00f1a no quiere que los catalanes hagan nada a nivel estatal y al parecer Rufi\u00e1n no conoce el dato aunque su intento por lo menos ha concitado bastante atenci\u00f3n.<\/p>\n\n\n\n<p>Plante\u00f3 la necesidad de coordinar a los partidos progresistas y critic\u00f3 la fragmentaci\u00f3n:&nbsp; \u201c\u00bfQu\u00e9 sentido tiene que existan 14 izquierdas representando lo mismo?\u201d Durante el encuentro, Rufi\u00e1n defendi\u00f3 una izquierda secular y abord\u00f3 temas como la inmigraci\u00f3n, la seguridad y la necesidad de un discurso com\u00fan.<\/p>\n\n\n\n<p>Algo poco destacado fue que se declar\u00f3 Marxista Leninista. Uf!. \u00a1Que peligro! Esta etiqueta fue la de Fidel Castro y Hugo Ch\u00e1vez, hasta su muerte, y no sabemos si la sigue manteniendo Nicol\u00e1s Maduro en Brooklyn. Es decir centralismo democr\u00e1tico, c\u00fapula con el poder concentrado en una mano, ausencia de democracia y de libertades porque una mente iluminada desea dirigir nuestra vida.<\/p>\n\n\n\n<p>.Una sala de conciertos convertida en un escenario pol\u00edtico para la figura de&nbsp;Gabriel Rufi\u00e1n<strong>.<\/strong>&nbsp;Diez a\u00f1os despu\u00e9s de llegar a Madrid anunciando que su paso ser\u00eda breve -17 meses, el tiempo que predijo para la independencia de Catalu\u00f1a-, el portavoz de ERC en el Congreso regres\u00f3 a la capital reconvertido en voz cr\u00edtica de la izquierda espa\u00f1ola, frente a medio millar de asistentes y con decenas de seguidores aguardando en la puerta.<\/p>\n\n\n\n<p>Rufi\u00e1n no actu\u00f3 solo. Dividi\u00f3 el escenario con el diputado de M\u00e1s Madrid Emilio Delgado y la tertuliana Sarah Santaolalla, quien critic\u00f3 el programa de Pablo Motos: \u201cNo hay hormigas, hay ratas sembrando el caos con la tarjeta del programa\u201d.<\/p>\n\n\n\n<p>Abog\u00f3 adem\u00e1s por un mayor intervencionismo y pregunt\u00f3 \u201cqui\u00e9n ha mostrado mayor patriotismo\u201d, si la l\u00edder de Bildu, Mertxe Aizpurua, o la presidenta madrile\u00f1a Isabel D\u00edaz Ayuso. Algunos aplausos aislados se dirigieron hacia la dirigente abertzale.<\/p>\n\n\n\n<p>La segunda parte del evento gir\u00f3 en torno a la batalla cultural. \u201cNos han arrebatado banderas\u201d, lament\u00f3 Emilio Delgado, poniendo como ejemplo el concepto \u201cde la libertad\u201d. \u00a1Ya lo creo!. Depende de quien se trate, lo defienden o no. Como si esto fuera un men\u00fa del d\u00eda creyendo que los derechos humanos son optativos y no universales. Como una tabla de quesos.<\/p>\n\n\n\n<p>Uno de los momentos m\u00e1s tensos se produjo cuando Delgado reconoci\u00f3 que a la izquierda \u201cle cuesta tocar el tema de seguridad\u201d. y la gente normal demanda seguridad y fuera Burkas y machismo de esa cala\u00f1a contra la mujer. Sarah Santaolalla respondi\u00f3 insinuando si lo vinculaba a la inmigraci\u00f3n, y el diputado aclar\u00f3 que \u201chay barrios con problemas\u201d. El p\u00fablico aplaudi\u00f3 mientras enfatizaba que la seguridad no debe limitarse a la polic\u00eda, sino comprender un enfoque \u201cm\u00e1s amplio\u201d relacionado con la \u201cprevenci\u00f3n\u201d y la \u201cdesigualdad\u201d, proponiendo evitar la concentraci\u00f3n de viviendas m\u00e1s populares en los mismos barrios.\u201d.<\/p>\n\n\n\n<p>Fue especialmente aplaudida su defensa de \u201cuna izquierda laica\u201d, afirmando que \u201cel burka es una salvajada\u201d en contraste con el h\u00e1bito de \u201clas monjas espa\u00f1olas, que son libertad religiosa\u201d, aunque \u201cno guste\u201d. No dijo que las monjas apenas visten as\u00ed y adem\u00e1s lo hacen voluntariamente, no como las mujeres del Islam que obedecen la orden absurda de sus compa\u00f1eros.<\/p>\n\n\n\n<p>En el p\u00fablico tambi\u00e9n hab\u00eda simpatizantes de Podemos. Una pancarta proclamaba: \u201cRufi\u00e1n, sumamos m\u00e1s con Ione Belarra\u201d.<\/p>\n\n\n\n<p>Rufian fue uno de los grandes responsables del encarcelamiento de Oriol &nbsp;Jonqueras, su jefe en ERC, cuando le dijo a Puigdemont que se vend\u00eda por 155 monedas de plata si no declaraba la Independencia catalana, que ahora ni defiende, pero en este momento tiene el punch que Podemos al principio contra la Casta, j\u00f3venes, vivienda, trabajo digno\u2026La misma l\u00ednea que GKS, sin exteriorizar referencias a la l\u00ednea pol\u00edtica salvo declararse marxista leninista &nbsp;sin que nadie destaque esta ideolog\u00eda tan letal para la democracia. Como nadie sabe el peligro que esto supone, tira millas.<\/p>\n\n\n\n<p>Muchos medios y est\u00e9tica perro flauta con posturas tipo Julio Anguita sin ser Julio Anguita que en lo suyo era coherente, cosa que Rufian no lo es. Veremos lo que da de si esta pr\u00e9dica unionista y si solo va a servir&nbsp; para dividir m\u00e1s a la Izquierda o para que Rufi\u00e1n tenga un esca\u00f1o que ERC no le facilitar\u00e1.<\/p>\n<!-- AddThis Advanced Settings generic via filter on the_content --><!-- AddThis Share Buttons generic via filter on the_content -->","protected":false},"excerpt":{"rendered":"<p>Viernes 19 de febrero de 2026 Gabriel Rufi\u00e1n congreg\u00f3 en Madrid a pol\u00edticos y seguidores para insistir en la necesaria unidad de la izquierda y alertar sobre el avance de la extrema derecha. Loable intento tratado de poner en marcha en su d\u00eda\u00a0 por Anguita con Izquierda Unida o por Pablo Iglesias con Podemos. No &hellip; <a href=\"https:\/\/blogs.deia.eus\/anasagasti\/2026\/02\/20\/paso-desapercibido-rufian-se-declaro-marxista-leninista-uf\/\" class=\"more-link\">Sigue leyendo <span class=\"screen-reader-text\">PAS\u00d3 DESAPERCIBIDO. RUFI\u00c1N SE DECLAR\u00d3 MARXISTA-LENINISTA. UF!!!<\/span><\/a><!-- AddThis Advanced Settings generic via filter on get_the_excerpt --><!-- AddThis Share Buttons generic via filter on get_the_excerpt --><\/p>\n","protected":false},"author":19,"featured_media":0,"comment_status":"open","ping_status":"open","sticky":false,"template":"","format":"standard","meta":{"footnotes":""},"categories":[1],"tags":[],"class_list":["post-21423","post","type-post","status-publish","format-standard","hentry","category-general"],"_links":{"self":[{"href":"https:\/\/blogs.deia.eus\/anasagasti\/wp-json\/wp\/v2\/posts\/21423","targetHints":{"allow":["GET"]}}],"collection":[{"href":"https:\/\/blogs.deia.eus\/anasagasti\/wp-json\/wp\/v2\/posts"}],"about":[{"href":"https:\/\/blogs.deia.eus\/anasagasti\/wp-json\/wp\/v2\/types\/post"}],"author":[{"embeddable":true,"href":"https:\/\/blogs.deia.eus\/anasagasti\/wp-json\/wp\/v2\/users\/19"}],"replies":[{"embeddable":true,"href":"https:\/\/blogs.deia.eus\/anasagasti\/wp-json\/wp\/v2\/comments?post=21423"}],"version-history":[{"count":1,"href":"https:\/\/blogs.deia.eus\/anasagasti\/wp-json\/wp\/v2\/posts\/21423\/revisions"}],"predecessor-version":[{"id":21425,"href":"https:\/\/blogs.deia.eus\/anasagasti\/wp-json\/wp\/v2\/posts\/21423\/revisions\/21425"}],"wp:attachment":[{"href":"https:\/\/blogs.deia.eus\/anasagasti\/wp-json\/wp\/v2\/media?parent=21423"}],"wp:term":[{"taxonomy":"category","embeddable":true,"href":"https:\/\/blogs.deia.eus\/anasagasti\/wp-json\/wp\/v2\/categories?post=21423"},{"taxonomy":"post_tag","embeddable":true,"href":"https:\/\/blogs.deia.eus\/anasagasti\/wp-json\/wp\/v2\/tags?post=21423"}],"curies":[{"name":"wp","href":"https:\/\/api.w.org\/{rel}","templated":true}]}}