{"id":21426,"date":"2026-02-21T05:19:15","date_gmt":"2026-02-21T03:19:15","guid":{"rendered":"https:\/\/blogs.deia.eus\/anasagasti\/?p=21426"},"modified":"2026-02-21T05:19:16","modified_gmt":"2026-02-21T03:19:16","slug":"no-estoy-de-acuerdo-ni-con-moyua-ni-con-fraga-iribarne","status":"publish","type":"post","link":"https:\/\/blogs.deia.eus\/anasagasti\/2026\/02\/21\/no-estoy-de-acuerdo-ni-con-moyua-ni-con-fraga-iribarne\/","title":{"rendered":"NO ESTOY DE ACUERDO NI CON MOYUA NI CON FRAGA IRIBARNE"},"content":{"rendered":"\n<p><strong>S\u00e1bado 21 de febrero de 2026<\/strong><\/p>\n\n\n<div class=\"wp-block-image\">\n<figure class=\"aligncenter size-large\"><a href=\"https:\/\/blogs.deia.eus\/anasagasti\/files\/2026\/02\/Moyua_Fraga.jpg\"><img loading=\"lazy\" decoding=\"async\" width=\"940\" height=\"645\" src=\"https:\/\/blogs.deia.eus\/anasagasti\/files\/2026\/02\/Moyua_Fraga-940x645.jpg\" alt=\"\" class=\"wp-image-21427\" srcset=\"https:\/\/blogs.deia.eus\/anasagasti\/files\/2026\/02\/Moyua_Fraga-940x645.jpg 940w, https:\/\/blogs.deia.eus\/anasagasti\/files\/2026\/02\/Moyua_Fraga-580x398.jpg 580w, https:\/\/blogs.deia.eus\/anasagasti\/files\/2026\/02\/Moyua_Fraga-768x527.jpg 768w, https:\/\/blogs.deia.eus\/anasagasti\/files\/2026\/02\/Moyua_Fraga.jpg 1024w\" sizes=\"auto, (max-width: 940px) 100vw, 940px\" \/><\/a><\/figure>\n<\/div>\n\n\n<p>Este viernes le he escuchado al alcalde de Bilbao Juan M. Aburto anunciar su retiro de dos meses para proceder a la recuperaci\u00f3n de una operaci\u00f3n de cadera. Le deseo una pronta y feliz recuperaci\u00f3n.<\/p>\n\n\n\n<p>Pero, perm\u00edtaseme, con todos los respetos, discrepar de \u00e9l como el alcalde ha discrepado del presidente del EBB en relaci\u00f3n a su postura de no revelar el origen de los detenidos a quien defendi\u00f3 hacerlo. Aburto explic\u00f3 su diferencia remachando que es leal al EAJ-PNV. Yo tambi\u00e9n lo soy, pero discrepo de algo que me parece grave. Y lo argumento.<\/p>\n\n\n\n<p>No es de recibo&nbsp; que en el centro de Bilbao en su mejor Plaza se mantenga el nombre del alcalde Federico Moyua, puesto ah\u00ed a dedo por la dictadura de Primo de Rivera, que no fue cualquier cosa, sino una dictadura sin partidos, sin libertad de expresi\u00f3n y con persecuci\u00f3n de quien disent\u00eda. No fue una dictablanda sino una dictadura. Y para colmo, entrada las tropas sublevadas a Bilbao el 19 de junio de 1937, el alcalde Areilza impuesto por los sangrientos militares, recu\u00e9rdese a Mola amenazando de que si Bizkaia no se rend\u00eda arrasar\u00eda con ella, y mientras se proced\u00eda al fusilamiento de gudaris, milicianos y responsables en la prisi\u00f3n de Larrinaga, en pleno del robado ayuntamiento &nbsp;acord\u00f3 llamar a la Plaza El\u00edptica, Plaza de Federico Moyua. Y ah\u00ed sigue.<\/p>\n\n\n\n<p>En tiempos del alcalde Ortuondo se cambi\u00f3 el nombre de &nbsp;la Plaza Espa\u00f1a por Plaza Ciircular, porque as\u00ed lo era antes de la dictadura y sin embargo no se cambi\u00f3 el nombre de Moyua porque en aquel tiempo eran demasiado bocado esos dos cambios y se esperaba, como as\u00ed amenazaron, una campa\u00f1a salvaje de El Correo espa\u00f1ol ya que quitarle el nombre de Plaza Espa\u00f1a y de Avenida del Ej\u00e9rcito y ponerle del Lehendakari Agirre, logr\u00e1ndose esto con Jos\u00e9 Mari Gorordo, era poco menos que desatar la guerra. El alcalde Casta\u00f1ares hab\u00eda recuperado el nombre de Sabino Arana a la Avda de Jos\u00e9 Antonio Primo de Rivera y a la calle Autonom\u00eda que la llamaron Gregorio Balparda.<\/p>\n\n\n\n<p>Lo que se hizo, ante las presiones sufridas fue algo \u00e9pico. De hecho Vox lo tiene en su programa. Y qued\u00f3 a la espera de mejor ocasi\u00f3n, que lleg\u00f3 con la aprobaci\u00f3n de la ley de Memoria Hist\u00f3rica y posteriormente de Memoria Democr\u00e1tica. Aburto encarg\u00f3 un informe t\u00e9cnico y ya se sabe. De Roma viene lo que a Roma va. Y nos dijo que no.<\/p>\n\n\n\n<p>Pas\u00f3 algo parecido con el escudo con el \u00e1guila franquista en el edificio de la Hacienda de la Plaza El\u00edptica. El alcalde I\u00f1aki Azkuna encarg\u00f3 el informe&nbsp; que como en el caso de Aburto dio como resultado que no era &nbsp;procedente.<\/p>\n\n\n\n<p>Y le recuerdo al presidente del BBB enfurecido con raz\u00f3n, Javier Atutxa, exigirle a Azkuna el cambio del escudo y Azkuna obedeci\u00f3. Es simple cuesti\u00f3n de sensibilidad democr\u00e1tica.<\/p>\n\n\n\n<p>Me ha suscitado este recuerdo la iniciativa de diez partidos del Senado solicitando se quite el busto del ministro franquista Manuel Fraga Iribarne, a quien conoc\u00ed de senador, del pasillo del Senado. Lo hacen al calor de la conmemoraci\u00f3n del 50 aniversario de los sucesos de Gasteiz, aunque &nbsp;a decir verdad, Fraga era ministro de Gobernaci\u00f3n y estaba de viaje en Alemania ocupando su puesto Adolfo Su\u00e1rez.<\/p>\n\n\n\n<p>Pero efectivamente, Fraga no tiene por qu\u00e9 estar en ese pasillo. El PP de la \u00e9poca lo coloc\u00f3 con nocturnidad pues el PSOE hab\u00eda puesto el de Ram\u00f3n Rubial. La diferencia era sustancial. Rubial se pas\u00f3 media vida tras las rejas y Fraga Iribarne se pas\u00f3 media vida metiendo a la c\u00e1rcel a mucha gente. Bingen Zubiri, Joseba Goikoetxea y yo mismo estuvimos tres d\u00edas en la Comisar\u00eda bajo su mandato por propaganda ilegal.<\/p>\n\n\n\n<p>Y recuerdo como el mes de enero del 2013, aprovechando que no hab\u00eda actividad legislativa, el presidente del Senado P\u00edo Garc\u00eda Escudero, con el ministro de Justicia Ruiz Gallard\u00f3n, la ministra Ana Pastor, el entonces presidente de la Xunta Alberto Nu\u00f1ez Feij\u00f3o, la secretaria del PP, M. Dolores de Cospedal, la Mesa y senadores del PP nos sorprendieron colocando el dichoso busto, regalo del Grupo Popular. Por eso me ha parecido excelente la iniciativa que diez partidos, entre ellos el PNV, soliciten lo saquen de all\u00ed en aplicaci\u00f3n de la Ley de Memoria Democr\u00e1tica ya que Manuel Fraga fue un ministro de la dictadura de Franco y particip\u00f3 en el Consejo de ministros&nbsp; en&nbsp; 1963 cuando se decidi\u00f3 fusilar al dirigente comunista Juli\u00e1n Grimau y no solo eso, sino trabaj\u00f3 para explicar internacionalmente aquel asesinato que gener\u00f3 un grave conflicto de imagen al r\u00e9gimen. Fraga era Ministro de Informaci\u00f3n y Turismo que nosotros llam\u00e1bamos de Deformaci\u00f3n y Cinismo.<\/p>\n\n\n\n<p>No entiendo pues como se pide la eliminaci\u00f3n del busto de Franco, iniciativa acertada, y se sigue manteniendo el nombre de un alcalde de la dictadura de Primo de Rivera y, para m\u00e1s Inri, colocado dicho nombre por el alcalde franquista Areilza, el del discurso en el Coliseo Albia aquel que bram\u00f3 diciendo que la guerra la hab\u00edan perdido los amigos de Agirre y &nbsp;lo de ellos aquello era una victoria militar.<\/p>\n\n\n\n<p>Me parece incomprensible. Y que no se me diga que Moyua hizo algunas cosas buenas en Bilbao. No opinaban as\u00ed los habitantes de Bego\u00f1a y Deusto, con ayuntamiento propio, cuando les anexionaron a la fuerza y los incorporaron a Bilbao sin respetar sus derechos pero puestos a medir las cosas de esta manera es como si te dicen que Franco fue un dictador bueno porque construy\u00f3 pantanos. No es un argumento ni serio, ni democr\u00e1tico. Por eso, har\u00eda bien el alcalde de Bilbao en cambiar el nombre de la Plaza a como se le ha conocido siempre. Plaza El\u00edptica.<\/p>\n<!-- AddThis Advanced Settings generic via filter on the_content --><!-- AddThis Share Buttons generic via filter on the_content -->","protected":false},"excerpt":{"rendered":"<p>S\u00e1bado 21 de febrero de 2026 Este viernes le he escuchado al alcalde de Bilbao Juan M. Aburto anunciar su retiro de dos meses para proceder a la recuperaci\u00f3n de una operaci\u00f3n de cadera. Le deseo una pronta y feliz recuperaci\u00f3n. Pero, perm\u00edtaseme, con todos los respetos, discrepar de \u00e9l como el alcalde ha discrepado &hellip; <a href=\"https:\/\/blogs.deia.eus\/anasagasti\/2026\/02\/21\/no-estoy-de-acuerdo-ni-con-moyua-ni-con-fraga-iribarne\/\" class=\"more-link\">Sigue leyendo <span class=\"screen-reader-text\">NO ESTOY DE ACUERDO NI CON MOYUA NI CON FRAGA IRIBARNE<\/span><\/a><!-- AddThis Advanced Settings generic via filter on get_the_excerpt --><!-- AddThis Share Buttons generic via filter on get_the_excerpt --><\/p>\n","protected":false},"author":19,"featured_media":0,"comment_status":"open","ping_status":"open","sticky":false,"template":"","format":"standard","meta":{"footnotes":""},"categories":[1],"tags":[],"class_list":["post-21426","post","type-post","status-publish","format-standard","hentry","category-general"],"_links":{"self":[{"href":"https:\/\/blogs.deia.eus\/anasagasti\/wp-json\/wp\/v2\/posts\/21426","targetHints":{"allow":["GET"]}}],"collection":[{"href":"https:\/\/blogs.deia.eus\/anasagasti\/wp-json\/wp\/v2\/posts"}],"about":[{"href":"https:\/\/blogs.deia.eus\/anasagasti\/wp-json\/wp\/v2\/types\/post"}],"author":[{"embeddable":true,"href":"https:\/\/blogs.deia.eus\/anasagasti\/wp-json\/wp\/v2\/users\/19"}],"replies":[{"embeddable":true,"href":"https:\/\/blogs.deia.eus\/anasagasti\/wp-json\/wp\/v2\/comments?post=21426"}],"version-history":[{"count":1,"href":"https:\/\/blogs.deia.eus\/anasagasti\/wp-json\/wp\/v2\/posts\/21426\/revisions"}],"predecessor-version":[{"id":21428,"href":"https:\/\/blogs.deia.eus\/anasagasti\/wp-json\/wp\/v2\/posts\/21426\/revisions\/21428"}],"wp:attachment":[{"href":"https:\/\/blogs.deia.eus\/anasagasti\/wp-json\/wp\/v2\/media?parent=21426"}],"wp:term":[{"taxonomy":"category","embeddable":true,"href":"https:\/\/blogs.deia.eus\/anasagasti\/wp-json\/wp\/v2\/categories?post=21426"},{"taxonomy":"post_tag","embeddable":true,"href":"https:\/\/blogs.deia.eus\/anasagasti\/wp-json\/wp\/v2\/tags?post=21426"}],"curies":[{"name":"wp","href":"https:\/\/api.w.org\/{rel}","templated":true}]}}