{"id":21430,"date":"2026-02-23T09:10:47","date_gmt":"2026-02-23T07:10:47","guid":{"rendered":"https:\/\/blogs.deia.eus\/anasagasti\/?p=21430"},"modified":"2026-02-23T09:10:48","modified_gmt":"2026-02-23T07:10:48","slug":"albares-pide-que-delcy-sea-amnistiada-para-proteger-a-zapatero","status":"publish","type":"post","link":"https:\/\/blogs.deia.eus\/anasagasti\/2026\/02\/23\/albares-pide-que-delcy-sea-amnistiada-para-proteger-a-zapatero\/","title":{"rendered":"ALBARES PIDE QUE DELCY SEA AMNISTIADA PARA PROTEGER A ZAPATERO."},"content":{"rendered":"\n<p><strong>Lunes 23<\/strong><strong>de febrero de 2026<\/strong>.<\/p>\n\n\n\n<figure class=\"wp-block-image size-large\"><a href=\"https:\/\/blogs.deia.eus\/anasagasti\/files\/2026\/02\/Albares_Rodriguez.jpg\"><img loading=\"lazy\" decoding=\"async\" width=\"940\" height=\"423\" src=\"https:\/\/blogs.deia.eus\/anasagasti\/files\/2026\/02\/Albares_Rodriguez-940x423.jpg\" alt=\"\" class=\"wp-image-21431\" srcset=\"https:\/\/blogs.deia.eus\/anasagasti\/files\/2026\/02\/Albares_Rodriguez-940x423.jpg 940w, https:\/\/blogs.deia.eus\/anasagasti\/files\/2026\/02\/Albares_Rodriguez-580x261.jpg 580w, https:\/\/blogs.deia.eus\/anasagasti\/files\/2026\/02\/Albares_Rodriguez-768x346.jpg 768w, https:\/\/blogs.deia.eus\/anasagasti\/files\/2026\/02\/Albares_Rodriguez.jpg 1024w\" sizes=\"auto, (max-width: 940px) 100vw, 940px\" \/><\/a><\/figure>\n\n\n\n<p>Ya lo han visto ustedes. Albares, el ministro espa\u00f1ol de Exteriores, que jam\u00e1s ha criticado la dictadura de Maduro, y que ha apoyado log\u00edsticamente en todo a Rodr\u00edguez Zapatero en sus &nbsp;m\u00e1s que sospechosos viajes, ha salido como un tiro pidiendo que la Aminist\u00eda aprobada por la Asamblea chavista en Caracas ,y que excluye a Maria Corina y Leopoldo L\u00f3pez y dirigentes principales como Alvarado,Ledezma,Otero,\u2026.se aplique a Delcy Rodriguez, la de las&nbsp; extra\u00f1as maletas en el aeropuerto de Barajas, la colaboradora principal de Maduro, una se\u00f1ora&nbsp; que tiene prohibido poner un pie en cualquier pa\u00eds de la Uni\u00f3n Europea. Y todo lo hace para proteger de manera abusiva a un Zapatero, el gran blanqueador del r\u00e9gimen, y&nbsp; que sigue sin reconocer la victoria electoral de Edmundo Gonz\u00e1lez Urrutia y Mar\u00eda Corina Machado el 28 de julio de 2024.Un tipo nefasto que nunca nos dijo que hab\u00eda presos pol\u00edticos y resulta que hoy el r\u00e9gimen reconoce&nbsp; la existencia de nada menos que de 11.000 procesados entre&nbsp; presos y ex detenidos.Menudo tipo!.<\/p>\n\n\n\n<p>Hay que recordar la encerrona que&nbsp; tendieron los hermanos Rodr\u00edguez, Jorge y Delcy, en la embajada espa\u00f1ola en Caracas para sacar al presidente electo del pa\u00eds mientras ,en lugar de hacerlo con Maduro que hab\u00eda robado las elecciones lo hicieron con el ganador de las elecciones, y durante este tiempo no han hecho absolutamente nada para sacar al yerno de Edmundo Gonz\u00e1lez de la c\u00e1rcel cuyo \u00fanico delito era estar casado con la hija de Gonz\u00e1lez Urrutia. Esa era la arbitrariedad y Zapatero, el gran mediador, cobrando por gestiones abusivas..<\/p>\n\n\n\n<p>Este es pues el Albares colaborador del chavismo junto al nefasto Zapatero.<\/p>\n\n\n\n<p>Que sea precisamente Espa\u00f1a la que ahora plantee quitarle las sanciones a Delcy Rodr\u00edguez usando la excusa de la \u201cLey de Amnist\u00eda\u201d (que no es una verdadera amnist\u00eda sino una maniobra tramposa) no es casualidad. Es la pol\u00edtica de Pedro S\u00e1nchez, aliado del r\u00e9gimen chavista y del principal operador y socio de ese alineamiento, el corrupto Jos\u00e9 Luis Rodr\u00edguez Zapatero. La idea detr\u00e1s de esto es blanquear al \u201crodrigato\u201d, venderlo ante Europa como un gobierno \u201cleg\u00edtimo\u201d (cuando no lo es, como todos sabemos) y evitar cualquier presi\u00f3n efectiva sobre la tiran\u00eda interina para que la transici\u00f3n conduzca verdaderamente a la libertad y a la democracia.<\/p>\n\n\n\n<p>Es el mismo juego que siempre ha jugado el lamentable gobierno espa\u00f1ol; el mismo que fue parte del destierro del presidente electo de Venezuela, el mismo que hoy mantiene con mordaza a los rehenes del chavismo (que incluso en Espa\u00f1a no pueden hablar), el mismo que ahora impulsa gestos diplom\u00e1ticos que sirven para lavar la imagen de un r\u00e9gimen que todav\u00eda mantiene a m\u00e1s de 700 presos en centros de tortura, el mismo que ser\u00e1 investigado por el financiamiento il\u00edcito de la tiran\u00eda chavista al PSOE.<\/p>\n\n\n\n<p>Todos sabemos lo que est\u00e1s haciendo, Zapatero y Albares. Pero no lo van a lograr.\u201d<\/p>\n<!-- AddThis Advanced Settings generic via filter on the_content --><!-- AddThis Share Buttons generic via filter on the_content -->","protected":false},"excerpt":{"rendered":"<p>Lunes 23de febrero de 2026. Ya lo han visto ustedes. Albares, el ministro espa\u00f1ol de Exteriores, que jam\u00e1s ha criticado la dictadura de Maduro, y que ha apoyado log\u00edsticamente en todo a Rodr\u00edguez Zapatero en sus &nbsp;m\u00e1s que sospechosos viajes, ha salido como un tiro pidiendo que la Aminist\u00eda aprobada por la Asamblea chavista en &hellip; <a href=\"https:\/\/blogs.deia.eus\/anasagasti\/2026\/02\/23\/albares-pide-que-delcy-sea-amnistiada-para-proteger-a-zapatero\/\" class=\"more-link\">Sigue leyendo <span class=\"screen-reader-text\">ALBARES PIDE QUE DELCY SEA AMNISTIADA PARA PROTEGER A ZAPATERO.<\/span><\/a><!-- AddThis Advanced Settings generic via filter on get_the_excerpt --><!-- AddThis Share Buttons generic via filter on get_the_excerpt --><\/p>\n","protected":false},"author":19,"featured_media":0,"comment_status":"open","ping_status":"open","sticky":false,"template":"","format":"standard","meta":{"footnotes":""},"categories":[1],"tags":[],"class_list":["post-21430","post","type-post","status-publish","format-standard","hentry","category-general"],"_links":{"self":[{"href":"https:\/\/blogs.deia.eus\/anasagasti\/wp-json\/wp\/v2\/posts\/21430","targetHints":{"allow":["GET"]}}],"collection":[{"href":"https:\/\/blogs.deia.eus\/anasagasti\/wp-json\/wp\/v2\/posts"}],"about":[{"href":"https:\/\/blogs.deia.eus\/anasagasti\/wp-json\/wp\/v2\/types\/post"}],"author":[{"embeddable":true,"href":"https:\/\/blogs.deia.eus\/anasagasti\/wp-json\/wp\/v2\/users\/19"}],"replies":[{"embeddable":true,"href":"https:\/\/blogs.deia.eus\/anasagasti\/wp-json\/wp\/v2\/comments?post=21430"}],"version-history":[{"count":1,"href":"https:\/\/blogs.deia.eus\/anasagasti\/wp-json\/wp\/v2\/posts\/21430\/revisions"}],"predecessor-version":[{"id":21432,"href":"https:\/\/blogs.deia.eus\/anasagasti\/wp-json\/wp\/v2\/posts\/21430\/revisions\/21432"}],"wp:attachment":[{"href":"https:\/\/blogs.deia.eus\/anasagasti\/wp-json\/wp\/v2\/media?parent=21430"}],"wp:term":[{"taxonomy":"category","embeddable":true,"href":"https:\/\/blogs.deia.eus\/anasagasti\/wp-json\/wp\/v2\/categories?post=21430"},{"taxonomy":"post_tag","embeddable":true,"href":"https:\/\/blogs.deia.eus\/anasagasti\/wp-json\/wp\/v2\/tags?post=21430"}],"curies":[{"name":"wp","href":"https:\/\/api.w.org\/{rel}","templated":true}]}}