{"id":21433,"date":"2026-02-24T09:05:58","date_gmt":"2026-02-24T07:05:58","guid":{"rendered":"https:\/\/blogs.deia.eus\/anasagasti\/?p=21433"},"modified":"2026-02-24T13:01:51","modified_gmt":"2026-02-24T11:01:51","slug":"los-espanoles-que-dejaron-de-serlo","status":"publish","type":"post","link":"https:\/\/blogs.deia.eus\/anasagasti\/2026\/02\/24\/los-espanoles-que-dejaron-de-serlo\/","title":{"rendered":"LOS ESPA\u00d1OLES QUE DEJARON DE SERLO"},"content":{"rendered":"\n<p><strong>Martes 24 de febrero de 2026<\/strong><strong><\/strong><\/p>\n\n\n<div class=\"wp-block-image\">\n<figure class=\"aligncenter size-full is-resized\"><a href=\"https:\/\/blogs.deia.eus\/anasagasti\/files\/2026\/02\/Los-espanoles-que-dejaron-de-serlo.jpg\"><img loading=\"lazy\" decoding=\"async\" width=\"300\" height=\"488\" src=\"https:\/\/blogs.deia.eus\/anasagasti\/files\/2026\/02\/Los-espanoles-que-dejaron-de-serlo.jpg\" alt=\"\" class=\"wp-image-21434\" style=\"width:390px;height:auto\" \/><\/a><\/figure>\n<\/div>\n\n\n<p>El periodismo&nbsp;espa\u00f1ol despidi\u00f3 ayer &nbsp;a una de sus firmas m\u00e1s libres, incisivas e importantes.&nbsp;El periodista y escritor Gregorio Mor\u00e1n&nbsp;ha muerto a los 79 a\u00f1os, dejando tras de s\u00ed un&nbsp; legado de honestidad intelectual. Su pluma, siempre afilada y al\u00e9rgica a los dogmas oficiales, hab\u00eda encontrado su \u00faltimo refugio en las p\u00e1ginas de The objective,&nbsp; cabecera en la que comenz\u00f3 a escribir el pasado 3 de enero.<\/p>\n\n\n\n<p>He elegido como t\u00edtulo del post el del libro que le encarg\u00f3 Planeta en 1981 sobre lo que estaba ocurriendo en Euzkadi. \u201dLos espa\u00f1oles que dejaron de serlo\u201d. El t\u00edtulo se las tra\u00eda y curiosamente lo que caus\u00f3 esc\u00e1ndalo en los ochenta ha sido silenciado en su muerte. Pero marc\u00f3 una \u00e9poca ya que analizaba los tres mundos en los que se desenvolv\u00eda la pol\u00edtica vasca. El PNV, Neguri y ETA. Y lo hizo con maestr\u00eda cabreando sobre todo al &nbsp;Neguri &nbsp;colaboracionista&nbsp; del franquismo&nbsp; ridiculizando a ciertos personajes a los que accedi\u00f3, y a la pol\u00edtica servil de entrega a la dictadura.<\/p>\n\n\n\n<p>Aquel a\u00f1o toc\u00f3 la puerta del Partido y me toc\u00f3 llevarle a entrevistarse con mucha gente representativa de la guerra, que aun viv\u00edan, e incluso un fin de semana nos fuimos en tren a Paris. All\u00ed abr\u00ed la Delegaci\u00f3n Vasca de la Rue Singer, cerrada y abandonada dos a\u00f1os, desde la marcha del Lehendakari Leizaola, con sus cajas y sombras y all\u00ed encontr\u00f3 el informe Lejarcegui que le sirvi\u00f3 como documento para los \u00faltimos d\u00edas de la guerra en 1937 y el Pacto de Santo\u00f1a. Pas\u00f3 por la garlopa de Juan Manuel Epalza haciendo las acotaciones p\u00e1gina a p\u00e1gina.<\/p>\n\n\n\n<p>El libro tuvo mucho \u00e9xito e hizo tantos contactos personales que a&nbsp; pesar de su car\u00e1cter dif\u00edcil acab\u00f3 como director de la moribunba Gaceta del Norte en Bilbao. Aquello no funcion\u00f3 y escribi\u00f3 otro libro, m\u00e1s \u00e1cido, que pas\u00f3 desapercibido &nbsp;y como ten\u00eda un car\u00e1cter esquinado, se enfad\u00f3 con mucha gente que le reconoc\u00edan su val\u00eda pero no aguantaban lo que escrib\u00eda. Le pas\u00f3 lo mismo en La Vanguardia de Barcelona donde fue a vivir y all\u00ed ha fallecido.<\/p>\n\n\n\n<p>Recuerdo haberle llevado al Alderdi Eguna de Itziar donde saludamos a much\u00edsima gente, entre ellos al Lehendakari Leizaola y recuerdo que una de las cosas que le impresionaron de las entrevistas que tuvo con gudaris y autoridades del 36 eran los funerales que se hac\u00edan y donde se\u00a0 cantaba el Requiem de Perosi. Como todos le hablaban de este Requiem, lo oy\u00f3 y qued\u00f3 enganchado a \u00e9l y eso que era un agn\u00f3stico ejerciente. Pero le parec\u00eda el mejor resumen de una vida por su solemnidad y cadencia. Era marca de la casa EAJ-PNV. Ahora ya no hay ni funerales.<\/p>\n\n\n\n<p>Nacido en Oviedo en 1947,&nbsp;la juventud de Mor\u00e1n estuvo marcada por el compromiso y el riesgo. Tras trasladarse a Madrid, se volc\u00f3 de lleno en la actividad pol\u00edtica clandestina para combatir la dictadura. Sin embargo, con la muerte de Franco y el amanecer de una nueva etapa hist\u00f3rica, decidi\u00f3 abandonar la militancia estricta para abrazar la que ser\u00eda su verdadera vocaci\u00f3n: el periodismo. Su mirada cr\u00edtica comenz\u00f3 a forjarse en los albores de la democracia, colaborando en medios imprescindibles de la \u00e9poca como&nbsp;Diario 16,&nbsp;El Pa\u00eds&nbsp;y la m\u00edtica revista&nbsp;Triunfo. Su libro dedicado a Su\u00e1rez \u201cHistoria de una Ambici\u00f3n\u201d puso en la picota al entonces presidente del gobierno algo que con el tiempo rectificar\u00eda poniendo a Su\u00e1rez en su verdadero sitio. Para el primero no dud\u00f3 en sacar de quicio a Torcuato Fern\u00e1ndez Miranda.<\/p>\n\n\n\n<p>A mediados de febrero fue sometido a una intervenci\u00f3n quir\u00fargica en Barcelona, ciudad que le ha acogido durante las \u00faltimas d\u00e9cadas, y tuvo que interrumpir sus famosas \u2018Sabatinas intempestivas\u2019. Y ha sido una complicaci\u00f3n posterior la que ha acabado con su vida.&nbsp;El art\u00edculo publicado el pasado 7 de febrero, titulado \u2018La culpa es del cocinero\u2019, quedar\u00e1 para la historia como su \u00faltima columna.&nbsp;\u201cNunca comiences un art\u00edculo haciendo una pregunta ret\u00f3rica. Es la primera advertencia que te hacen cuando empiezas a escribir en los peri\u00f3dicos. Aseguran que a los lectores no les gusta que alguien venga con pendejadas por responder. Hagamos una excepci\u00f3n: \u00bfqu\u00e9 tiene que ver el desastre sistem\u00e1tico de las comunicaciones f\u00e9rreas de Barcelona con el despido de un cocinero cordob\u00e9s por el Ayuntamiento de la Ciudad de los Prodigios?\u201d, comenzaba el escritor ovetense en ese texto .<\/p>\n\n\n\n<p>De vez en cuando recib\u00eda mensajes suyos a trav\u00e9s de amigos y siempre qued\u00e1bamos en vernos. No va a ser posible y, lo lamento much\u00edsimo. Una persona brillante, cr\u00edtica, un buen analista y un ir\u00f3nico adem\u00e1s de un gran&nbsp; c\u00ednico como no he conocido. Una p\u00e9rdida. Descanse en paz.<\/p>\n<!-- AddThis Advanced Settings generic via filter on the_content --><!-- AddThis Share Buttons generic via filter on the_content -->","protected":false},"excerpt":{"rendered":"<p>Martes 24 de febrero de 2026 El periodismo&nbsp;espa\u00f1ol despidi\u00f3 ayer &nbsp;a una de sus firmas m\u00e1s libres, incisivas e importantes.&nbsp;El periodista y escritor Gregorio Mor\u00e1n&nbsp;ha muerto a los 79 a\u00f1os, dejando tras de s\u00ed un&nbsp; legado de honestidad intelectual. Su pluma, siempre afilada y al\u00e9rgica a los dogmas oficiales, hab\u00eda encontrado su \u00faltimo refugio en &hellip; <a href=\"https:\/\/blogs.deia.eus\/anasagasti\/2026\/02\/24\/los-espanoles-que-dejaron-de-serlo\/\" class=\"more-link\">Sigue leyendo <span class=\"screen-reader-text\">LOS ESPA\u00d1OLES QUE DEJARON DE SERLO<\/span><\/a><!-- AddThis Advanced Settings generic via filter on get_the_excerpt --><!-- AddThis Share Buttons generic via filter on get_the_excerpt --><\/p>\n","protected":false},"author":19,"featured_media":0,"comment_status":"open","ping_status":"open","sticky":false,"template":"","format":"standard","meta":{"footnotes":""},"categories":[1],"tags":[],"class_list":["post-21433","post","type-post","status-publish","format-standard","hentry","category-general"],"_links":{"self":[{"href":"https:\/\/blogs.deia.eus\/anasagasti\/wp-json\/wp\/v2\/posts\/21433","targetHints":{"allow":["GET"]}}],"collection":[{"href":"https:\/\/blogs.deia.eus\/anasagasti\/wp-json\/wp\/v2\/posts"}],"about":[{"href":"https:\/\/blogs.deia.eus\/anasagasti\/wp-json\/wp\/v2\/types\/post"}],"author":[{"embeddable":true,"href":"https:\/\/blogs.deia.eus\/anasagasti\/wp-json\/wp\/v2\/users\/19"}],"replies":[{"embeddable":true,"href":"https:\/\/blogs.deia.eus\/anasagasti\/wp-json\/wp\/v2\/comments?post=21433"}],"version-history":[{"count":2,"href":"https:\/\/blogs.deia.eus\/anasagasti\/wp-json\/wp\/v2\/posts\/21433\/revisions"}],"predecessor-version":[{"id":21436,"href":"https:\/\/blogs.deia.eus\/anasagasti\/wp-json\/wp\/v2\/posts\/21433\/revisions\/21436"}],"wp:attachment":[{"href":"https:\/\/blogs.deia.eus\/anasagasti\/wp-json\/wp\/v2\/media?parent=21433"}],"wp:term":[{"taxonomy":"category","embeddable":true,"href":"https:\/\/blogs.deia.eus\/anasagasti\/wp-json\/wp\/v2\/categories?post=21433"},{"taxonomy":"post_tag","embeddable":true,"href":"https:\/\/blogs.deia.eus\/anasagasti\/wp-json\/wp\/v2\/tags?post=21433"}],"curies":[{"name":"wp","href":"https:\/\/api.w.org\/{rel}","templated":true}]}}