{"id":21437,"date":"2026-02-25T09:25:00","date_gmt":"2026-02-25T07:25:00","guid":{"rendered":"https:\/\/blogs.deia.eus\/anasagasti\/?p=21437"},"modified":"2026-02-25T09:25:01","modified_gmt":"2026-02-25T07:25:01","slug":"julian-zugazagoitia-1899-1940-sin-rencor-vida-y-muerte-de-un-periodista-socialista","status":"publish","type":"post","link":"https:\/\/blogs.deia.eus\/anasagasti\/2026\/02\/25\/julian-zugazagoitia-1899-1940-sin-rencor-vida-y-muerte-de-un-periodista-socialista\/","title":{"rendered":"JULI\u00c1N ZUGAZAGOITIA (1899-1940). SIN RENCOR. VIDA Y MUERTE DE UN PERIODISTA SOCIALISTA"},"content":{"rendered":"\n<p><strong>Mi\u00e9rcoles 25 de febrero de 2026<\/strong><\/p>\n\n\n<div class=\"wp-block-image\">\n<figure class=\"aligncenter size-full is-resized\"><a href=\"https:\/\/blogs.deia.eus\/anasagasti\/files\/2026\/02\/Julian-Zugazagoitia-2.jpg\"><img loading=\"lazy\" decoding=\"async\" width=\"229\" height=\"350\" src=\"https:\/\/blogs.deia.eus\/anasagasti\/files\/2026\/02\/Julian-Zugazagoitia-2.jpg\" alt=\"\" class=\"wp-image-21441\" style=\"width:487px;height:auto\" \/><\/a><\/figure>\n<\/div>\n\n\n<p>El pasado jueves 19 de febrero tuvo lugar en la sede de Gogora la presentaci\u00f3n del libro escrito por Luis Sala<\/p>\n\n\n\n<p><em>Fue presentado \u2018Juli\u00e1n Zugazagoitia (1899-1940). Sin rencor. Vida y muerte de un periodista socialista\u2019<\/em>, con la colaboraci\u00f3n de Sara Hidalgo, profesora de Historia de la UPV. Alberto Alonso, director de Gogora,&nbsp; present\u00f3 la iniciativa.<\/p>\n\n\n\n<p>Juli\u00e1n Zugazagoitia Mendieta (Bilbao, 1899-1940 &nbsp;fue una de las firmas pol\u00edticas m\u00e1s influyentes en la primera mitad del siglo XX &nbsp;en Euzkadi y en Espa\u00f1a. Director de El Socialista, concejal del ayuntamiento de Bilbao, diputado en las Cortes republicanas en 1931 y 1936; y ministro de la Gobernaci\u00f3n en el primer Gobierno presidido por Juan Negr\u00edn durante la guerra, Zugazagoitia fue fundamentalmente periodista, escritor de peri\u00f3dicos.<\/p>\n\n\n\n<p>Detenido por la Gestapo en Par\u00eds, entregado a las autoridades franquistas en la frontera, condenado a muerte y fusilado en Madrid el 9 de noviembre de 1940. Esta biograf\u00eda pretende recuperar su vida y releer su obra para que las nuevas generaciones la conozcan.<\/p>\n\n\n\n<p>En su intervenci\u00f3n Luis Sala, que es el director de la Fundaci\u00f3n Indalecio Prieto, dio cuenta de la gran personalidad de Zugazagoitia y entre otras reflexiones ley\u00f3 la valoraci\u00f3n positiva que de \u00e9l hizo Don Manuel de Irujo acabando con un pensamiento del Jelkide de Tolosa, Germ\u00e1n I\u00f1urrategi sobre la trayectoria del diputado y ministro socialista fundamentalmente un hombre de bien. Pudimos ver asimismo desde M\u00e9xico el recuerdo hecho a su padre por dos de sus hijos. Entre el p\u00fablico hab\u00eda una bisnieta mexicana ya que la viuda de Zuga recal\u00f3 en M\u00e9xico viajando en el Nyassa con Telesforo Monz\u00f3n, Santiago Aznar, Julio Jauregi, Gonzalo Nardiz, Tom\u00e1s Bilbao y diversos exiliados. Previamente hab\u00eda estado residiendo en Berck Plage con las esposas y familia de los Consejeros del primer Gobierno Vasco.<\/p>\n\n\n\n<p>En el coloquio se ech\u00f3 en falta el conocimiento pol\u00edtico e hist\u00f3rico de esta importante personalidad vasca que lo hab\u00eda sido todo, y adem\u00e1s fusilado tras ser capturado como Luis Companys y entregado en el puente de Hendaia. Se habla mucho del periodista Chaves Nogales pero hubo otros Chaves Nogales de los que nadie habla.<\/p>\n\n\n\n<p>Una l\u00e1stima que acto tan importante no contara con ni un solo diputado del PSE, ni concejal, ni ministro. Como si no hubiera existido. Estuvo Txema Oleaga a quien le coment\u00e9 la perplejidad que me produc\u00eda el hecho. Y tambi\u00e9n del PNV. Quiz\u00e1s Andueza cree que la historia de su partido se agota con Rubial y si le sacas de la bronca no se mezcla en actos de divulgaci\u00f3n en los que no es el protagonista. Y sin embargo fue un acto tan importante donde se honra a quien ha de ser honrado como Juli\u00e1n Zugazagoitia. Una gran personalidad que muri\u00f3 fusilado, honrado por el PNV y ayudada su viuda por el Gobierno Vasco. Es desgraciadamente lo que hay.<\/p>\n\n\n<div class=\"wp-block-image\">\n<figure class=\"aligncenter size-large\"><a href=\"https:\/\/blogs.deia.eus\/anasagasti\/files\/2026\/02\/Gogora_1-1.jpg\"><img loading=\"lazy\" decoding=\"async\" width=\"940\" height=\"503\" src=\"https:\/\/blogs.deia.eus\/anasagasti\/files\/2026\/02\/Gogora_1-1-940x503.jpg\" alt=\"\" class=\"wp-image-21442\" srcset=\"https:\/\/blogs.deia.eus\/anasagasti\/files\/2026\/02\/Gogora_1-1-940x503.jpg 940w, https:\/\/blogs.deia.eus\/anasagasti\/files\/2026\/02\/Gogora_1-1-580x310.jpg 580w, https:\/\/blogs.deia.eus\/anasagasti\/files\/2026\/02\/Gogora_1-1-768x411.jpg 768w, https:\/\/blogs.deia.eus\/anasagasti\/files\/2026\/02\/Gogora_1-1-1536x821.jpg 1536w, https:\/\/blogs.deia.eus\/anasagasti\/files\/2026\/02\/Gogora_1-1.jpg 1767w\" sizes=\"auto, (max-width: 940px) 100vw, 940px\" \/><\/a><\/figure>\n<\/div><!-- AddThis Advanced Settings generic via filter on the_content --><!-- AddThis Share Buttons generic via filter on the_content -->","protected":false},"excerpt":{"rendered":"<p>Mi\u00e9rcoles 25 de febrero de 2026 El pasado jueves 19 de febrero tuvo lugar en la sede de Gogora la presentaci\u00f3n del libro escrito por Luis Sala Fue presentado \u2018Juli\u00e1n Zugazagoitia (1899-1940). Sin rencor. Vida y muerte de un periodista socialista\u2019, con la colaboraci\u00f3n de Sara Hidalgo, profesora de Historia de la UPV. Alberto Alonso, &hellip; <a href=\"https:\/\/blogs.deia.eus\/anasagasti\/2026\/02\/25\/julian-zugazagoitia-1899-1940-sin-rencor-vida-y-muerte-de-un-periodista-socialista\/\" class=\"more-link\">Sigue leyendo <span class=\"screen-reader-text\">JULI\u00c1N ZUGAZAGOITIA (1899-1940). SIN RENCOR. VIDA Y MUERTE DE UN PERIODISTA SOCIALISTA<\/span><\/a><!-- AddThis Advanced Settings generic via filter on get_the_excerpt --><!-- AddThis Share Buttons generic via filter on get_the_excerpt --><\/p>\n","protected":false},"author":19,"featured_media":0,"comment_status":"open","ping_status":"open","sticky":false,"template":"","format":"standard","meta":{"footnotes":""},"categories":[1],"tags":[],"class_list":["post-21437","post","type-post","status-publish","format-standard","hentry","category-general"],"_links":{"self":[{"href":"https:\/\/blogs.deia.eus\/anasagasti\/wp-json\/wp\/v2\/posts\/21437","targetHints":{"allow":["GET"]}}],"collection":[{"href":"https:\/\/blogs.deia.eus\/anasagasti\/wp-json\/wp\/v2\/posts"}],"about":[{"href":"https:\/\/blogs.deia.eus\/anasagasti\/wp-json\/wp\/v2\/types\/post"}],"author":[{"embeddable":true,"href":"https:\/\/blogs.deia.eus\/anasagasti\/wp-json\/wp\/v2\/users\/19"}],"replies":[{"embeddable":true,"href":"https:\/\/blogs.deia.eus\/anasagasti\/wp-json\/wp\/v2\/comments?post=21437"}],"version-history":[{"count":1,"href":"https:\/\/blogs.deia.eus\/anasagasti\/wp-json\/wp\/v2\/posts\/21437\/revisions"}],"predecessor-version":[{"id":21443,"href":"https:\/\/blogs.deia.eus\/anasagasti\/wp-json\/wp\/v2\/posts\/21437\/revisions\/21443"}],"wp:attachment":[{"href":"https:\/\/blogs.deia.eus\/anasagasti\/wp-json\/wp\/v2\/media?parent=21437"}],"wp:term":[{"taxonomy":"category","embeddable":true,"href":"https:\/\/blogs.deia.eus\/anasagasti\/wp-json\/wp\/v2\/categories?post=21437"},{"taxonomy":"post_tag","embeddable":true,"href":"https:\/\/blogs.deia.eus\/anasagasti\/wp-json\/wp\/v2\/tags?post=21437"}],"curies":[{"name":"wp","href":"https:\/\/api.w.org\/{rel}","templated":true}]}}