{"id":21444,"date":"2026-02-25T22:17:01","date_gmt":"2026-02-25T20:17:01","guid":{"rendered":"https:\/\/blogs.deia.eus\/anasagasti\/?p=21444"},"modified":"2026-02-25T22:17:02","modified_gmt":"2026-02-25T20:17:02","slug":"45-anos-despues-entregan-cuatro-papeluchos-debidamente-tratados","status":"publish","type":"post","link":"https:\/\/blogs.deia.eus\/anasagasti\/2026\/02\/25\/45-anos-despues-entregan-cuatro-papeluchos-debidamente-tratados\/","title":{"rendered":"45 A\u00d1OS DESPU\u00c9S ENTREGAN CUATRO PAPELUCHOS DEBIDAMENTE TRATADOS"},"content":{"rendered":"\n<p><strong>Mi\u00e9rcoles 25 de febrero de 2026<\/strong><\/p>\n\n\n<div class=\"wp-block-image\">\n<figure class=\"aligncenter size-full\"><a href=\"https:\/\/blogs.deia.eus\/anasagasti\/files\/2026\/02\/Tejero-23F.jpg\"><img loading=\"lazy\" decoding=\"async\" width=\"641\" height=\"438\" src=\"https:\/\/blogs.deia.eus\/anasagasti\/files\/2026\/02\/Tejero-23F.jpg\" alt=\"\" class=\"wp-image-21445\" srcset=\"https:\/\/blogs.deia.eus\/anasagasti\/files\/2026\/02\/Tejero-23F.jpg 641w, https:\/\/blogs.deia.eus\/anasagasti\/files\/2026\/02\/Tejero-23F-580x396.jpg 580w\" sizes=\"auto, (max-width: 641px) 100vw, 641px\" \/><\/a><\/figure>\n<\/div>\n\n\n<p>Recuerdo una reuni\u00f3n de Secretos Oficiales a puerta cerrada en el Congreso. Ped\u00edamos documentaci\u00f3n y al llegar a la sala Mariana Pineda nos encontramos con toda la mesa llena de carpetas AZ. No hab\u00eda hijo de madre que encontrara nada. Y le recuerdo a Joaqu\u00edn Almunia que revisando aquellos documentos se encontr\u00f3 con un seguimiento del Cesid al presidente guineano Obiang en su visita a Madrid, as\u00ed como la de su s\u00e9quito y familiares. Y nos coment\u00f3 Joaqu\u00edn, \u201dAdem\u00e1s de incapaces, racistas. A la operaci\u00f3n de seguimiento la llamaban Copito de Nieve\u201d. L\u00f3gicamente no sacamos nada en limpio como no se sacar\u00e1 nada claro con esta desclasificaci\u00f3n interesada que no ha permitido una ley franquista de 1968.<\/p>\n\n\n\n<p>Lo apunt\u00f3 nada menos en entrevista televisiva el director del Cesid Alberto Saiz (2004 &#8211; 2009) diciendo que todo lo referente al 23 F hab\u00eda sido debidamente tratado\u201d, es decir, \u201dcepillado\u201d. Y lo dijo sonriendo. Y es que nos tratan como a ni\u00f1os. O algunos se dejan tratar as\u00ed. Titulan incluso que iban contra el Rey. No dudo que alguien lo dijera y aparezca en un rengl\u00f3n, pero de eso, a que nos lo pongan como el salvador y el motor del cambio va como de la noche al d\u00eda.<\/p>\n\n\n\n<p>\u00bfC\u00f3mo alguien puede creer que tras 45 a\u00f1os de silencio nos van a dar los datos de la importante trama civil y de los poderosos medios, la postura de Felipe Gonz\u00e1lez, que aparec\u00eda como vicepresidente del gobierno Armada, y sobre todo de como el rey hab\u00eda impulsado el golpe con su hombre, el general Armada y frenado en el \u00faltimo segundo?. \u00bfPor qu\u00e9 no se repite lo que ha dicho Rojas Marcos tras su conversaci\u00f3n con Felipe Gonz\u00e1lez en un avi\u00f3n previo al golpe reconociendo la implicaci\u00f3n total de Armada en un golpe \u201cblando\u201d sin tiros, pero golpe de tim\u00f3n como ped\u00eda Tarradellas?.<\/p>\n\n\n\n<p>No son tontos estos galos &nbsp;y &nbsp;como deb\u00edan mantener inc\u00f3lume la figura del rey (todos eran Juancarlistas) y de la sacrosanta Transici\u00f3n, pues a mentir de manera muy profesional. Y siguen mintiendo.<\/p>\n\n\n\n<p>Tengo muchos datos, pero solo escribo algunos.<\/p>\n\n\n\n<p>En una recepci\u00f3n oficial quien hab\u00eda sido ministro de la presidencia con Arias Navarro, Antonio Carro, me dijo. \u201dEl culpable del 23 F fue \u00e9ste (dirigi\u00e9ndose donde estaba el rey)\u201d. \u201d\u00bfPor qu\u00e9?\u201d. \u201dNo soportaba que tras las elecciones del 15 de junio del 77, legitimado Su\u00e1rez por las urnas mandara Su\u00e1rez y no \u00e9l que hab\u00eda tenido todo el poder dado por Franco y ante los atentados de ETA y la negociaci\u00f3n de los estatutos vasco y catal\u00e1n, que hab\u00edan ido muy lejos, frivolizaba con los militares que le visitaban mientras le echaba la culpa de todo a Su\u00e1rez, creando el clima y apoy\u00e1ndose en todo en el general Armada que hab\u00eda sido su preceptor\u201d.<\/p>\n\n\n\n<p>En esa l\u00ednea el embajador alem\u00e1n en ese tiempo lo fue en Madrid, al despedirse para volver a Alemania public\u00f3 un informe, reproducido en el Der Spiegel, diciendo que le hab\u00eda decepcionado profundamente el rey achacando el golpe a Su\u00e1rez por no hacer caso a los militares, cuando ten\u00edan toda la raz\u00f3n. De hecho en las conversaciones grabadas por B\u00e1rbara Rey, Juan Carlos le dice que el general Armada era un jabato por haber tenido la boca &nbsp;cerrada y haber ido a la c\u00e1rcel. Dicho esto que est\u00e1 grabado en su libro aparecido en diciembre, ahora, le llama traidor.<\/p>\n\n\n\n<p>Y otro dato es el que me cont\u00f3 Marcos Vizcaya que fue contactado por Alfonso Guerra para ver c\u00f3mo ver\u00eda el PNV un gobierno presidido por un militar. Le consult\u00f3 al presidente del EBB, Xabier Arzalluz y le contest\u00f3 ir\u00f3nicamente. \u201d\u00bfY por qu\u00e9 no por un Obispo?\u201d. Es decir que hab\u00eda en marcha toda una operaci\u00f3n Armada, que coincide con Rojas Marcos, con algo tan estramb\u00f3tico como un gobierno de concentraci\u00f3n, sin PNV y CiU, presididos por un militar.<\/p>\n\n\n\n<p>Aralluz acus\u00f3 a Enrique M\u00fagica de estar en el complot desde Lleida donde Armada era el gobernador militar, \u00e9ste lo neg\u00f3 y tuvieron un debate&nbsp; M\u00fagica y Enrique Casas con Arzalluz y Monforte que tuvo un gran seguimiento y una gran repercusi\u00f3n. Y del que nadie al parecer se acuerda.<\/p>\n\n\n\n<p>Arzalluz sab\u00eda mucho de aquello pues entre otros, Miguel Herrero y Rodr\u00edguez de Mi\u00f1\u00f3n le hab\u00eda dado datos entre otros de la implicaci\u00f3n del presidente de la CEOE Ferrer Salat y varios empresarios de alto copete madrile\u00f1os que odiaban a Su\u00e1rez tanto o m\u00e1s como le odian hoy a Pedro S\u00e1nchez. Sin olvidar a Tarradellas que ped\u00eda un golpe de tim\u00f3n, y que dec\u00eda que \u201clo vasco es el c\u00e1ncer de Espa\u00f1a\u201d.<\/p>\n\n\n\n<p>\u00bfY por qu\u00e9 sale ahora?.<\/p>\n\n\n\n<p>Quiero creer que Pedro S\u00e1nchez no lo hace por la frivolidad de que se lo ha pedido Javier Cercas, que nunca toca el nervio de la trama y defiende a Juan Carlos, habi\u00e9ndoselo pedido, entre otros, el PNV durante cuarenta a\u00f1os.<\/p>\n\n\n\n<p>\u00c9l sabr\u00e1, por qu\u00e9 lo da todo muy medido. Quiz\u00e1s le quiera mandar un mensaje a Felipe Gonz\u00e1lez que como en el tema del GAL, estaba tan involucrado como muchos de los complotados, el caso es que nadie espere que salga implicado Juan Carlos de Borb\u00f3n, verdadero sponsor de aquella sangrienta charlotada que tuvo, ante la irrupci\u00f3n esperp\u00e9ntica de Tejero, tricornio, pistola y mostacho, \u00e9l mismo que pararlo a tiempo. Todo lo dem\u00e1s es un cuento chino para cr\u00e9dulos y buenos juancarlistas.<\/p>\n\n\n\n<p>Y una idea muy clara. El golpe nunca se hizo contra el rey sino en nombre del rey. Fue la gran clave.<\/p>\n\n\n\n<p>\u00bfY qu\u00e9 pas\u00f3 de verdad?. Sencillo. Como consecuencia de la irrupci\u00f3n del ej\u00e9rcito, la UCD, AP y el PSOE aprobaron la LOAPA (Ley Org\u00e1nica de Armonizaci\u00f3n del Proceso Auton\u00f3mico) que todav\u00eda padecemos con un estatuto congelado y a cuentagotas, producto del Tejerazo.<\/p>\n\n\n\n<p>Y la pregunta como nacionalistas. \u00bfPor qu\u00e9 EITB y los medios vascos no &nbsp;nos refrescan la memoria con la visi\u00f3n del 23F pero hecha desde Euzkadi y con quienes pueden hablar de aquello?.<\/p>\n<!-- AddThis Advanced Settings generic via filter on the_content --><!-- AddThis Share Buttons generic via filter on the_content -->","protected":false},"excerpt":{"rendered":"<p>Mi\u00e9rcoles 25 de febrero de 2026 Recuerdo una reuni\u00f3n de Secretos Oficiales a puerta cerrada en el Congreso. Ped\u00edamos documentaci\u00f3n y al llegar a la sala Mariana Pineda nos encontramos con toda la mesa llena de carpetas AZ. No hab\u00eda hijo de madre que encontrara nada. Y le recuerdo a Joaqu\u00edn Almunia que revisando aquellos &hellip; <a href=\"https:\/\/blogs.deia.eus\/anasagasti\/2026\/02\/25\/45-anos-despues-entregan-cuatro-papeluchos-debidamente-tratados\/\" class=\"more-link\">Sigue leyendo <span class=\"screen-reader-text\">45 A\u00d1OS DESPU\u00c9S ENTREGAN CUATRO PAPELUCHOS DEBIDAMENTE TRATADOS<\/span><\/a><!-- AddThis Advanced Settings generic via filter on get_the_excerpt --><!-- AddThis Share Buttons generic via filter on get_the_excerpt --><\/p>\n","protected":false},"author":19,"featured_media":0,"comment_status":"open","ping_status":"open","sticky":false,"template":"","format":"standard","meta":{"footnotes":""},"categories":[1],"tags":[],"class_list":["post-21444","post","type-post","status-publish","format-standard","hentry","category-general"],"_links":{"self":[{"href":"https:\/\/blogs.deia.eus\/anasagasti\/wp-json\/wp\/v2\/posts\/21444","targetHints":{"allow":["GET"]}}],"collection":[{"href":"https:\/\/blogs.deia.eus\/anasagasti\/wp-json\/wp\/v2\/posts"}],"about":[{"href":"https:\/\/blogs.deia.eus\/anasagasti\/wp-json\/wp\/v2\/types\/post"}],"author":[{"embeddable":true,"href":"https:\/\/blogs.deia.eus\/anasagasti\/wp-json\/wp\/v2\/users\/19"}],"replies":[{"embeddable":true,"href":"https:\/\/blogs.deia.eus\/anasagasti\/wp-json\/wp\/v2\/comments?post=21444"}],"version-history":[{"count":1,"href":"https:\/\/blogs.deia.eus\/anasagasti\/wp-json\/wp\/v2\/posts\/21444\/revisions"}],"predecessor-version":[{"id":21446,"href":"https:\/\/blogs.deia.eus\/anasagasti\/wp-json\/wp\/v2\/posts\/21444\/revisions\/21446"}],"wp:attachment":[{"href":"https:\/\/blogs.deia.eus\/anasagasti\/wp-json\/wp\/v2\/media?parent=21444"}],"wp:term":[{"taxonomy":"category","embeddable":true,"href":"https:\/\/blogs.deia.eus\/anasagasti\/wp-json\/wp\/v2\/categories?post=21444"},{"taxonomy":"post_tag","embeddable":true,"href":"https:\/\/blogs.deia.eus\/anasagasti\/wp-json\/wp\/v2\/tags?post=21444"}],"curies":[{"name":"wp","href":"https:\/\/api.w.org\/{rel}","templated":true}]}}