{"id":21447,"date":"2026-02-27T10:09:27","date_gmt":"2026-02-27T08:09:27","guid":{"rendered":"https:\/\/blogs.deia.eus\/anasagasti\/?p=21447"},"modified":"2026-02-27T14:29:54","modified_gmt":"2026-02-27T12:29:54","slug":"seis-anos-sin-xabier-arzalluz","status":"publish","type":"post","link":"https:\/\/blogs.deia.eus\/anasagasti\/2026\/02\/27\/seis-anos-sin-xabier-arzalluz\/","title":{"rendered":"SIETE A\u00d1OS SIN XABIER ARZALLUZ"},"content":{"rendered":"\n<p><strong>Viernes 27 de febrero de 2026<\/strong><\/p>\n\n\n<div class=\"wp-block-image\">\n<figure class=\"aligncenter size-full\"><a href=\"https:\/\/blogs.deia.eus\/anasagasti\/files\/2026\/02\/Xabier-Arzalluz_Alderdi-Eguna.jpg\"><img loading=\"lazy\" decoding=\"async\" width=\"557\" height=\"874\" src=\"https:\/\/blogs.deia.eus\/anasagasti\/files\/2026\/02\/Xabier-Arzalluz_Alderdi-Eguna.jpg\" alt=\"\" class=\"wp-image-21448\" \/><\/a><\/figure>\n<\/div>\n\n\n<p>Ma\u00f1ana s\u00e1bado se cumple siete a\u00f1os del fallecimiento de Xabier Arzalluz. Hace siete a\u00f1os estall\u00f3 el silencio de su voz. Hace siete y parecer\u00eda m\u00e1s. En este lapso de tiempo se le ha recordado poco.<\/p>\n\n\n\n<p>Nadie se acuerda del debate &nbsp;que tuvo con Enrique Mugica y Enrique Casas, acompa\u00f1ado por Monforte, en la SER sobre la implicaci\u00f3n de Mugica en la gestaci\u00f3n de un gobierno de concentraci\u00f3n presidido por Armada, que exclu\u00eda a CiU y al PNV y que acab\u00f3 en el 23F.<\/p>\n\n\n\n<p>Era los a\u00f1os de la dura negociaci\u00f3n del Concierto y de la bronca al rey en Gernika con una ETA que mataba una persona cada tres d\u00edas, una HB que no acud\u00eda a las instituciones y \u00e9l era el presidente del EBB y conoc\u00eda bien el percal, pasaron muchas cosas tapadas absolutamente. No me extra\u00f1a que los chavales lo ignoren todo.<\/p>\n\n\n\n<p>He contado como est\u00e1bamos escuchando la radio en la sede del PNV el 23 F de 1981, aquel 23 F, y su expresi\u00f3n fue la de.\u201d\u00a1Que pa\u00eds y ej\u00e9rcito de Pancho Villa!\u201d. Y tras esto mantenerse en el puente diciendo a la gente lo que ten\u00eda que hacer y sobre todo mantener la calma. Vino despu\u00e9s la LOAPA que le cogi\u00f3 de sorpresa pues Felipe Gonz\u00e1lez le hab\u00eda dicho lo contrario y que ocasion\u00f3 una dura separaci\u00f3n pol\u00edtica y, cinco a\u00f1os sin hablarse, y &nbsp;con un resultado que no se analiza ya que aquello logr\u00f3 un Estatuto como el de Gernika clavado 45 a\u00f1os.<\/p>\n\n\n\n<p>De todo esto no ha hablado para nada la EITB, medio p\u00fablico vasco,, ni con los supervivientes vascos del golpe pues todo el enfoque ha sido mesetario y anecd\u00f3tico. Toda la profesionalidad se dilapida en hacer las mejores transmisiones deportivas. No contarnos lo que nos ha pasado. Y as\u00ed nos va.<\/p>\n\n\n\n<p>Pero hay que recordar a Arzalluz.<\/p>\n\n\n\n<p>Y es que creemos que con nosotros empieza todo. Somos incapaces de reconocer m\u00e9ritos ajenos para ponerlos como referencia. Y Xabier Arzalluz no fue una referencia, sino la referencia. Pero parecer\u00eda que no.<\/p>\n\n\n\n<p>Dio el paso a complicarse la vida en 1968 cuando ETA comenzaba su locura infinita. Dej\u00f3 una&nbsp; carrera profesional promisoria bien en la Universidad, bien en el foro. Su palabra fue gu\u00eda y su visi\u00f3n pol\u00edtica, hoja de ruta. El EAJ-PNV no ser\u00eda lo que es hoy sin Xabier Arzalluz, con todos sus defectos pero con todos sus afectos y aciertos. Su oratoria, sus escritos, su visi\u00f3n de la jugada, su mano izquierda cuando tocaba, el haber sido el \u201cperro del caser\u00edo\u201d como le gustaba le llamaran, su presencia que llenaba todo espacio.<\/p>\n\n\n\n<p>Me toc\u00f3 trabajar codo con codo con \u00e9l casi veinte a\u00f1os. Y me da pena que las nuevas generaciones no hayan tenido la posibilidad de conocerle y de aprender de \u00e9l. Cuando&nbsp; le criticaban el haber sido jesuita dec\u00eda: \u201d\u00a1vaya h\u00e1ndicap!, por lo menos me ha permitido estudiar y aprender con m\u00e9todo y rigor y me atacan como si hubiera sido un granuja. Me siento orgulloso de ello. Me preocupar\u00eda haber estado en un comando. Y las cr\u00edticas me dan &nbsp;igual\u201d.<\/p>\n\n\n\n<p>Fue diputado en el Congreso y portavoz del Grupo Vasco. Dec\u00eda que hab\u00eda que pasar por Madrid para hacer pol\u00edtica en Euzkadi y para darnos cuenta que Espa\u00f1a exist\u00eda y que el peque\u00f1o ten\u00eda que ser inteligente. Era sabiniano y se declaraba como tal. Escrib\u00eda en Deia magn\u00edficos art\u00edculos que se deber\u00edan publicar uno a uno bien cada d\u00eda o cada semana &nbsp;o recogidos en un libro. No s\u00e9 por qu\u00e9 no se hace. Creo que es por pura desidia pues est\u00e1n todos recopilados. Sus semblanzas, su visi\u00f3n europea, las an\u00e9cdotas de la negociaci\u00f3n constitucional, las reuniones con la Democracia Cristiana, los discursos del Alderdi Eguna, sus pol\u00e9micas, sus viajes, la redacci\u00f3n de los comunicados del EBB, sus cartas\u2026.<\/p>\n\n\n\n<p>Antes siempre hab\u00eda un jelkide con posibles que financiaba estas cosas. La gente como que era m\u00e1s generosa. Ahora al parecer no hay nadie dadivoso con sensibilidad &nbsp;que est\u00e9 dispuesto a que la cadena no se rompa y queden por lo menos sus ense\u00f1anzas. La banalidad pol\u00edtica que vivimos nos hace perder perspectiva. Y ense\u00f1anzas.<\/p>\n\n\n\n<p>Como cuando le atribuyen la frase del \u00c1rbol y Las Nueces. \u201dUnos, ETA, mata y el PNV recoge las nueces\u201d. No fue as\u00ed. Es un proverbio jud\u00edo y \u00e9l lo aplic\u00f3 a ETA y HB. \u201dUnos matan y HB recoge las nueces\u201d. Que no es lo mismo ni se escribe igual.<\/p>\n\n\n\n<p>Pero no importa. La acusaci\u00f3n ya es matriz y cualquiera la cambia.<\/p>\n\n\n\n<p>Me da pena y me preocupa este silencio para una figura troncal del nacionalismo vasco que si bien pis\u00f3 muchos callos, dentro y fuera, en la hora del silencio \u00a0definitivo ser\u00eda \u00a0de agradecerle su inmensa aportaci\u00f3n, su entrega y su abundante cosecha.<\/p>\n\n\n\n<p>Hace siete a\u00f1os estall\u00f3 su silencio. Son pocos los que se han enterado. Y sin embargo \u00a0siendo del EAJ-PNV nos creemos merecedores del triunfo siendo incapaces tan siquiera de decir, aunque sea susurrando: Eskerrik asko Xabier!.<\/p>\n\n\n<div class=\"wp-block-image\">\n<figure class=\"aligncenter size-full\"><a href=\"https:\/\/blogs.deia.eus\/anasagasti\/files\/2026\/02\/Xabier-Arzalluz_Diputado-Madrid.jpg\"><img loading=\"lazy\" decoding=\"async\" width=\"940\" height=\"633\" src=\"https:\/\/blogs.deia.eus\/anasagasti\/files\/2026\/02\/Xabier-Arzalluz_Diputado-Madrid.jpg\" alt=\"\" class=\"wp-image-21449\" srcset=\"https:\/\/blogs.deia.eus\/anasagasti\/files\/2026\/02\/Xabier-Arzalluz_Diputado-Madrid.jpg 940w, https:\/\/blogs.deia.eus\/anasagasti\/files\/2026\/02\/Xabier-Arzalluz_Diputado-Madrid-580x391.jpg 580w, https:\/\/blogs.deia.eus\/anasagasti\/files\/2026\/02\/Xabier-Arzalluz_Diputado-Madrid-768x517.jpg 768w\" sizes=\"auto, (max-width: 940px) 100vw, 940px\" \/><\/a><\/figure>\n<\/div><!-- AddThis Advanced Settings generic via filter on the_content --><!-- AddThis Share Buttons generic via filter on the_content -->","protected":false},"excerpt":{"rendered":"<p>Viernes 27 de febrero de 2026 Ma\u00f1ana s\u00e1bado se cumple siete a\u00f1os del fallecimiento de Xabier Arzalluz. Hace siete a\u00f1os estall\u00f3 el silencio de su voz. Hace siete y parecer\u00eda m\u00e1s. En este lapso de tiempo se le ha recordado poco. Nadie se acuerda del debate &nbsp;que tuvo con Enrique Mugica y Enrique Casas, acompa\u00f1ado &hellip; <a href=\"https:\/\/blogs.deia.eus\/anasagasti\/2026\/02\/27\/seis-anos-sin-xabier-arzalluz\/\" class=\"more-link\">Sigue leyendo <span class=\"screen-reader-text\">SIETE A\u00d1OS SIN XABIER ARZALLUZ<\/span><\/a><!-- AddThis Advanced Settings generic via filter on get_the_excerpt --><!-- AddThis Share Buttons generic via filter on get_the_excerpt --><\/p>\n","protected":false},"author":19,"featured_media":0,"comment_status":"open","ping_status":"open","sticky":false,"template":"","format":"standard","meta":{"footnotes":""},"categories":[1],"tags":[],"class_list":["post-21447","post","type-post","status-publish","format-standard","hentry","category-general"],"_links":{"self":[{"href":"https:\/\/blogs.deia.eus\/anasagasti\/wp-json\/wp\/v2\/posts\/21447","targetHints":{"allow":["GET"]}}],"collection":[{"href":"https:\/\/blogs.deia.eus\/anasagasti\/wp-json\/wp\/v2\/posts"}],"about":[{"href":"https:\/\/blogs.deia.eus\/anasagasti\/wp-json\/wp\/v2\/types\/post"}],"author":[{"embeddable":true,"href":"https:\/\/blogs.deia.eus\/anasagasti\/wp-json\/wp\/v2\/users\/19"}],"replies":[{"embeddable":true,"href":"https:\/\/blogs.deia.eus\/anasagasti\/wp-json\/wp\/v2\/comments?post=21447"}],"version-history":[{"count":2,"href":"https:\/\/blogs.deia.eus\/anasagasti\/wp-json\/wp\/v2\/posts\/21447\/revisions"}],"predecessor-version":[{"id":21452,"href":"https:\/\/blogs.deia.eus\/anasagasti\/wp-json\/wp\/v2\/posts\/21447\/revisions\/21452"}],"wp:attachment":[{"href":"https:\/\/blogs.deia.eus\/anasagasti\/wp-json\/wp\/v2\/media?parent=21447"}],"wp:term":[{"taxonomy":"category","embeddable":true,"href":"https:\/\/blogs.deia.eus\/anasagasti\/wp-json\/wp\/v2\/categories?post=21447"},{"taxonomy":"post_tag","embeddable":true,"href":"https:\/\/blogs.deia.eus\/anasagasti\/wp-json\/wp\/v2\/tags?post=21447"}],"curies":[{"name":"wp","href":"https:\/\/api.w.org\/{rel}","templated":true}]}}