{"id":21456,"date":"2026-02-28T12:37:20","date_gmt":"2026-02-28T10:37:20","guid":{"rendered":"https:\/\/blogs.deia.eus\/anasagasti\/?p=21456"},"modified":"2026-02-28T19:25:15","modified_gmt":"2026-02-28T17:25:15","slug":"tomas-el-mejor-diputado-de-cultura-de-la-dfb","status":"publish","type":"post","link":"https:\/\/blogs.deia.eus\/anasagasti\/2026\/02\/28\/tomas-el-mejor-diputado-de-cultura-de-la-dfb\/","title":{"rendered":"TOM\u00c1S. EL MEJOR DIPUTADO DE CULTURA DE LA DFB"},"content":{"rendered":"\n<p><strong>S\u00e1bado 28 de febrero de 2026<\/strong><\/p>\n\n\n<div class=\"wp-block-image\">\n<figure class=\"aligncenter size-full is-resized\"><a href=\"https:\/\/blogs.deia.eus\/anasagasti\/files\/2026\/02\/Tomas-Uribeetxebarria.jpg\"><img loading=\"lazy\" decoding=\"async\" width=\"138\" height=\"193\" src=\"https:\/\/blogs.deia.eus\/anasagasti\/files\/2026\/02\/Tomas-Uribeetxebarria.jpg\" alt=\"\" class=\"wp-image-21457\" style=\"width:432px;height:auto\" \/><\/a><\/figure>\n<\/div>\n\n\n<p>Ha fallecido Tom\u00e1s Uribetxeberria Maiztegi, quien fuera\u00a0 diputado de Cultura con los Diputados Generales de Bizkaia, Jos\u00e9 Alberto Pradera y Josu Bergara. Su entrada como diputado de Cultura empez\u00f3 con el Diputado General Jos\u00e9 Mar\u00eda Makua ya que el entonces Diputado de cultura Ant\u00f3n Zubikarai hab\u00eda dimitido. Fue asimismo miembro Juntero de las Juntas Generales de Bizkaia en la legislatura 1999-2003 y culmin\u00f3 su trayectoria profesional, a la vieja usanza, reincorpor\u00e1ndose a su plaza de profesor del Instituto Miguel Unamuno de Bilbao. Nacido en Aretxabaletra el 29 de diciembre de 1937. Iba a cumplir 89 a\u00f1os.<\/p>\n\n\n\n<p>Mar\u00eda Esther fue burukide del Bizkai Buru Batzar presidido por Javier Atutxa y me ha comentado. \u201dMe tocaba el \u00e1rea de cultura y era algo de admirar como ven\u00eda al edificio Granada a dar cuenta de lo que hac\u00eda su Departamento. Creo que nadie lo hac\u00eda como \u00e9l. Tambi\u00e9n me toc\u00f3 ser compa\u00f1era de \u00e9l en el Consejo de Gobierno de la Diputaci\u00f3n de Bizkaia y me admiraba la paciencia con la que iba a repetir lo mismo ante la oposici\u00f3n en Juntas Generales &nbsp;y el seguimiento que hac\u00edan, m\u00e1s bien los palos de rueda que le pon\u00edan en las Juntas Generales una oposici\u00f3n al que \u00e9l los trababa con flema, argumentos y respeto. Era un se\u00f1or\u201d.<\/p>\n\n\n\n<p>Naci\u00f3 en Artxabaleta aunque desde ni\u00f1o vivi\u00f3 en Azkoitia. Era catedr\u00e1tico de Lengua espa\u00f1ola. En 1992 present\u00f3 su tesis doctoral en la UPV bajo el ep\u00edgrafe \u201cPalabras y lengua\u201d. Estudi\u00f3 en los agustinos de O\u00f1ati .Joven preocupado por la fe, militante convencido del papel de la educaci\u00f3n en la formaci\u00f3n de los j\u00f3venes. De la primera promoci\u00f3n de lengua y literatura vasca, por oposici\u00f3n. Gipuzkoano, formado en O\u00f1ati de euskalki bizkaitarra, casado con la navarra Rose Miren Pagola, afincado en Bilbao.<\/p>\n\n\n\n<p>Diputado de Cultura en la Diputaci\u00f3n Foral de Bizkaia bajo Pradera y Bergara, con Urkullu como director de juventud y Manu Legarreta de director de Cultura, Aingeru Zabala de jefe de la biblioteca y de los archivos, Mikel Etxebarria de jefe de Cultura y Bego\u00f1a Loro\u00f1o de Arzalluz de jefa de Servicios. Problamente el equipo de cultura m\u00e1s culto, capacitado, receptivo y potente que ha conocido la Diputaci\u00f3n de Bizkaia.<\/p>\n\n\n\n<p>Sentaron las bases de los programas m\u00e1s exitosos y de largo alcance y recorrido de la cultura en Bizkaia, adem\u00e1s de construir y consolidar las infraestructuras culturales de referencia: Guggenheim, Euskalduna, Bellas Artes, Sala Rekalde y los programas de restauraci\u00f3n del patrimonio de la Iglesia.<\/p>\n\n\n\n<p>Persona clave en la aceptaci\u00f3n social e institucional de la normativaci\u00f3n y del uso del euskera de Bizkaia, el dialecto euskaldun del oeste del pa\u00eds y su complementaci\u00f3n con el uso del euskera batua. Fue el nexo de uni\u00f3n entre la Euskaltzandia presidida por Jean Hariitselhar y el Instituto Labayru de Ander Manterola y Gurutze Arregi.<\/p>\n\n\n\n<p>Persona seria, reflexiva, intelectualmente inquieta\u2026Persona de la vieja escuela, hoy tan olvidada por esta Euzkadi berria que piensa que todo nace con ellos. Persona s\u00f3lida, comprometida con el proyecto pol\u00edtico del EAJ-PNV&nbsp; de las d\u00e9cadas de la post transici\u00f3n, consistente, coherente\u2026<\/p>\n\n\n\n<p>Tras su regreso a la educaci\u00f3n, el silencio. Nadie nunca le reconoci\u00f3 su gran trabajo. Es el gran d\u00e9ficit de cordialidad humana que tiene este PNV. Una pena.<\/p>\n\n\n\n<p>Un se\u00f1or, una p\u00e9rdida, un buen servidor p\u00fablico amante de su Euzkadi y respetuoso con su partido.GB<\/p>\n<!-- AddThis Advanced Settings generic via filter on the_content --><!-- AddThis Share Buttons generic via filter on the_content -->","protected":false},"excerpt":{"rendered":"<p>S\u00e1bado 28 de febrero de 2026 Ha fallecido Tom\u00e1s Uribetxeberria Maiztegi, quien fuera\u00a0 diputado de Cultura con los Diputados Generales de Bizkaia, Jos\u00e9 Alberto Pradera y Josu Bergara. Su entrada como diputado de Cultura empez\u00f3 con el Diputado General Jos\u00e9 Mar\u00eda Makua ya que el entonces Diputado de cultura Ant\u00f3n Zubikarai hab\u00eda dimitido. Fue asimismo &hellip; <a href=\"https:\/\/blogs.deia.eus\/anasagasti\/2026\/02\/28\/tomas-el-mejor-diputado-de-cultura-de-la-dfb\/\" class=\"more-link\">Sigue leyendo <span class=\"screen-reader-text\">TOM\u00c1S. EL MEJOR DIPUTADO DE CULTURA DE LA DFB<\/span><\/a><!-- AddThis Advanced Settings generic via filter on get_the_excerpt --><!-- AddThis Share Buttons generic via filter on get_the_excerpt --><\/p>\n","protected":false},"author":19,"featured_media":0,"comment_status":"open","ping_status":"open","sticky":false,"template":"","format":"standard","meta":{"footnotes":""},"categories":[1],"tags":[],"class_list":["post-21456","post","type-post","status-publish","format-standard","hentry","category-general"],"_links":{"self":[{"href":"https:\/\/blogs.deia.eus\/anasagasti\/wp-json\/wp\/v2\/posts\/21456","targetHints":{"allow":["GET"]}}],"collection":[{"href":"https:\/\/blogs.deia.eus\/anasagasti\/wp-json\/wp\/v2\/posts"}],"about":[{"href":"https:\/\/blogs.deia.eus\/anasagasti\/wp-json\/wp\/v2\/types\/post"}],"author":[{"embeddable":true,"href":"https:\/\/blogs.deia.eus\/anasagasti\/wp-json\/wp\/v2\/users\/19"}],"replies":[{"embeddable":true,"href":"https:\/\/blogs.deia.eus\/anasagasti\/wp-json\/wp\/v2\/comments?post=21456"}],"version-history":[{"count":2,"href":"https:\/\/blogs.deia.eus\/anasagasti\/wp-json\/wp\/v2\/posts\/21456\/revisions"}],"predecessor-version":[{"id":21459,"href":"https:\/\/blogs.deia.eus\/anasagasti\/wp-json\/wp\/v2\/posts\/21456\/revisions\/21459"}],"wp:attachment":[{"href":"https:\/\/blogs.deia.eus\/anasagasti\/wp-json\/wp\/v2\/media?parent=21456"}],"wp:term":[{"taxonomy":"category","embeddable":true,"href":"https:\/\/blogs.deia.eus\/anasagasti\/wp-json\/wp\/v2\/categories?post=21456"},{"taxonomy":"post_tag","embeddable":true,"href":"https:\/\/blogs.deia.eus\/anasagasti\/wp-json\/wp\/v2\/tags?post=21456"}],"curies":[{"name":"wp","href":"https:\/\/api.w.org\/{rel}","templated":true}]}}