{"id":21460,"date":"2026-03-01T09:05:09","date_gmt":"2026-03-01T07:05:09","guid":{"rendered":"https:\/\/blogs.deia.eus\/anasagasti\/?p=21460"},"modified":"2026-03-01T09:05:10","modified_gmt":"2026-03-01T07:05:10","slug":"martutene-y-loiola-son-algo-mas-que-un-terreno-para-edificar","status":"publish","type":"post","link":"https:\/\/blogs.deia.eus\/anasagasti\/2026\/03\/01\/martutene-y-loiola-son-algo-mas-que-un-terreno-para-edificar\/","title":{"rendered":"MARTUTENE Y LOIOLA SON ALGO M\u00c1S QUE UN TERRENO PARA EDIFICAR"},"content":{"rendered":"\n<p><strong>Domingo 1 de marzo de 2026<\/strong><\/p>\n\n\n<div class=\"wp-block-image\">\n<figure class=\"aligncenter size-full is-resized\"><a href=\"https:\/\/blogs.deia.eus\/anasagasti\/files\/2026\/03\/Martutene_Loiolako-koartel-1.jpg\"><img loading=\"lazy\" decoding=\"async\" width=\"307\" height=\"365\" src=\"https:\/\/blogs.deia.eus\/anasagasti\/files\/2026\/03\/Martutene_Loiolako-koartel-1.jpg\" alt=\"\" class=\"wp-image-21461\" style=\"aspect-ratio:0.8411065663044267;width:577px;height:auto\" \/><\/a><\/figure>\n<\/div>\n\n\n<p>Escrib\u00ed el pasado domingo 1 de febrero &nbsp;en Deia,un art\u00edculo titulado \u201cNavarro hasta las Cachas\u201d apoyado en una fotograf\u00eda del Lehendakari Ibarretxe &nbsp;y el Consejero Joseba Azkarraga. Sal\u00edan en la rueda de prensa donde se daba cuenta de la creaci\u00f3n, por parte del Gobierno Ibarretxe, del premio Manuel de Irujo. Y es que el 1 de enero se cumplieron 45 a\u00f1os de su fallecimiento en Iru\u00f1a y le suger\u00eda en el texto al gobierno vasco la posibilidad de recuperarlo. Irujo fue una inmensa personalidad humana y pol\u00edtica, un ejemplo, y recordaba que hab\u00eda sido ministro con los presidentes socialistas Largo Caballero y Negr\u00edn, hab\u00eda estado en el Movimiento Europeo con los socialistas en el exilio, hab\u00eda sido elegido senador en 1977 en el&nbsp; Frente Auton\u00f3mico con Ram\u00f3n Rubial que aquel 1 de enero &nbsp;de 1981 estuvo en Lizarra en el funeral y en su &nbsp;entierro. No era pues alguien en las ant\u00edpodas del PSOE y, es m\u00e1s, cuando le planteamos al ministro socialista Juan Alberto Belloch que colocara un cuadro en el Ministerio de Justicia como ex ministro, nos atendi\u00f3 y fueron Margarita Robles y Mar\u00eda Teresa Fern\u00e1ndez de la Vega las que organizaron la ceremonia de develaci\u00f3n del cuadro con presencia del estado mayor del PSOE.<\/p>\n\n\n\n<p>Esta petici\u00f3n que hice en Deia, la ley\u00f3 el ex Consejero de Justicia Joseba Azkarraga, quien aparec\u00eda en la fotograf\u00eda &nbsp;al lado del Lehendakari Ibarretxe y tras recordar el hecho tuvo el gesto de enviarle la siguiente carta a la actual Consejera de Justicia y Derechos Humanos Mar\u00eda Jes\u00fas San Jos\u00e9. Me la envi\u00f3 y le he pedido permiso para darla a conocer. Le ha parecido acertado. Dice as\u00ed:<\/p>\n\n\n\n<p><em>\u201cTe molesto unos minutos, para trasladarte una petici\u00f3n, en relaci\u00f3n al premio que en marzo de 2002, cre\u00f3 el Departamento de Justicia del G.V y que llevaba el nombre de D. Manuel de Irujo. La intenci\u00f3n de aquel premio, fue reconocer a aquellas personas o colectivos que hayan sido ejemplo en la defensa de la justicia y la promoci\u00f3n de sus valores.<\/em><\/p>\n\n\n\n<p><em>Un jurado de composici\u00f3n muy plural, a\u00f1o tras a\u00f1o y hasta 2009, fue qui\u00e9n decid\u00eda el nombre de la persona o colectivo, merecedor de este reconocimiento. Un jurado, en el que recuerdo que, entre otras personas, estuvieron los ex lehendakaris Garaikoetxea y Ardanza, as\u00ed como la entonces Secretaria de Estado, Margarita Robles o el&nbsp; Presidente del Tribunal Superior de Justicia del Pa\u00eds Vasco, Manuel Mar\u00eda Zorrilla.<\/em><\/p>\n\n\n\n<p><em>Las personas que fueron reconocidas con \u00e9l, fueron personas muy diversas como podr\u00e1s comprobar en los archivos del Departamento. Mi memoria a veces me falla, pero quiero recordar que el primer a\u00f1o, este premio a t\u00edtulo p\u00f3stumo, fue concedido al magistrado Jos\u00e9 Mar\u00eda Lid\u00f3n y el a\u00f1o siguiente fueron Juan Mar\u00eda Bandr\u00e9s y Amnist\u00eda Internacional, los reconocidos por el premio.<\/em><\/p>\n\n\n\n<p><em>En el a\u00f1o 2009, tras la llegada de Idoia Mendia a este Departamento, este premio dej\u00f3 de convocarse y as\u00ed sigue, creo, hasta la fecha. Sabes que Manuel de Irujo, fue una persona que por encima de adscripciones partidistas es recordado por su humanidad, por su estricto criterio de justicia, como lo demostr\u00f3 en tiempos tan convulsos como los vividos en el periodo 1936\/39. Diputado en el Congreso, Ministro de Justicia de los Gobiernos de Largo Caballero y Negr\u00edn, escritor, m\u00fasico, historiador, humanista&#8230;&#8230;.<\/em><\/p>\n\n\n\n<p><em>Me atrever\u00eda a pedirte, estimada Mar\u00eda Jes\u00fas,&nbsp;que pudierais retomar este Premio, no solo por la personalidad de qui\u00e9n lleva su nombre, sino, tambi\u00e9n, por la importancia que tiene recordar la necesidad de que las nueva generaciones, contin\u00faen trabajando en la defensa de la justicia y los derechos humanos.<\/em><\/p>\n\n\n\n<p><em>Te agradezco la atenci\u00f3n que prestes a este escrito y recibe un cordial saludo.<\/em><\/p>\n\n\n\n<p><em>Joseba Azkarraga Rodero\u201d.<\/em><\/p>\n\n\n\n<p>Ha pasado un mes y no ha habido contestaci\u00f3n. No s\u00e9 si es lo que hoy se estila pero si es as\u00ed me parece una falta de respeto inconmensurable, cuando adem\u00e1s en Lizarra-Estella acaban de designar una plaza Irujo con apoyo del PSN. Ojal\u00e1 se recupere el Premio, pues Azkarraga, adem\u00e1s del Premio Irujo dedicado a la Justicia, cre\u00f3 el premio Ren\u00e9 Cassin, para reconocer anualmente a personas destacadas en la defensa y promoci\u00f3n de los derechos humanos. \u00bfPor qu\u00e9 Irujo se queda sin premio y se mantiene Cassin?.<\/p>\n\n\n\n<p><strong>EL OBLIGADO RECUERDO<\/strong><\/p>\n\n\n\n<p>Leo que est\u00e1 a punto de inaugurarse cerca de Donostia el Centro Penitenciario Norte III de Zubieta y que contar\u00e1 con celdas con ducha y televisor, piscina climatizada y front\u00f3n. Ser\u00e1 uno de los complejos carcelarios m\u00e1s avanzados del&nbsp; estado. Algunos dir\u00e1n que es un hotel de cinco estrellas aunque no tienen lo m\u00e1s importante que es la libertad. Solo he estado una vez en Martutene y aquello ol\u00eda a humedad. Joseba Zubia y yo visitamos dentro de la c\u00e1rcel al preso vasco-filipino Pako Larra\u00f1aga, por quienes nos hab\u00edamos interesado parlamentariamente y visitado en la c\u00e1rcel de Manila, donde al principio estuvo encarcelado. Pero quiero hacer un apunte sobre esto que viene y algo que se va como la c\u00e1rcel de Martutene inaugurada en 1948, c\u00e1rcel que&nbsp; sustituy\u00f3 a la horrenda c\u00e1rcel de Ondarreta. Las dos fueron c\u00e1rceles donde muri\u00f3 mucha gente bajo la dictadura y en los primeros a\u00f1os de la guerra y post guerra. Recuerdo concretamente a Jokin Inza, el resistente del PNV de Bergara, que siempre dec\u00eda que la inaugur\u00f3 \u00e9l por el \u201ctremendo\u201d delito de \u201cpropaganda ilegal\u201d. No hab\u00eda m\u00e1s verdad que la de la dictadura y quien atentara contra ella iba directamente a la c\u00e1rcel que por supuesto no ten\u00eda las comodidades que va a tener la de Zubieta. Todo lo contrario.<\/p>\n\n\n\n<p>\u00c9l nos lo cont\u00f3 as\u00ed en sus memorias ya que estuvo varias veces de \u201chu\u00e9sped\u201d: \u201cCierto es que estrenar una c\u00e1rcel no es como estrenar un traje nuevo, pero de un estreno se trataba. Desde luego, de un estreno nada festivo. Llegado el d\u00eda, se procedi\u00f3 al traslado de todos los recluidos que est\u00e1bamos en Ondarreta, numerosos y apretujados en unos camiones como si fu\u00e9ramos reses. La c\u00e1rcel de Martutene no nos produjo buena impresi\u00f3n. S\u00ed que contaba con grandes naves&nbsp; con capacidad para sesenta personas o sesenta catres, por lo menos en pura teor\u00eda, ya que por aquel momento yo mismo y mis compa\u00f1eros del PNV de la dura Resistencia vasca contra la dictadura nos concentraron en n\u00famero de 150 en cada nave y sin camas y vi\u00e9ndonos obligados a dormir en el santo y fr\u00edo suelo, duro por naturaleza. De c\u00e1rcel a c\u00e1rcel nos dijimos que prefer\u00edamos la de Ondarreta, donde se preservaba mejor la intimidad personal, mientras se ocupaba la celda, aunque tampoco era un dechado de comodidad y s\u00ed un lugar donde hab\u00edan fusilado a tanto perdedor de la guerra, nacionalistas, milicianos y republicanos\u201d.<\/p>\n\n\n\n<p>Destaco el hecho ya que por Martutene ha pasado mucho patriota, mucho resistente, mucho luchador por los derechos humanos, am\u00e9n de delincuentes de todo tipo, pero me refiero a h\u00e9roes de la democracia que jam\u00e1s son recordados. Y el actual gobierno es PNV-PSE. Se habla fr\u00edamente de Martutene, solo en clave de construcci\u00f3n de viviendas, que est\u00e1 muy bien, pero las ciudades tienen alma aunque su demolici\u00f3n dejar\u00e1 espacio para la construcci\u00f3n de pisos VPO, algo excelente, pero es de justicia recordar a quienes all\u00ed sufrieron vej\u00e1menes de todo tipo. Las sociedades sanas tienen una escala de valores para eso. No ocurre con las iglesias que pierden su car\u00e1cter religioso pero son desacralizadas o desconsagradas con una ceremonia. Pienso que con Martutene y Loiola habr\u00eda de hacerse algo parecido y colocar una placa para recordar el lugar donde sufrieron tant\u00edsimos patriotas y resistentes. Honrar honra si somos sensibles y dem\u00f3cratas. El adanismo puro es indecente y deja a la sociedad con las ra\u00edces a la intemperie.<\/p>\n\n\n\n<p><strong>\u00bfY LOIOLA?<\/strong><\/p>\n\n\n\n<p>La petici\u00f3n del espacio de los Cuarteles de Loiola viene de lejos. En todas las negociaciones sal\u00eda, hasta con Aznar. Y recuerdo en una oportunidad como en el despacho de Bono, me dijo \u201dNo ten\u00e9is nada que hacer. Donde est\u00e1s sentado estuvo la semana pasada Od\u00f3n Elorza. Me ped\u00eda lo mismo y le dije: mientras haya un ministro de defensa espa\u00f1ol de verdad, esos cuarteles &nbsp;no revertir\u00e1n a la ciudad, y \u00bfsabes por qu\u00e9?. Porque es un cuartel del ej\u00e9rcito espa\u00f1ol y porque no voy a tolerar se arr\u00ede la bandera espa\u00f1ola del recinto\u201d. O\u00edrle ahora al Consejero Denis Itxaso tan susceptible \u00e9l contra el Lehendakari y el alcalde como si los terrenos fueran suyos, asombra. La gente del PNV le deber\u00eda recordar que esos terrenos ser\u00e1n para la ciudad por los cinco votos del Grupo Vasco en el Congreso que como tres en uno, abre todas las puertas, y no por su gesti\u00f3n, ni la de Andueza. Que por lo menos queden las cosas claras.<\/p>\n\n\n\n<p>Y sobre los Cuarteles, de los que solo oigo hablar en clave de construcci\u00f3n de viviendas, como seguramente lo har\u00edan en M\u00f3stoles, por cierto de unas viviendas que no cubren en nada las necesidades de la ciudad porque no han abierto el debate del crecimiento en vertical, hay que recordar que se van a cumplir&nbsp; noventa a\u00f1os, de la haza\u00f1a valiente de cinco diputados, cuatro del PNV y uno del PSOE, Irujo, Lasarte, Pikabea e Irazusta as\u00ed como Miguel Amilibia que lograron nada menos que, ante la sublevaci\u00f3n militar, lograr&nbsp; en conversaci\u00f3n directa con los sublevados en Loiola, al mando del coronel Jos\u00e9 Vallespin, la rendici\u00f3n del gran cuartel.<\/p>\n\n\n\n<p>Es una historia preciosa contada por Manuel de Irujo en su libro&nbsp; \u201cLa Guerra Civil en Euzkadi&nbsp; antes del Estatuto\u201d, donde narra todas aquellas vivencias y de c\u00f3mo huy\u00f3 aquella &nbsp;noche el tal Vallespin al que le dijeron que la cabeza le ol\u00eda a p\u00f3lvora.<\/p>\n\n\n\n<p>Y me llama la atenci\u00f3n como pudiendo hacerse pedagog\u00eda hist\u00f3rica antifranqusita y democr\u00e1tica con Martutene y Loiola, se pierda la oportunidad&nbsp; fundamentalmente porque estamos ante una clase pol\u00edtica \u00e1grafa y, con notables excepciones, que no saben absolutamente nada ni de lo que pas\u00f3 hace diez a\u00f1os. Y eso es terrible para una sociedad democr\u00e1tica que reivindica su identidad.<\/p>\n\n\n\n<p>El pasado mi\u00e9rcoles, la Consejera Mar\u00eda Jes\u00fas San Jos\u00e9, pronunci\u00f3 unas palabras en el auditorio de Barakaldo en unas jornadas destinadas a desmitificar y deslegitimar el franquismo ante nada menos que 600 chavales. y pidi\u00f3 ser \u00abcr\u00edticos &nbsp;y reflexivos\u201d. Le invito a cumplirlo y hacer algo con Martutene y Loiola, historia vasca en carne viva con muertos amontonados y olvidados tras sus paredes.<\/p>\n\n\n\n<p>.<\/p>\n<!-- AddThis Advanced Settings generic via filter on the_content --><!-- AddThis Share Buttons generic via filter on the_content -->","protected":false},"excerpt":{"rendered":"<p>Domingo 1 de marzo de 2026 Escrib\u00ed el pasado domingo 1 de febrero &nbsp;en Deia,un art\u00edculo titulado \u201cNavarro hasta las Cachas\u201d apoyado en una fotograf\u00eda del Lehendakari Ibarretxe &nbsp;y el Consejero Joseba Azkarraga. Sal\u00edan en la rueda de prensa donde se daba cuenta de la creaci\u00f3n, por parte del Gobierno Ibarretxe, del premio Manuel de &hellip; <a href=\"https:\/\/blogs.deia.eus\/anasagasti\/2026\/03\/01\/martutene-y-loiola-son-algo-mas-que-un-terreno-para-edificar\/\" class=\"more-link\">Sigue leyendo <span class=\"screen-reader-text\">MARTUTENE Y LOIOLA SON ALGO M\u00c1S QUE UN TERRENO PARA EDIFICAR<\/span><\/a><!-- AddThis Advanced Settings generic via filter on get_the_excerpt --><!-- AddThis Share Buttons generic via filter on get_the_excerpt --><\/p>\n","protected":false},"author":19,"featured_media":0,"comment_status":"open","ping_status":"open","sticky":false,"template":"","format":"standard","meta":{"footnotes":""},"categories":[1],"tags":[],"class_list":["post-21460","post","type-post","status-publish","format-standard","hentry","category-general"],"_links":{"self":[{"href":"https:\/\/blogs.deia.eus\/anasagasti\/wp-json\/wp\/v2\/posts\/21460","targetHints":{"allow":["GET"]}}],"collection":[{"href":"https:\/\/blogs.deia.eus\/anasagasti\/wp-json\/wp\/v2\/posts"}],"about":[{"href":"https:\/\/blogs.deia.eus\/anasagasti\/wp-json\/wp\/v2\/types\/post"}],"author":[{"embeddable":true,"href":"https:\/\/blogs.deia.eus\/anasagasti\/wp-json\/wp\/v2\/users\/19"}],"replies":[{"embeddable":true,"href":"https:\/\/blogs.deia.eus\/anasagasti\/wp-json\/wp\/v2\/comments?post=21460"}],"version-history":[{"count":1,"href":"https:\/\/blogs.deia.eus\/anasagasti\/wp-json\/wp\/v2\/posts\/21460\/revisions"}],"predecessor-version":[{"id":21462,"href":"https:\/\/blogs.deia.eus\/anasagasti\/wp-json\/wp\/v2\/posts\/21460\/revisions\/21462"}],"wp:attachment":[{"href":"https:\/\/blogs.deia.eus\/anasagasti\/wp-json\/wp\/v2\/media?parent=21460"}],"wp:term":[{"taxonomy":"category","embeddable":true,"href":"https:\/\/blogs.deia.eus\/anasagasti\/wp-json\/wp\/v2\/categories?post=21460"},{"taxonomy":"post_tag","embeddable":true,"href":"https:\/\/blogs.deia.eus\/anasagasti\/wp-json\/wp\/v2\/tags?post=21460"}],"curies":[{"name":"wp","href":"https:\/\/api.w.org\/{rel}","templated":true}]}}