{"id":21463,"date":"2026-03-02T09:09:22","date_gmt":"2026-03-02T07:09:22","guid":{"rendered":"https:\/\/blogs.deia.eus\/anasagasti\/?p=21463"},"modified":"2026-03-02T09:09:22","modified_gmt":"2026-03-02T07:09:22","slug":"el-post-del-miercoles-y-la-dura-denuncia-de-arzalluz","status":"publish","type":"post","link":"https:\/\/blogs.deia.eus\/anasagasti\/2026\/03\/02\/el-post-del-miercoles-y-la-dura-denuncia-de-arzalluz\/","title":{"rendered":"EL POST DEL MI\u00c9RCOLES Y LA DURA DENUNCIA DE ARZALLUZ."},"content":{"rendered":"\n<p><strong>Lunes 2 de marzo de 2026<\/strong><\/p>\n\n\n<div class=\"wp-block-image\">\n<figure class=\"aligncenter size-large\"><a href=\"https:\/\/blogs.deia.eus\/anasagasti\/files\/2026\/03\/Tejero-45-anos.jpg\"><img loading=\"lazy\" decoding=\"async\" width=\"940\" height=\"495\" src=\"https:\/\/blogs.deia.eus\/anasagasti\/files\/2026\/03\/Tejero-45-anos-940x495.jpg\" alt=\"\" class=\"wp-image-21464\" srcset=\"https:\/\/blogs.deia.eus\/anasagasti\/files\/2026\/03\/Tejero-45-anos-940x495.jpg 940w, https:\/\/blogs.deia.eus\/anasagasti\/files\/2026\/03\/Tejero-45-anos-580x305.jpg 580w, https:\/\/blogs.deia.eus\/anasagasti\/files\/2026\/03\/Tejero-45-anos-768x404.jpg 768w, https:\/\/blogs.deia.eus\/anasagasti\/files\/2026\/03\/Tejero-45-anos.jpg 1024w\" sizes=\"auto, (max-width: 940px) 100vw, 940px\" \/><\/a><\/figure>\n<\/div>\n\n\n<p>El mi\u00e9rcoles pasado &nbsp;publiqu\u00e9 un post dedicado a los que llam\u00e9 \u201cpapeluchos\u201d desclasificados. Lo hice con mi visi\u00f3n &nbsp;personal de la jugada y para mi sorpresa tuvo m\u00e1s de diez mil \u201cme gusta\u201d, concretamente 10.068 as\u00ed como, 1997 comentarios, de todo tipo, y 3.722 veces compartido. Una \u201cpas\u00e1\u201c que dir\u00eda La Sra. Montero. Pues si. Una pasada.<\/p>\n\n\n\n<p>No entiendo mucho de esto pero me dicen que hay que a\u00f1adir a los \u201cme gusta\u201d lo que llaman el tr\u00e1fico que pueden ser tres veces m\u00e1s.<\/p>\n\n\n\n<p>\u00bfQu\u00e9 me dice esto?.<\/p>\n\n\n\n<p>Que el asunto interesa y que en Euzkadi no se ha informado debidamente sobre un hecho que nos toca muy de cerca. El medio p\u00fablico EITB ha hecho una faena de ali\u00f1o vinculada a la informaci\u00f3n madrile\u00f1a, lo usual, sin analizar las consecuencias que&nbsp; aquello tuvo en Euzkadi, ni la repercusi\u00f3n en lo vasco, fundamentalmente porque ETA mataba, HB no iba al Congreso, el Concierto lo negociaba Su\u00e1rez frente a todos y la visita del rey a Gernika fue la gotita de agua que para los militares complotados desbord\u00f3 un vaso suficientemente lleno y, ante eso, los \u201csalvadores de la Patria\u201d, apelando al art\u00edculo octavo de la Constituci\u00f3n y en nombre del Rey, no en contra del rey, actuaron como actu\u00f3 Franco en el 36.<\/p>\n\n\n\n<p>Afortunadamente les sali\u00f3 mal la opereta montada porque si Tejero hubiera disparado contra Carrillo o dado el visto bueno a la lista del gobierno de Armada, donde curiosamente exclu\u00edan al PNV y a CiU, no s\u00e9 qu\u00e9 hubieran pensado en Europa ante una Espa\u00f1a que ped\u00eda su ingreso en la UE y ve\u00edan espantados como &nbsp;un se\u00f1or con mostacho poblado, un tricornio negro extra\u00f1o en la cabeza con pinta de m\u00e1quina de escribir, pistola en mano entraba en el Parlamento &nbsp;disparando contra el techo y gritando que todos los elegidos se echaran al suelo algo que era absolutamente sicod\u00e9lico.<\/p>\n\n\n\n<p>El jueves &nbsp;estuve en directo en el programa de la 4: \u201dTodo es Mentira\u201d y al d\u00eda siguiente Joseba &nbsp;Azkarraga, y he dicho que quien debe irse a Abu Dabi es N\u00fa\u00f1ez Feij\u00f3o al abrir el pasado mi\u00e9rcoles un debate que daba a entender que el Borb\u00f3n est\u00e1 en Abu Dabi casi por el 23 F y porque los papeluchos hab\u00edan demostrado que le debemos una deuda infinita pues nos hab\u00eda salvado del golpe, cuando est\u00e1 en Abu Dabi por ladr\u00f3n y mujeriego y que hab\u00eda parado el golpe ,pero previamente lo hab\u00eda alentado. Nada que ver con el Tejerazo.<\/p>\n\n\n\n<p>Juan Carlos est\u00e1 en el sultanato \u00e1rabe por su repudiable conducta privada de comisionista e irrespetador de mujeres, entre ellas su esposa Sof\u00eda, por su incultura, por un Cesid que en lugar de proteger la democracia&nbsp; y estar al tanto del golpismo conspir\u00f3 contra ella, por un PSOE que quiso llegar a la Moncloa, utilizando atajos, por un rey que no era ejemplar, y a quien le molestaba Su\u00e1rez y cosas as\u00ed. No me cort\u00e9.<\/p>\n\n\n\n<p>Posteriormente ha estado el &nbsp;prestigioso &nbsp;historiador brit\u00e1nico Paul Preston que ha cogido dos comentarios que he hecho. Todo un honor. Uno, sobre la educaci\u00f3n cuartelera de Juan Carlos de Borb\u00f3n. Dato fundamental del donde surge &nbsp;su falsa campechan\u00eda. Juan Carlos es un viejo militar r con la cultura del enmohecido ej\u00e9rcito franquista adem\u00e1s de muy primario. Y otro, sobre las consecuencias, como fue la de la Loapa que todav\u00eda hoy sufrimos y que fue una de las causas del golpe como chispa que incendi\u00f3 el motor. La negociaci\u00f3n estatutaria, brillante por parte del PNV de la Constituci\u00f3n y Estatuto, y en paralelo, la acci\u00f3n criminal de ETA y un Su\u00e1rez queriendo llegar a acuerdos fue demasiado elefante para mentes muy obtusas como la de Tejero, que ya hab\u00eda ense\u00f1ado la patita en la operaci\u00f3n Galaxia y que adem\u00e1s hab\u00eda conspirado con el antiguo Preceptor y hombre del Rey, Alfonso Armada.<\/p>\n\n\n\n<p>Y algo que se ha olvidado. La salida por mar de Ortzi y el &nbsp;debate en la Ser de Xabier Arzalluz &#8211; Monforte con Enrique M\u00fagica \u2013 Enrique Casas. Debate duro, a cara de perro. Arzalluz les acus\u00f3 de golpistas. Pero sospechosamente nadie ha querido recordarlo en Euzkadi y eso que fue un acontecimiento estelar. Las acusaciones formuladas por Xabier Arzalluz se basaban en tres afirmaciones:<\/p>\n\n\n\n<p>1.- M\u00fagica est\u00e1 metido hasta el cuello en la preparaci\u00f3n de dicho gobierno de gesti\u00f3n<\/p>\n\n\n\n<p>2.- M\u00fagica incit\u00f3 al General Armada a presidir dicho gobierno de gesti\u00f3n y<\/p>\n\n\n\n<p>3.- El PSOE ha jugado hasta el fondo recordando que desde 1977 hab\u00eda intentado propiciar un gobierno de coalici\u00f3n con determinados sectores de UCD y con el objetivo de introducir alg\u00fan ministro socialista en el gobierno de cara a que una posterior victoria del PSOE no resultara traum\u00e1tica ya que Franco hab\u00eda muerto pero la estructura del franquismo estaba intacta.<\/p>\n\n\n\n<p>Y es que vuelve ahora de nuevo el viejo Juancarlismo blanqueador quiz\u00e1s pensando que con 88 tacos el rey no har\u00e1 de las suyas y ser\u00eda una afrenta para la Espa\u00f1a profunda que el heredero de Franco se muera en Abu Dabi. Solo recordar que su abuelo y padre estaban exiliados y conspirando en Roma donde \u00e9l naci\u00f3. Y no debe ser pol\u00edticamente correcto hablar de estas cosas y ante eso, nadie se queja. Las nuevas generaciones no saben por su edad nada de esto pero lo peor es que carecen de curiosidad y sentido cr\u00edtico y no preguntan. Y luego sus padres se extra\u00f1an que hablen bien de la dictadura.<\/p>\n\n\n\n<p>Estos d\u00edas he tenido varias declaraciones en medios madrile\u00f1os que me han pedido. Yo no he llamado a nadie. Todos de Madrid. Curiosamente ninguno vasco. Y no me quejo por mi persona, sino por el enfoque informativamente colonial que vivimos. No estuve en el Congreso el 23 F, llegu\u00e9 5 a\u00f1os despu\u00e9s, y habl\u00e9 del 23 F con Su\u00e1rez, pero si estuve al lado de Arzalluz en Marqu\u00e9s del Puerto cuando se produjo la intentona y se perfectamente lo que hizo el EBB. Y estuve en la Casa de Juntas de Gernika &nbsp;el 4 de febrero de 1981 cuando los parlamentarios de HB cantaron el Eusko Gudariak.<\/p>\n\n\n\n<p>Me hubiera gustado m\u00e1s que a los que si estuvieron en el Congreso oyendo los disparos les hubieran preguntado algo. All\u00ed sufrieron el encierro, I\u00f1igo Agirre, Andoni Monforte, Joseba Azkarraga, Josu Elorriaga y los fallecidos Gerardo Bujanda, Marcos Vizcaya y Fernando Aristizabal. HB no iba a las Cortes. Pues bien, a nadie de ellos se les ha preguntado nada. A la direcci\u00f3n de los informativos de EITB no les interesa y nos dejan sin el testimonio de la historia. \u00bfHay derecho a esto? \u00bfEs normal?.<\/p>\n\n\n\n<p>En 1982 cuando pusimos en pie EITB y la creamos a pesar de los Tejeros, Armadas y Loapas quer\u00edamos y montamos un medio p\u00fablico para informar y formar y que no nos vendieran el gato por liebre que nos hab\u00edan endilgado por d\u00e9cadas as\u00ed como &nbsp;las noticias madrile\u00f1as enlatadas del poder por lo que es un aut\u00e9ntico esc\u00e1ndalo el tratamiento informativo que se le da a personas y hechos medulares de nuestra historia. Es muy grave, pero les da igual.<\/p>\n\n\n\n<p>Lo acabamos de ver ante el fallecimiento de una personalidad de la cultura como Tom\u00e1s Uribetxeberria. Minuos a go g\u00f3 para la gala de los Goya, con dos periodistas de ETB, y ni un segundo para analizar a Tom\u00e1s y su \u00e9poca. \u00bfHay derecho a esto?.<\/p>\n\n\n\n<p>No hay en ETB una sola entrevista al portavoz del PNV, Marcos Vizcaya, que acaba de fallecer, hablando de los momentos previos al golpe donde fue contactado por ver si el PNV ver\u00eda bien un gobierno presidido por un militar. Ante esta anomal\u00eda yo solo pido se traten hechos vitales, como fue nuestra intenci\u00f3n del 82, la mitad &nbsp;de la mitad de bien&nbsp; a como se trata el deporte, que no mira para otro lado cuando&nbsp; de partidos importantes est\u00e1n en la atenci\u00f3n p\u00fablica. Quienes dirigen los informativos, nacionales e internacionales vascos, no siguen &nbsp;las bases de aquella EITB nacida tras el Tejerazo como una palanca democr\u00e1tica. Y esto hay que denunciarlo, pues, adem\u00e1s de ser una aut\u00e9ntica verg\u00fcenza, nos jugamos mucho.<\/p>\n\n\n\n<p>Si, ya s\u00e9 que hay un Consejo de Administraci\u00f3n que no hace nada, hay una Comisi\u00f3n de Medios en el Parlamento que no hace nada, hay uno Director General y directores que no hacen nada, hay una Vicelehendakari que no hace nada para que luego venga &nbsp;la Consejera de Justicia y en Barakaldo les diga a los chavales que el Gobierno Vasco va a iniciar un camino para la desmitificaci\u00f3n del franquismo. Mejor har\u00edan utilizar el medio p\u00fablico por excelencia y m\u00e1s poderoso que tenemos los vascos, p\u00e9simamente dirigido, para vender democracia, valores, historia y hechos.<\/p>\n\n\n\n<p>Y si no, no nos quejemos.<\/p>\n<!-- AddThis Advanced Settings generic via filter on the_content --><!-- AddThis Share Buttons generic via filter on the_content -->","protected":false},"excerpt":{"rendered":"<p>Lunes 2 de marzo de 2026 El mi\u00e9rcoles pasado &nbsp;publiqu\u00e9 un post dedicado a los que llam\u00e9 \u201cpapeluchos\u201d desclasificados. Lo hice con mi visi\u00f3n &nbsp;personal de la jugada y para mi sorpresa tuvo m\u00e1s de diez mil \u201cme gusta\u201d, concretamente 10.068 as\u00ed como, 1997 comentarios, de todo tipo, y 3.722 veces compartido. Una \u201cpas\u00e1\u201c que &hellip; <a href=\"https:\/\/blogs.deia.eus\/anasagasti\/2026\/03\/02\/el-post-del-miercoles-y-la-dura-denuncia-de-arzalluz\/\" class=\"more-link\">Sigue leyendo <span class=\"screen-reader-text\">EL POST DEL MI\u00c9RCOLES Y LA DURA DENUNCIA DE ARZALLUZ.<\/span><\/a><!-- AddThis Advanced Settings generic via filter on get_the_excerpt --><!-- AddThis Share Buttons generic via filter on get_the_excerpt --><\/p>\n","protected":false},"author":19,"featured_media":0,"comment_status":"open","ping_status":"open","sticky":false,"template":"","format":"standard","meta":{"footnotes":""},"categories":[1],"tags":[],"class_list":["post-21463","post","type-post","status-publish","format-standard","hentry","category-general"],"_links":{"self":[{"href":"https:\/\/blogs.deia.eus\/anasagasti\/wp-json\/wp\/v2\/posts\/21463","targetHints":{"allow":["GET"]}}],"collection":[{"href":"https:\/\/blogs.deia.eus\/anasagasti\/wp-json\/wp\/v2\/posts"}],"about":[{"href":"https:\/\/blogs.deia.eus\/anasagasti\/wp-json\/wp\/v2\/types\/post"}],"author":[{"embeddable":true,"href":"https:\/\/blogs.deia.eus\/anasagasti\/wp-json\/wp\/v2\/users\/19"}],"replies":[{"embeddable":true,"href":"https:\/\/blogs.deia.eus\/anasagasti\/wp-json\/wp\/v2\/comments?post=21463"}],"version-history":[{"count":1,"href":"https:\/\/blogs.deia.eus\/anasagasti\/wp-json\/wp\/v2\/posts\/21463\/revisions"}],"predecessor-version":[{"id":21465,"href":"https:\/\/blogs.deia.eus\/anasagasti\/wp-json\/wp\/v2\/posts\/21463\/revisions\/21465"}],"wp:attachment":[{"href":"https:\/\/blogs.deia.eus\/anasagasti\/wp-json\/wp\/v2\/media?parent=21463"}],"wp:term":[{"taxonomy":"category","embeddable":true,"href":"https:\/\/blogs.deia.eus\/anasagasti\/wp-json\/wp\/v2\/categories?post=21463"},{"taxonomy":"post_tag","embeddable":true,"href":"https:\/\/blogs.deia.eus\/anasagasti\/wp-json\/wp\/v2\/tags?post=21463"}],"curies":[{"name":"wp","href":"https:\/\/api.w.org\/{rel}","templated":true}]}}