{"id":21472,"date":"2026-03-04T08:57:35","date_gmt":"2026-03-04T06:57:35","guid":{"rendered":"https:\/\/blogs.deia.eus\/anasagasti\/?p=21472"},"modified":"2026-03-04T08:57:35","modified_gmt":"2026-03-04T06:57:35","slug":"afiliada-del-pnv-me-escribe-sobre-el-intocable-derecho-internacional-y-cuba","status":"publish","type":"post","link":"https:\/\/blogs.deia.eus\/anasagasti\/2026\/03\/04\/afiliada-del-pnv-me-escribe-sobre-el-intocable-derecho-internacional-y-cuba\/","title":{"rendered":"AFILIADA DEL PNV ME ESCRIBE SOBRE EL INTOCABLE\u00a0 DERECHO INTERNACIONAL Y CUBA"},"content":{"rendered":"\n<p><strong>Mi\u00e9rcoles 4 de marzo de 2026<\/strong><\/p>\n\n\n\n<figure class=\"wp-block-image size-large\"><a href=\"https:\/\/blogs.deia.eus\/anasagasti\/files\/2026\/03\/Cuba.jpg\"><img loading=\"lazy\" decoding=\"async\" width=\"940\" height=\"529\" src=\"https:\/\/blogs.deia.eus\/anasagasti\/files\/2026\/03\/Cuba-940x529.jpg\" alt=\"\" class=\"wp-image-21473\" srcset=\"https:\/\/blogs.deia.eus\/anasagasti\/files\/2026\/03\/Cuba-940x529.jpg 940w, https:\/\/blogs.deia.eus\/anasagasti\/files\/2026\/03\/Cuba-580x326.jpg 580w, https:\/\/blogs.deia.eus\/anasagasti\/files\/2026\/03\/Cuba-768x432.jpg 768w, https:\/\/blogs.deia.eus\/anasagasti\/files\/2026\/03\/Cuba.jpg 1200w\" sizes=\"auto, (max-width: 940px) 100vw, 940px\" \/><\/a><\/figure>\n\n\n\n<p>Recibo estas dram\u00e1ticas letras cargadas de impotencia, angustia e incomprensi\u00f3n. Las reproduzco. Cuba, que lleva casi 66 a\u00f1os de dictadura, y no por Bloqueo alguno sino por una dictadura oprobiosa que maltrata diariamente\u00a0 a sus ciudadanos y echa la culpa a los dem\u00e1s, pero en Euzkadi nunca es noticia porque para el jefe de informativos Mikel Reparaz, lo importante son sus an\u00e1lisis superficiales y la promoci\u00f3n de sus libros.<\/p>\n\n\n\n<p>Las manifestaciones que hacen en Bilbao cubanos expulsados o huidos de aquel infierno pidiendo libertad son ignoradas por EITB. No hay sitio para ellos. No entran dentro del cupo de huelgas varias y protecci\u00f3n del chavismo del Ente P\u00fablico que deber\u00eda saber que todas las libertades son solidarias, como dec\u00eda Irujo. Pero se\u00f1alar esto es perder el tiempo.<\/p>\n\n\n\n<p>La carta habla por si sola. Dice as\u00ed:<\/p>\n\n\n\n<p>Kaixo I\u00f1aki.&nbsp;&nbsp;<\/p>\n\n\n\n<p>Soy una militante del Partido&nbsp;<\/p>\n\n\n\n<p>Dir\u00e1s que por qu\u00e9 te escribo semejante texto. Pero ser\u00eda un placer lo leas y puedas contestarme&nbsp;<\/p>\n\n\n\n<p>He le\u00eddo est\u00e1 publicaci\u00f3n tuya. LA LEGALIDAD INTERNACIONAL Y LOS CATEDR\u00c1TICOS DE LA ESTUPENDA TEOR\u00cdA<\/p>\n\n\n\n<p>Rodr\u00edguez Zapatero compareci\u00f3 ayer en el Senado. ETB inform\u00f3 de lo que dijo en relaci\u00f3n a lo que se le acusaba diciendo&nbsp; que nada ten\u00eda que ver con la Compa\u00f1\u00eda A\u00e9rea Plus Ultra. De momento, dif\u00edcil pero no imposible de demostrar. Pero dijo mucho m\u00e1s, aunque ETB sac\u00f3 solo esa afirmaci\u00f3n. Un publirreportaje. Omiti\u00f3 que reconoci\u00f3 haber cobrado casi medio mill\u00f3n de euros por gestiones de &#8230;..)&nbsp;<\/p>\n\n\n\n<p>Pero&nbsp; ah\u00ed te falta otra teocracia, dictadura comunista&nbsp; que vulnera los derechos humanos de su poblaci\u00f3n a la cual la comunidad internacional est\u00e1 dando la espalda.&nbsp;<\/p>\n\n\n\n<p>Donde millones de cubanos est\u00e1n muriendo de hambre.<\/p>\n\n\n\n<p>Donde la insalubridad es absoluta<\/p>\n\n\n\n<p>Donde miles de toneladas de basura cubren sus calles<\/p>\n\n\n\n<p>Donde los edificios se desploman&nbsp;<\/p>\n\n\n\n<p>Donde millones han tenido que emigrar. Donde viven horas infinitas sin electricidad ni agua.&nbsp;<\/p>\n\n\n\n<p>Donde qui\u00e9n se atreve a alzar la voz cae preso o desaparecido.&nbsp;<\/p>\n\n\n\n<p>Los hospitales sin insumos, sin poder hacer cirug\u00edas.&nbsp;<\/p>\n\n\n\n<p>Donde si necesitas puntos de sutura has de llevar tu todo si es que lo encuentras en el mercado negro y a unos precios desorbitantes.&nbsp;&nbsp;<\/p>\n\n\n\n<p>Donde las tiendas no tienen comida.&nbsp;<\/p>\n\n\n\n<p>Donde las farmacias est\u00e1n vac\u00edas.&nbsp;&nbsp;<\/p>\n\n\n\n<p>Donde quienes&nbsp; tienen gente fuera de la isla les puedan mandar algo para sobrevivir.&nbsp;<\/p>\n\n\n\n<p>Donde han regresado a la era prehist\u00f3rica para poder sobrevivir. Y un sin fin de cosas m\u00e1s&#8230;&nbsp;<\/p>\n\n\n\n<p>Yo tengo mi pareja en Cuba. Qui\u00e9n es discapacitado por estar amputado de un pie. No pueden adquirir ni una pr\u00f3tesis para poder caminar. Y \u00e9l mismo se ha construido un artilugio para poder hacerlo. Aunque&nbsp; eso le cueste que la pierna se est\u00e9 deformando entera.&nbsp;<\/p>\n\n\n\n<p>Yo desde aqu\u00ed ayudo en lo que puedo. Pero yo tambi\u00e9n soy persona en silla de ruedas. Y esperando poderlo traer para tratarlo aqu\u00ed.&nbsp;<\/p>\n\n\n\n<p>Y ahora te digo porque me he tomado la libertad de escribirte&nbsp;<\/p>\n\n\n\n<p>Porque te agradecer\u00eda de coraz\u00f3n que hagas visible en tus redes \u00e9sta realidad que est\u00e1n viviendo en la Isla que ha destruido todo el clan de los Castros teniendo a un t\u00edtere como presidente \u00bb D\u00edaz Canel\u00bb<\/p>\n\n\n\n<p>Haciendo ver a muchos que los malos son los otros EEUU, que han vivido en un bloqueo. Cuando eso no era la realidad.&nbsp;<\/p>\n\n\n\n<p>No comulgo con las ideolog\u00edas de Trump, pero \u00bfd\u00f3nde est\u00e1 la comunidad internacional?. Esa comunidad a la que se le llena la boca al hablar de los derechos humanos?&nbsp;<\/p>\n\n\n\n<p>Gracias I\u00f1aki de antemano por si me lees&nbsp;<\/p>\n\n\n\n<p>Eskerrik asko&nbsp;<\/p>\n\n\n\n<p>Yo no soy capaz de hacerlo. Ll\u00e1mame cobarde, pero si quiero entrar en esa Isla para ver a los m\u00edos y tengo alguna publicaci\u00f3n de la que aterric\u00e9, me mandan de vuelta en el mejor de los casos y si no me mandan a saber d\u00f3nde.<\/p>\n\n\n\n<p>Izaskun.<\/p>\n<!-- AddThis Advanced Settings generic via filter on the_content --><!-- AddThis Share Buttons generic via filter on the_content -->","protected":false},"excerpt":{"rendered":"<p>Mi\u00e9rcoles 4 de marzo de 2026 Recibo estas dram\u00e1ticas letras cargadas de impotencia, angustia e incomprensi\u00f3n. Las reproduzco. Cuba, que lleva casi 66 a\u00f1os de dictadura, y no por Bloqueo alguno sino por una dictadura oprobiosa que maltrata diariamente\u00a0 a sus ciudadanos y echa la culpa a los dem\u00e1s, pero en Euzkadi nunca es noticia &hellip; <a href=\"https:\/\/blogs.deia.eus\/anasagasti\/2026\/03\/04\/afiliada-del-pnv-me-escribe-sobre-el-intocable-derecho-internacional-y-cuba\/\" class=\"more-link\">Sigue leyendo <span class=\"screen-reader-text\">AFILIADA DEL PNV ME ESCRIBE SOBRE EL INTOCABLE\u00a0 DERECHO INTERNACIONAL Y CUBA<\/span><\/a><!-- AddThis Advanced Settings generic via filter on get_the_excerpt --><!-- AddThis Share Buttons generic via filter on get_the_excerpt --><\/p>\n","protected":false},"author":19,"featured_media":0,"comment_status":"open","ping_status":"open","sticky":false,"template":"","format":"standard","meta":{"footnotes":""},"categories":[1],"tags":[],"class_list":["post-21472","post","type-post","status-publish","format-standard","hentry","category-general"],"_links":{"self":[{"href":"https:\/\/blogs.deia.eus\/anasagasti\/wp-json\/wp\/v2\/posts\/21472","targetHints":{"allow":["GET"]}}],"collection":[{"href":"https:\/\/blogs.deia.eus\/anasagasti\/wp-json\/wp\/v2\/posts"}],"about":[{"href":"https:\/\/blogs.deia.eus\/anasagasti\/wp-json\/wp\/v2\/types\/post"}],"author":[{"embeddable":true,"href":"https:\/\/blogs.deia.eus\/anasagasti\/wp-json\/wp\/v2\/users\/19"}],"replies":[{"embeddable":true,"href":"https:\/\/blogs.deia.eus\/anasagasti\/wp-json\/wp\/v2\/comments?post=21472"}],"version-history":[{"count":1,"href":"https:\/\/blogs.deia.eus\/anasagasti\/wp-json\/wp\/v2\/posts\/21472\/revisions"}],"predecessor-version":[{"id":21474,"href":"https:\/\/blogs.deia.eus\/anasagasti\/wp-json\/wp\/v2\/posts\/21472\/revisions\/21474"}],"wp:attachment":[{"href":"https:\/\/blogs.deia.eus\/anasagasti\/wp-json\/wp\/v2\/media?parent=21472"}],"wp:term":[{"taxonomy":"category","embeddable":true,"href":"https:\/\/blogs.deia.eus\/anasagasti\/wp-json\/wp\/v2\/categories?post=21472"},{"taxonomy":"post_tag","embeddable":true,"href":"https:\/\/blogs.deia.eus\/anasagasti\/wp-json\/wp\/v2\/tags?post=21472"}],"curies":[{"name":"wp","href":"https:\/\/api.w.org\/{rel}","templated":true}]}}