{"id":21475,"date":"2026-03-05T09:03:53","date_gmt":"2026-03-05T07:03:53","guid":{"rendered":"https:\/\/blogs.deia.eus\/anasagasti\/?p=21475"},"modified":"2026-03-05T09:03:54","modified_gmt":"2026-03-05T07:03:54","slug":"un-recuerdo-a-la-desaparecida-asociacion-matxitxako-y-a-los-gudaris-del-mar-que-pena","status":"publish","type":"post","link":"https:\/\/blogs.deia.eus\/anasagasti\/2026\/03\/05\/un-recuerdo-a-la-desaparecida-asociacion-matxitxako-y-a-los-gudaris-del-mar-que-pena\/","title":{"rendered":"UN RECUERDO A LA DESAPARECIDA ASOCIACI\u00d3N MATXITXAKO Y A LOS GUDARIS DEL MAR. \u00a1QUE PENA!."},"content":{"rendered":"\n<p><strong>Jueves 5 de marzo de 2026<\/strong><\/p>\n\n\n<div class=\"wp-block-image\">\n<figure class=\"aligncenter size-large\"><a href=\"https:\/\/blogs.deia.eus\/anasagasti\/files\/2026\/03\/Matxitxako_2.jpg\"><img loading=\"lazy\" decoding=\"async\" width=\"940\" height=\"526\" src=\"https:\/\/blogs.deia.eus\/anasagasti\/files\/2026\/03\/Matxitxako_2-940x526.jpg\" alt=\"\" class=\"wp-image-21476\" srcset=\"https:\/\/blogs.deia.eus\/anasagasti\/files\/2026\/03\/Matxitxako_2-940x526.jpg 940w, https:\/\/blogs.deia.eus\/anasagasti\/files\/2026\/03\/Matxitxako_2-580x325.jpg 580w, https:\/\/blogs.deia.eus\/anasagasti\/files\/2026\/03\/Matxitxako_2-768x430.jpg 768w, https:\/\/blogs.deia.eus\/anasagasti\/files\/2026\/03\/Matxitxako_2.jpg 1024w\" sizes=\"auto, (max-width: 940px) 100vw, 940px\" \/><\/a><\/figure>\n<\/div>\n\n\n<p>Traigo aqu\u00ed esta fotograf\u00eda de un acto organizador el 5 de marzo de 1978. Podemos ver a D. Manuel de Irujo y a Ant\u00f3n Ormaza ante un monumento que inauguraron con la famosa frase de Walsingham&nbsp; esculpida en euskera, franc\u00e9s e ingl\u00e9s.<\/p>\n\n\n\n<p>\u201dPorque eran rudos de coraz\u00f3n prefirieron morir antes&nbsp; que rendirse\u201d.<\/p>\n\n\n\n<p>Buen resumen de lo que fue la batalla de Matxitxako.<\/p>\n\n\n\n<p>Creo que este monumento era de Nestor Basterretxea, que derruido, dio paso al actual que personalmente no me gusta. Prefiero el primero.<\/p>\n\n\n\n<p>El caso es que a ra\u00edz del impulso del Grupo Bidasoa y la sabia mano de&nbsp; Juan Pardo que era el alma mater de la Asociaci\u00f3n Matxitxako, no pasaba a\u00f1o sin que record\u00e1ramos aquella gesta que sigue sin estar en museo alguno.<\/p>\n\n\n\n<p>Cada a\u00f1o ven\u00eda desde Gipuzkoa un autob\u00fas&nbsp; con supervivientes y familiares de los distintos Bous que se juntaban en la Atalaya para ver en lontananza el Golfo de Bizkaia y escuchar reiteradamente como fue aquella gesta mientras se organizaba un acto emotivo donde hab\u00eda el recuerdo a los ya fallecidos, se conmemoraba la batalla, se depositaba&nbsp; una ofrenda floral, se bailaba el aurreku y el presidente de la Asociaci\u00f3n Javier Olabeaga cerraba el acto, para posteriormente ir a una comida popular.<\/p>\n\n\n\n<p>Ese a\u00f1o 1978 tuvo lugar un mitin multitudinario en el front\u00f3n de Bermeo. Un gent\u00edo tremendo.<\/p>\n\n\n\n<p>Aquella &nbsp;Asociaci\u00f3n&nbsp; agrupaba a los supervivientes y familiares de la Batalla de Matxitxako entre los Bous y el crucero \u201cCanarias\u201d y &nbsp;celebraban &nbsp;su acto anual. Al principio un sacerdote rezaba un \u201cAita Gurea\u201d por los fallecidos durante el a\u00f1o. Despu\u00e9s hablaba Juan Pardo, alma de la recuperaci\u00f3n de esta gesta incre\u00edble y buen conocedor de todo lo que pas\u00f3 con la Marina Auxiliar de Guerra del Gobierno Vasco. Un \u201cGora Euzkadi Azkatuta\u201d de uno de los supervivientes y el \u201cEusko Gudariak\u201d, cerraban &nbsp;el acto.<\/p>\n\n\n\n<p>La batalla del cabo Matxitxako fue un enfrentamiento naval que tuvo lugar el 5 de marzo de 1937, durante la Guerra Civil, entre la Marina de Guerra Auxiliar de Euzkadi (Euzko Itsas Gudarostea), la marina del gobierno vasco, fiel a la Rep\u00fablica, y el crucero Canarias, perteneciente a la marina franquista, en aguas del,cabo Matxitxako, frente a las costas de Bizkaia.<\/p>\n\n\n\n<p>El 5 de marzo de 1937, el Canarias lleg\u00f3 al Cant\u00e1brico y apres\u00f3 al mercante Galdames, que se dirig\u00eda a Bilbao, a la altura del cabo Matxitxako. Para ello tuvo que enfrentarse a los bous vascos (barcos bacaladeros armados con ca\u00f1ones) que, pese su inferioridad manifiesta, le hicieron frente con gran valor y arrojo, resultando hundido uno de ellos (el Nabarra) y averiados los otros dos.<\/p>\n\n\n\n<p>Desgraciadamente aquella Asociaci\u00f3n ha desaparecido. Las personas que lo llevaban tienen mucha edad o han ido desapareciendo y no ha habido relevo. Y es una l\u00e1stima que aquella llama se haya apagado. Ojal\u00e1 las Organizaciones municipales del PNV de Bermeo y de Bakio la recuperen. Hay que seguir transmitiendo el relato de aquella gesta cuando David se enfrent\u00f3 a Goliat.<\/p>\n\n\n<div class=\"wp-block-image\">\n<figure class=\"aligncenter size-large\"><a href=\"https:\/\/blogs.deia.eus\/anasagasti\/files\/2026\/03\/Matxitxako-actual.jpg\"><img loading=\"lazy\" decoding=\"async\" width=\"940\" height=\"434\" src=\"https:\/\/blogs.deia.eus\/anasagasti\/files\/2026\/03\/Matxitxako-actual-940x434.jpg\" alt=\"\" class=\"wp-image-21477\" srcset=\"https:\/\/blogs.deia.eus\/anasagasti\/files\/2026\/03\/Matxitxako-actual-940x434.jpg 940w, https:\/\/blogs.deia.eus\/anasagasti\/files\/2026\/03\/Matxitxako-actual-580x268.jpg 580w, https:\/\/blogs.deia.eus\/anasagasti\/files\/2026\/03\/Matxitxako-actual-768x355.jpg 768w, https:\/\/blogs.deia.eus\/anasagasti\/files\/2026\/03\/Matxitxako-actual.jpg 1024w\" sizes=\"auto, (max-width: 940px) 100vw, 940px\" \/><\/a><\/figure>\n<\/div><!-- AddThis Advanced Settings generic via filter on the_content --><!-- AddThis Share Buttons generic via filter on the_content -->","protected":false},"excerpt":{"rendered":"<p>Jueves 5 de marzo de 2026 Traigo aqu\u00ed esta fotograf\u00eda de un acto organizador el 5 de marzo de 1978. Podemos ver a D. Manuel de Irujo y a Ant\u00f3n Ormaza ante un monumento que inauguraron con la famosa frase de Walsingham&nbsp; esculpida en euskera, franc\u00e9s e ingl\u00e9s. \u201dPorque eran rudos de coraz\u00f3n prefirieron morir &hellip; <a href=\"https:\/\/blogs.deia.eus\/anasagasti\/2026\/03\/05\/un-recuerdo-a-la-desaparecida-asociacion-matxitxako-y-a-los-gudaris-del-mar-que-pena\/\" class=\"more-link\">Sigue leyendo <span class=\"screen-reader-text\">UN RECUERDO A LA DESAPARECIDA ASOCIACI\u00d3N MATXITXAKO Y A LOS GUDARIS DEL MAR. \u00a1QUE PENA!.<\/span><\/a><!-- AddThis Advanced Settings generic via filter on get_the_excerpt --><!-- AddThis Share Buttons generic via filter on get_the_excerpt --><\/p>\n","protected":false},"author":19,"featured_media":0,"comment_status":"open","ping_status":"open","sticky":false,"template":"","format":"standard","meta":{"footnotes":""},"categories":[1],"tags":[],"class_list":["post-21475","post","type-post","status-publish","format-standard","hentry","category-general"],"_links":{"self":[{"href":"https:\/\/blogs.deia.eus\/anasagasti\/wp-json\/wp\/v2\/posts\/21475","targetHints":{"allow":["GET"]}}],"collection":[{"href":"https:\/\/blogs.deia.eus\/anasagasti\/wp-json\/wp\/v2\/posts"}],"about":[{"href":"https:\/\/blogs.deia.eus\/anasagasti\/wp-json\/wp\/v2\/types\/post"}],"author":[{"embeddable":true,"href":"https:\/\/blogs.deia.eus\/anasagasti\/wp-json\/wp\/v2\/users\/19"}],"replies":[{"embeddable":true,"href":"https:\/\/blogs.deia.eus\/anasagasti\/wp-json\/wp\/v2\/comments?post=21475"}],"version-history":[{"count":1,"href":"https:\/\/blogs.deia.eus\/anasagasti\/wp-json\/wp\/v2\/posts\/21475\/revisions"}],"predecessor-version":[{"id":21478,"href":"https:\/\/blogs.deia.eus\/anasagasti\/wp-json\/wp\/v2\/posts\/21475\/revisions\/21478"}],"wp:attachment":[{"href":"https:\/\/blogs.deia.eus\/anasagasti\/wp-json\/wp\/v2\/media?parent=21475"}],"wp:term":[{"taxonomy":"category","embeddable":true,"href":"https:\/\/blogs.deia.eus\/anasagasti\/wp-json\/wp\/v2\/categories?post=21475"},{"taxonomy":"post_tag","embeddable":true,"href":"https:\/\/blogs.deia.eus\/anasagasti\/wp-json\/wp\/v2\/tags?post=21475"}],"curies":[{"name":"wp","href":"https:\/\/api.w.org\/{rel}","templated":true}]}}