{"id":21479,"date":"2026-03-06T10:22:18","date_gmt":"2026-03-06T08:22:18","guid":{"rendered":"https:\/\/blogs.deia.eus\/anasagasti\/?p=21479"},"modified":"2026-03-06T10:22:18","modified_gmt":"2026-03-06T08:22:18","slug":"la-cadena-en-bermeo-se-ha-roto","status":"publish","type":"post","link":"https:\/\/blogs.deia.eus\/anasagasti\/2026\/03\/06\/la-cadena-en-bermeo-se-ha-roto\/","title":{"rendered":"LA CADENA EN BERMEO SE HA ROTO."},"content":{"rendered":"\n<p><strong>Viernes 6 de marzo de 2026<\/strong><\/p>\n\n\n<div class=\"wp-block-image\">\n<figure class=\"aligncenter size-full\"><a href=\"https:\/\/blogs.deia.eus\/anasagasti\/files\/2026\/03\/Bermeo.jpg\"><img loading=\"lazy\" decoding=\"async\" width=\"836\" height=\"1173\" src=\"https:\/\/blogs.deia.eus\/anasagasti\/files\/2026\/03\/Bermeo.jpg\" alt=\"\" class=\"wp-image-21481\" srcset=\"https:\/\/blogs.deia.eus\/anasagasti\/files\/2026\/03\/Bermeo.jpg 836w, https:\/\/blogs.deia.eus\/anasagasti\/files\/2026\/03\/Bermeo-580x814.jpg 580w, https:\/\/blogs.deia.eus\/anasagasti\/files\/2026\/03\/Bermeo-768x1078.jpg 768w\" sizes=\"auto, (max-width: 836px) 100vw, 836px\" \/><\/a><\/figure>\n<\/div>\n\n\n<p>Somos parte de \u00a0un pueblo al que se nos llena la boca hablando de identidad, pero hacemos lo m\u00ednimo para transmitirlo a las nuevas generaciones.<\/p>\n\n\n\n<p>Bien ha tratado ETB el 50 aniversario de los sucesos del 3 de marzo, pero diariamente deber\u00eda hacer, como la gota de agua malaya&nbsp; que empapa, toques informativos sobre hechos determinantes del pasado y que no hace, por su preocupaci\u00f3n en ser mim\u00e9ticos de los informativos de Madrid.<\/p>\n\n\n\n<p>Ayer jueves fue el funeral de Tom\u00e1s Uribetxeberria, con todo lo que signific\u00f3 su importante trabajo como Diputado de Cultura en Bizkaia, y no se dijo nada, y ayer mismo se cumplieron 89 a\u00f1os de la batalla de Matxitxako que fue un hito&nbsp; de guerra y que ha de dejado de conmemorarse por inanici\u00f3n y edad sin que Gogora, ni el PNV cojan &nbsp;el testigo. Y no se dijo nada.<\/p>\n\n\n\n<p>Y todo vac\u00edo se llena. Quien lo ha tomado ha sido Bildu que honrar\u00e1 a los gudaris y familiares de aquella gesta con un&nbsp; recuerdo y reflexi\u00f3n. Al acto se le a\u00f1ade un coloquio con Pello Otxandiano, Idurre Bideguren, Edriga Aranburu poniendo el foco en la necesidad de un nuevo status pol\u00edtico para avanzar en la soberan\u00eda hacia una Rep\u00fablica Vasca.<\/p>\n\n\n\n<p>Y me parece bien que ante el vac\u00edo, \u00e9ste se&nbsp; llene, aunque en 1937, los bacaladeros de la Pysbe, los Bous artillados, lucharon contra el Canarias bajo la ikurri\u00f1a del Gobierno Vasco a quien no suelen poner nunca en valor los dirigentes de Bildu-Sortu.<\/p>\n\n\n\n<p>En 1978 nosotros hicimos lo nuestro. ,y me apena que la cadena se haya roto \u00e9ste a\u00f1o.Yo estaba en el BBB y EBB, y el cartel lo dce todo. Nos conformamos, se conforman, con decir que la cadena no se rompe. &nbsp;En este caso, \u00e9ste a\u00f1o , el de la cadena, no es verdad. Se ha roto, y no se hace nada por arreglar la argolla.<\/p>\n\n\n\n<p>Y la prueba est\u00e1 en que a ra\u00edz de mi post de ayer he recibido de parte de un bermeano decepcionado y que se encuadr\u00f3 en lo que se denomin\u00f3 el &nbsp;Grupo Ormaza, y que &nbsp;adem\u00e1s estuvo &nbsp;hace 48 a\u00f1os en Bermeo celebrando el d\u00eda del Gudari del mar, el cartel que hicieron con los actos organizados as\u00ed como \u00e9sta fotograf\u00eda donde estoy hablando a front\u00f3n lleno, sin telepronter. Si, a front\u00f3n lleno. Recuerdo que dije: \u201del mitin no lo damos nosotros sino lo dais vosotros\u201d. Era verdad. No recuerdo nunca mayor entusiasmo, que veo se ha perdido.<\/p>\n\n\n\n<p>Estas cosas se hac\u00edan y se deber\u00edan volver a hacer. El nacionalismo es cabeza, pero sobre todo emoci\u00f3n y sentimientos y no que todo se centre en &nbsp;los mismos hablando de la pol\u00edtica de Madrid o de lo que ha dicho Andueza, o de cosas que no interesan m\u00e1s que a los viciosos de&nbsp; la pol\u00edtica.<\/p>\n\n\n\n<p>Y no reproduzco la carta que me ha enviado mi amigo bermeano pues es \u00e1cidamente cr\u00edtica. Me mueve a hacerlo lo que dec\u00eda San Francisco de Sales: \u201dNo olvid\u00e9is que las buenas ensaladas tienen m\u00e1s aceite que vinagre\u201d. Y le he echado mucho aceite te a mi amigo bermeano dici\u00e9ndole que la cr\u00edtica ya le har\u00eda yo. Y lo hago como lo hice hace 48 a\u00f1os en Bermeo\u2026&#8230;<\/p>\n\n\n<div class=\"wp-block-image\">\n<figure class=\"aligncenter size-full\"><a href=\"https:\/\/blogs.deia.eus\/anasagasti\/files\/2026\/03\/Mitin-Bermeo-1.jpg\"><img loading=\"lazy\" decoding=\"async\" width=\"786\" height=\"539\" src=\"https:\/\/blogs.deia.eus\/anasagasti\/files\/2026\/03\/Mitin-Bermeo-1.jpg\" alt=\"\" class=\"wp-image-21482\" srcset=\"https:\/\/blogs.deia.eus\/anasagasti\/files\/2026\/03\/Mitin-Bermeo-1.jpg 786w, https:\/\/blogs.deia.eus\/anasagasti\/files\/2026\/03\/Mitin-Bermeo-1-580x398.jpg 580w, https:\/\/blogs.deia.eus\/anasagasti\/files\/2026\/03\/Mitin-Bermeo-1-768x527.jpg 768w\" sizes=\"auto, (max-width: 786px) 100vw, 786px\" \/><\/a><\/figure>\n<\/div><!-- AddThis Advanced Settings generic via filter on the_content --><!-- AddThis Share Buttons generic via filter on the_content -->","protected":false},"excerpt":{"rendered":"<p>Viernes 6 de marzo de 2026 Somos parte de \u00a0un pueblo al que se nos llena la boca hablando de identidad, pero hacemos lo m\u00ednimo para transmitirlo a las nuevas generaciones. Bien ha tratado ETB el 50 aniversario de los sucesos del 3 de marzo, pero diariamente deber\u00eda hacer, como la gota de agua malaya&nbsp; &hellip; <a href=\"https:\/\/blogs.deia.eus\/anasagasti\/2026\/03\/06\/la-cadena-en-bermeo-se-ha-roto\/\" class=\"more-link\">Sigue leyendo <span class=\"screen-reader-text\">LA CADENA EN BERMEO SE HA ROTO.<\/span><\/a><!-- AddThis Advanced Settings generic via filter on get_the_excerpt --><!-- AddThis Share Buttons generic via filter on get_the_excerpt --><\/p>\n","protected":false},"author":19,"featured_media":0,"comment_status":"open","ping_status":"open","sticky":false,"template":"","format":"standard","meta":{"footnotes":""},"categories":[1],"tags":[],"class_list":["post-21479","post","type-post","status-publish","format-standard","hentry","category-general"],"_links":{"self":[{"href":"https:\/\/blogs.deia.eus\/anasagasti\/wp-json\/wp\/v2\/posts\/21479","targetHints":{"allow":["GET"]}}],"collection":[{"href":"https:\/\/blogs.deia.eus\/anasagasti\/wp-json\/wp\/v2\/posts"}],"about":[{"href":"https:\/\/blogs.deia.eus\/anasagasti\/wp-json\/wp\/v2\/types\/post"}],"author":[{"embeddable":true,"href":"https:\/\/blogs.deia.eus\/anasagasti\/wp-json\/wp\/v2\/users\/19"}],"replies":[{"embeddable":true,"href":"https:\/\/blogs.deia.eus\/anasagasti\/wp-json\/wp\/v2\/comments?post=21479"}],"version-history":[{"count":1,"href":"https:\/\/blogs.deia.eus\/anasagasti\/wp-json\/wp\/v2\/posts\/21479\/revisions"}],"predecessor-version":[{"id":21483,"href":"https:\/\/blogs.deia.eus\/anasagasti\/wp-json\/wp\/v2\/posts\/21479\/revisions\/21483"}],"wp:attachment":[{"href":"https:\/\/blogs.deia.eus\/anasagasti\/wp-json\/wp\/v2\/media?parent=21479"}],"wp:term":[{"taxonomy":"category","embeddable":true,"href":"https:\/\/blogs.deia.eus\/anasagasti\/wp-json\/wp\/v2\/categories?post=21479"},{"taxonomy":"post_tag","embeddable":true,"href":"https:\/\/blogs.deia.eus\/anasagasti\/wp-json\/wp\/v2\/tags?post=21479"}],"curies":[{"name":"wp","href":"https:\/\/api.w.org\/{rel}","templated":true}]}}