{"id":21487,"date":"2026-03-07T20:15:36","date_gmt":"2026-03-07T18:15:36","guid":{"rendered":"https:\/\/blogs.deia.eus\/anasagasti\/?p=21487"},"modified":"2026-03-07T20:15:37","modified_gmt":"2026-03-07T18:15:37","slug":"me-quedo-con-alain-finkielkrat","status":"publish","type":"post","link":"https:\/\/blogs.deia.eus\/anasagasti\/2026\/03\/07\/me-quedo-con-alain-finkielkrat\/","title":{"rendered":"ME QUEDO CON ALAIN FINKIELKRAT"},"content":{"rendered":"\n<p><strong>S\u00e1bado 7 de marzo de 2024<\/strong><\/p>\n\n\n<div class=\"wp-block-image\">\n<figure class=\"aligncenter size-full\"><a href=\"https:\/\/blogs.deia.eus\/anasagasti\/files\/2026\/03\/ALAIN-fINKIELKRAUT.jpg\"><img loading=\"lazy\" decoding=\"async\" width=\"658\" height=\"484\" src=\"https:\/\/blogs.deia.eus\/anasagasti\/files\/2026\/03\/ALAIN-fINKIELKRAUT.jpg\" alt=\"\" class=\"wp-image-21488\" srcset=\"https:\/\/blogs.deia.eus\/anasagasti\/files\/2026\/03\/ALAIN-fINKIELKRAUT.jpg 658w, https:\/\/blogs.deia.eus\/anasagasti\/files\/2026\/03\/ALAIN-fINKIELKRAUT-580x427.jpg 580w\" sizes=\"auto, (max-width: 658px) 100vw, 658px\" \/><\/a><\/figure>\n<\/div>\n\n\n<p>Comentaba estos d\u00edas con Jes\u00fas Caldera, ex portavoz y ministro con &nbsp;Rodr\u00edguez Zapatero, la ausencia de Aznar en el Parlamento cuando se produjo la guerra de Irak. Aznar, entusiasmado con Bush, mand\u00f3 tropas sin consultar para nada al Congreso. Ante aquello habl\u00e9 con todos los portavoces para pedirle una reuni\u00f3n al rey Juan Carlos ya que es, seg\u00fan la Constituci\u00f3n, el jefe de las fuerzas Armadas.<\/p>\n\n\n\n<p>Era demasiado novedoso y romp\u00eda tab\u00faes y no nos recibi\u00f3. Solo lo hizo con &nbsp;Rodr\u00edguez Zapatero. Se lo afe\u00e9. Me contest\u00f3 que el rey estaba muy preocupado con lo que estaba ocurriendo en la calle. Tras aquello baj\u00e9 a la tribuna y pregunt\u00e9 para que serv\u00eda el rey. Camilo Valdecantos, cronista de El Pa\u00eds, dijo que aquello era in\u00e9dito y marcaba un antes y un despu\u00e9s. Para m\u00ed s\u00ed. Inici\u00e9 una espiral de preguntas, interpelaciones y declaraciones contra una monarqu\u00eda de papel cart\u00f3n. Han pasado dos d\u00e9cadas y ahora el PP le pide a S\u00e1nchez comparezca y eso que Aznar nos dec\u00eda, para justificar el env\u00edo de tropas, que hab\u00eda armas de destrucci\u00f3n masiva. Nunca pidi\u00f3 perd\u00f3n. Hoy Trump invade y bombardea Ir\u00e1n, como Putin Ucrania y la imagen que tengo no es la del Ayatola Jamenei, sino la de los peque\u00f1os f\u00e9retros de las ni\u00f1as iran\u00edes pero tambi\u00e9n la de las mujeres masacradas por la \u201cpolic\u00eda de la moral\u201d del r\u00e9gimen teocr\u00e1tico de los Ayatolas.<\/p>\n\n\n\n<p>En su d\u00eda atend\u00ed a una venezolana que llegaba a Bilbao tras mil rebotes. Su marido estaba siendo torturado en el Helicoide, a su hijo le hab\u00edan matado en una manifestaci\u00f3n estudiantil. Sus padres no ten\u00edan absolutamente nada para vivir, le hab\u00edan quitado su casa y hab\u00eda tenido que huir andando por el embudo de Dairi\u00e9n sin m\u00e1s asistencia que las estrellas&nbsp; bajo un oscuro cielo. Ha logrado medio rehacer su vida y no deja de felicitar a Trump por haber encarcelado a Maduro, algo que al catedr\u00e1tico Juanjo \u00c1lvarez le parece una conculcaci\u00f3n del derecho internacional.<\/p>\n\n\n\n<p>Tengo m\u00e1s de diez casos parecidos que si uno se los comenta al supercatedr\u00e1tico, el que ha impuesto el pensamiento \u00fanico sin posibilidad de r\u00e9plica, aunque seguramente sus aitas hubieran visto de cine que Truman se hubiera cargado a Franco, una especie de intocable con entrada libre en Vocento e EITB y &nbsp;la respetabilidad de circunstancia, te dir\u00e1 que si, que es muy lamentable todo ello, pero el derecho internacional es algo que no se puede cuestionar pues entrar\u00edamos en la ley de la selva y t\u00fa, que en la teor\u00eda est\u00e1s de acuerdo, pero en la pr\u00e1ctica le preguntas si el Consejo de Seguridad no hace nada, se encoge de hombros y te lanza el rollo para demostrar que sabe mucho de derecho pero me da que poco de la realidad. Y del sufrimiento humano.<\/p>\n\n\n\n<p>Y te tienes que callar y tienes que decirle al sufriente lo que nos dec\u00edan en el colegio \u201cresignaci\u00f3n cristiana\u201d, en este caso \u201cresignaci\u00f3n de los ayatolas del derecho internacional, gentes que por cierto, no les ver\u00e1s nunca en la reivindicaci\u00f3n, en la calle, en la manifa, en sus escritos y manifestaciones &nbsp;ni en la denuncia del dolor ajeno. Y si lo hacen, lo sacrifican todo en el altar de su c\u00e1tedra inamovible.<\/p>\n\n\n\n<p>Estos dogmas intocables de catedr\u00e1ticos a los que hay que reverenciar son s\u00edntomas de una clase social y pol\u00edtica, am\u00e9n de educativa desconectada de la realidad y de la sociedad a la que dicen servir, el pr\u00f3logo de un declive democr\u00e1tico y del ascenso del populismo, que no es de derechas ni de izquierdas y que en Euzkadi no se llama Vox, se llama Bildu (un partido que puede alcanzar el poder sin mejorar su nivel de representaci\u00f3n) al jugar a esa ambivalencia. Putin es bueno invadiendo Ucrania, Trump es malo bombardeando Ir\u00e1n. Y que conste que no apoyo ni uno ni a otro sino rechazo a los dos y me cabrean los catedr\u00e1ticos que te dan la teor\u00eda pero no te dan la pr\u00e1ctica&nbsp; de &nbsp;soluci\u00f3n alguna.<\/p>\n\n\n\n<p>Como lo es continuamente Juanjo \u00c1lvarez &nbsp;en el Correo, en el Diario Vasco, as\u00ed como en Radio Euzkadi. Y es que &nbsp;\u00c1lvarez nos dice&nbsp; que \u201cPedro S\u00e1nchez ha sido audazmente responsable con su postura de mantener el No a la guerra, porque es consecuente y coherente con los compromisos que Espa\u00f1a y Europa tenemos suscritos\u201d. A su juicio \u201cha actuado en un nivel de estadista m\u00e1s que el de un pol\u00edtico que sabe chapotear en el barro tambi\u00e9n\u201d.<\/p>\n\n\n\n<p>Y yo me pregunto, \u00bfQui\u00e9n es un catedr\u00e1tico de derecho internacional para proclamar que S\u00e1nchez es un estadista?. Experto, \u00bfen qu\u00e9?. Es un pol\u00edtico de sost\u00e9n de los que mandan, a precio tasado. El concepto de \u00c1lvarez es el que Alain Finkelkharut ha definido como una broma. \u201dEn mi casa mando yo\u201d. Y sobre la legitimidad \u00e9tica de la captura de Maduro, Finkielkraut ha defendido la legitimidad \u00e9tica de la captura de Maduro, calificando las objeciones basadas en el derecho internacional como una \u201cbroma\u201d que protege a dictadores. En declaraciones a Le Figaro, cuestion\u00f3 la soberan\u00eda absoluta y abog\u00f3 \u201cpor una responsabilidad transfronteriza que priorice la justicia humana sobre el formalismo diplom\u00e1tico\u201d<\/p>\n\n\n\n<p>Alain Finkielkraut es un intelectual franc\u00e9s, autor de numerosos ensayos, miembro de la Academia Francesa, profesor de la Escuela Polit\u00e9cnica de Paris donde imparte clases de historia de las ideas en el Departamento de Humanidades y Ciencias Sociales. Como Juanjo \u00c1lvarez pertenece al grupo de intelectuales que aparece con regularidad en los medios de comunicaci\u00f3n y toma de posici\u00f3n en temas de actualidad, con la diferencia que sus opiniones son objeto de discusi\u00f3n cosa que no ocurre con el intocable Sr. \u00c1lvarez que nos dice en esa entrevista que los expertos nos dicen que el mundo vuelve a una l\u00f3gica de bloques. Vaya. Muy agudo. Creo que por nosotros mismos no somos capaces de entenderlo. Por la masacre del 7 de octubre de Hamas que no le pregunten porque nos sabemos su respuesta: que la culpa en el fondo es de los jud\u00edos, aunque no dicho tan crudamente.<\/p>\n\n\n\n<p>Un experto de verdad ante lo dicho por \u00c1lvarez me comentaba:<\/p>\n\n\n\n<ul class=\"wp-block-list\">\n<li>\u00bfQu\u00e9 conoce este se\u00f1or de oriente Medio y de Venezuela?.<\/li>\n\n\n\n<li>\u00bfQu\u00e9 conoce de la pol\u00edtica exterior iran\u00ed desde el final de la guerra Irak-Iran, desde 1990 tras la ca\u00edda del Muro de Berl\u00edn?.<\/li>\n\n\n\n<li>\u00bfQu\u00e9 fuentes documentales maneja para saber-como experto en todo de las implicaciones del programa nuclear iran\u00ed sobre Oriente Medio?.<\/li>\n\n\n\n<li>\u00bfQu\u00e9 arabistas ha consultado para conocer las implicaciones de la pol\u00edtica iran\u00ed tras las revueltas \u00e1rabes de 2011(primaveras las llamaron donde todo el mundo se iba a poner a leer a Albert Cossery, sobre los estados de Oriente Medio y la implementaci\u00f3n de la pol\u00edtica exterior iran\u00ed por parte del general Soleimani?.<\/li>\n\n\n\n<li>\u00bfQu\u00e9 opina del Triple Frontera Latinoamericana y de los laboratorios de droga de Hezbollaen Argentina, Brasil y Paraguay con el apoyo de los Kichner?<\/li>\n\n\n\n<li>\u00bfQu\u00e9 opina del asesinato del fiscal general argentino Alberto Nisman en 2015?<\/li>\n\n\n\n<li>\u00bfQu\u00e9 papel otorga a Hassan Nasrallah desde 2005 implementando el plan estrat\u00e9gico de Soleimani?<\/li>\n\n\n\n<li>\u00bfCu\u00e1l es su opini\u00f3n sobre la pol\u00edtica, contradictoria pero conminada, de los Hermanos Musulmanes, una para Occidente y otra para Oriente?<\/li>\n\n\n\n<li>\u00bfQu\u00e9 opina del papel Al-Golani en todo esto?<\/li>\n\n\n\n<li>\u00bfQu\u00e9 opina de la guerra civil en Sud\u00e1n?<\/li>\n<\/ul>\n\n\n\n<p>Esto me comentaba un aut\u00e9ntico experto en este mundo cosa que no es Juanjo \u00c1lvarez y no hablo sobre Venezuela y los nueve millones de emigrantes salidos como consecuencia de la dictadura y de una c\u00e1rcel a la que llamaban \u201cLa Tumba\u201d.<\/p>\n\n\n\n<p>Ya s\u00e9 que es perder el tiempo con personas que te plantean un problema, pasan por grandes intelectuales, pero nunca te dicen c\u00f3mo hay que resolver una tragedia humanitaria fundamentalmente de persecuci\u00f3n y conculcaci\u00f3n de todos los derechos humanos m\u00e1s que te tapan la boca diciendo que el derecho internacional es la gran garant\u00eda para sociedades democr\u00e1ticas.<\/p>\n\n\n\n<p>\u00bfY si no lo son?.<\/p>\n\n\n\n<p>Lo leeremos en Vocento y escucharemos en radio Euzkadi.<\/p>\n\n\n\n<p>Efectivamente. Tenemos un problema.<\/p>\n\n\n\n<p>Juanjo \u00c1lvarez y compa\u00f1\u00eda son un s\u00edntoma.<\/p>\n<!-- AddThis Advanced Settings generic via filter on the_content --><!-- AddThis Share Buttons generic via filter on the_content -->","protected":false},"excerpt":{"rendered":"<p>S\u00e1bado 7 de marzo de 2024 Comentaba estos d\u00edas con Jes\u00fas Caldera, ex portavoz y ministro con &nbsp;Rodr\u00edguez Zapatero, la ausencia de Aznar en el Parlamento cuando se produjo la guerra de Irak. Aznar, entusiasmado con Bush, mand\u00f3 tropas sin consultar para nada al Congreso. Ante aquello habl\u00e9 con todos los portavoces para pedirle una &hellip; <a href=\"https:\/\/blogs.deia.eus\/anasagasti\/2026\/03\/07\/me-quedo-con-alain-finkielkrat\/\" class=\"more-link\">Sigue leyendo <span class=\"screen-reader-text\">ME QUEDO CON ALAIN FINKIELKRAT<\/span><\/a><!-- AddThis Advanced Settings generic via filter on get_the_excerpt --><!-- AddThis Share Buttons generic via filter on get_the_excerpt --><\/p>\n","protected":false},"author":19,"featured_media":0,"comment_status":"open","ping_status":"open","sticky":false,"template":"","format":"standard","meta":{"footnotes":""},"categories":[1],"tags":[],"class_list":["post-21487","post","type-post","status-publish","format-standard","hentry","category-general"],"_links":{"self":[{"href":"https:\/\/blogs.deia.eus\/anasagasti\/wp-json\/wp\/v2\/posts\/21487","targetHints":{"allow":["GET"]}}],"collection":[{"href":"https:\/\/blogs.deia.eus\/anasagasti\/wp-json\/wp\/v2\/posts"}],"about":[{"href":"https:\/\/blogs.deia.eus\/anasagasti\/wp-json\/wp\/v2\/types\/post"}],"author":[{"embeddable":true,"href":"https:\/\/blogs.deia.eus\/anasagasti\/wp-json\/wp\/v2\/users\/19"}],"replies":[{"embeddable":true,"href":"https:\/\/blogs.deia.eus\/anasagasti\/wp-json\/wp\/v2\/comments?post=21487"}],"version-history":[{"count":1,"href":"https:\/\/blogs.deia.eus\/anasagasti\/wp-json\/wp\/v2\/posts\/21487\/revisions"}],"predecessor-version":[{"id":21489,"href":"https:\/\/blogs.deia.eus\/anasagasti\/wp-json\/wp\/v2\/posts\/21487\/revisions\/21489"}],"wp:attachment":[{"href":"https:\/\/blogs.deia.eus\/anasagasti\/wp-json\/wp\/v2\/media?parent=21487"}],"wp:term":[{"taxonomy":"category","embeddable":true,"href":"https:\/\/blogs.deia.eus\/anasagasti\/wp-json\/wp\/v2\/categories?post=21487"},{"taxonomy":"post_tag","embeddable":true,"href":"https:\/\/blogs.deia.eus\/anasagasti\/wp-json\/wp\/v2\/tags?post=21487"}],"curies":[{"name":"wp","href":"https:\/\/api.w.org\/{rel}","templated":true}]}}