{"id":21490,"date":"2026-03-09T09:08:39","date_gmt":"2026-03-09T07:08:39","guid":{"rendered":"https:\/\/blogs.deia.eus\/anasagasti\/?p=21490"},"modified":"2026-03-09T09:08:39","modified_gmt":"2026-03-09T07:08:39","slug":"por-fin-plaza-eliptica-ya-ha-costado","status":"publish","type":"post","link":"https:\/\/blogs.deia.eus\/anasagasti\/2026\/03\/09\/por-fin-plaza-eliptica-ya-ha-costado\/","title":{"rendered":"POR FIN PLAZA EL\u00cdPTICA!!!!. YA HA COSTADO"},"content":{"rendered":"\n<p><strong>Lunes 9 de marzo de 2026<\/strong><\/p>\n\n\n<div class=\"wp-block-image\">\n<figure class=\"aligncenter size-full\"><a href=\"https:\/\/blogs.deia.eus\/anasagasti\/files\/2026\/03\/Plaza-Eliptica.jpg\"><img loading=\"lazy\" decoding=\"async\" width=\"865\" height=\"768\" src=\"https:\/\/blogs.deia.eus\/anasagasti\/files\/2026\/03\/Plaza-Eliptica.jpg\" alt=\"\" class=\"wp-image-21491\" srcset=\"https:\/\/blogs.deia.eus\/anasagasti\/files\/2026\/03\/Plaza-Eliptica.jpg 865w, https:\/\/blogs.deia.eus\/anasagasti\/files\/2026\/03\/Plaza-Eliptica-580x515.jpg 580w, https:\/\/blogs.deia.eus\/anasagasti\/files\/2026\/03\/Plaza-Eliptica-768x682.jpg 768w\" sizes=\"auto, (max-width: 865px) 100vw, 865px\" \/><\/a><\/figure>\n<\/div>\n\n\n<p>\u00bfLes gusta la foto?. A m\u00ed s\u00ed. Es mi amama Aurelia Hernani con su hermano. Y el edificio del fondo le daba se\u00f1or\u00edo aunque fue derruido por una piqueta asesina para dar paso a un edificio impersonal \u00a0y muy feo que habr\u00eda que tirar.<\/p>\n\n\n\n<p>Su marido, mi aitite, fue concejal del PNV en Mundaka y Bilbao. Mi aita de Bilbao y yo toda la vida escuchando Plaza El\u00edptica y corrigi\u00e9ndome si dec\u00eda Moy\u00faa. Ten\u00edan raz\u00f3n. Federico Moy\u00faa fue alcalde de Bilbao puesto ah\u00ed por la dictadura primoriverista, una dictadura sin partidos y sin libertad de expresi\u00f3n, como son todas las dictaduras y la plaza, la bautizaron Moyua en acto falangista por el impuesto y antidemocr\u00e1tico alcalde Areilza nada m\u00e1s entrar los militares sublevados en Bilbao\u00a0 en 1937, mientras fusilaban gudaris y milicianos. Solo por eso se deber\u00eda haber cambiado much\u00edsimo antes. Es incomprensible que haya durado tanto. Una afrenta a la memoria de aquellos que murieron v\u00edctima de una sublevaci\u00f3n.<\/p>\n\n\n\n<p>El alcalde Casta\u00f1ares recuper\u00f3 el nombre de Sabino Arana para la avenida que el franquismo hab\u00eda cambiado a Primo de Rivera, as\u00ed como &nbsp;le quit\u00f3 al general Espartero su calle y le puso el nombre de &nbsp;Juan Ajuriaguerra. Gorordo, cambi\u00f3 avenida del Ej\u00e9rcito a Lehendakari Agirre, Ortuondo Plaza Espa\u00f1a a Plaza Circular volviendo a su nombre popular. Azkuna encarg\u00f3 la estatua del Lehendakari Aguirre, le dio nombre a una calle a Leizaola y al Consejero fusilado Espinosa y al socialista Santiago Aznar.<\/p>\n\n\n\n<p>Azkuna no quer\u00eda cambiar la gallin\u00e1cea del escudo sobre la Hacienda en la Plaza El\u00edptica e hizo lo cl\u00e1sico. Pedir un informe t\u00e9cnico. De Roma viene lo que a Roma va. Eso enfureci\u00f3 al presidente del&nbsp; BBB, Javier Atutxa que le dijo \u201dsi o si, quita el \u00e1guila\u201d. Y lo quit\u00f3. Y no pas\u00f3 nada.<\/p>\n\n\n\n<p>Con Aburto el cambio de denominaci\u00f3n ha sido incomprensiblemente &nbsp;imposible hasta ayer. Nos enteramos por Deia. Am\u00e9n de los suyos pod\u00eda haber tenido un m\u00ednimo detalle e informar. No s\u00e9 que concepto de partido tiene este se\u00f1or, al no dar la m\u00ednima explicaci\u00f3n. Me ahorro adjetivos. Hubo cartas, peticiones (tengo varios escritos al respecto) y la petici\u00f3n de otro informe t\u00e9cnico solicitado por \u00e9l para callarnos, pas\u00e1ndose la ley de Memoria Democr\u00e1tica por el puente del Arenal.<\/p>\n\n\n\n<p>\u00bfPor qu\u00e9 lo ha hecho ahora?. \u00bfHa reconocido su grave error?. No creo. Me inclino a pensar que quiz\u00e1s ahora, tras una reuni\u00f3n de esos Foros Municipales, el de Abando, con m\u00e1s de treinta asociaciones, partidos y representantes, ah\u00ed se plante\u00f3 dicho cambio el martes pasado. Bildu iba a plantear batalla. Ya era hora. Ante eso y con buen reflejo, si esto fue as\u00ed, el alcalde ha anunciado el cambio lento, pero cambio al fin, este domingo en DEIA.<\/p>\n\n\n\n<p>No me gusta esta manera de hacer pol\u00edtica y menos formando parte de un mismo &nbsp;partido. Y no me pienso callar.<\/p>\n\n\n\n<p>Ignoro los detalles pero la decisi\u00f3n ha sorprendido y si la ten\u00eda tan perfilada lo l\u00f3gico hubiera sido compartirla, adem\u00e1s de con su c\u00edrculo, con quienes hemos llevado esa bandera, que no era suya. Tengo un amplio dossier para acreditarlo. Y si alguien discrepa, con todo el derecho, sacar\u00e9 las pruebas.<\/p>\n\n\n\n<p>Nunca es tarde si la dicha es buena pero eso de la fraternidad partidista no es lo que m\u00e1s ha lucido en esta ocasi\u00f3n.<\/p>\n\n\n\n<p>Le deseo a Aburto \u00e9xito en la operaci\u00f3n quir\u00fargica que hoy le van a hacer, una pronta recuperaci\u00f3n, que quede bien y que el d\u00eda del cambio de nombre tenga la generosidad de invitar a quien quiera pero tambi\u00e9n a quienes desde el coraz\u00f3n de Bilbao (y por eso saco esta foto) lo llevamos pidiendo desde hace mucho tiempo. Ya s\u00e9 que no nos har\u00e1 ni caso, pero que no quede por no solicitarlo. Mi amama desde esa foto, nos aplaudir\u00e1.<\/p>\n<!-- AddThis Advanced Settings generic via filter on the_content --><!-- AddThis Share Buttons generic via filter on the_content -->","protected":false},"excerpt":{"rendered":"<p>Lunes 9 de marzo de 2026 \u00bfLes gusta la foto?. A m\u00ed s\u00ed. Es mi amama Aurelia Hernani con su hermano. Y el edificio del fondo le daba se\u00f1or\u00edo aunque fue derruido por una piqueta asesina para dar paso a un edificio impersonal \u00a0y muy feo que habr\u00eda que tirar. Su marido, mi aitite, fue &hellip; <a href=\"https:\/\/blogs.deia.eus\/anasagasti\/2026\/03\/09\/por-fin-plaza-eliptica-ya-ha-costado\/\" class=\"more-link\">Sigue leyendo <span class=\"screen-reader-text\">POR FIN PLAZA EL\u00cdPTICA!!!!. YA HA COSTADO<\/span><\/a><!-- AddThis Advanced Settings generic via filter on get_the_excerpt --><!-- AddThis Share Buttons generic via filter on get_the_excerpt --><\/p>\n","protected":false},"author":19,"featured_media":0,"comment_status":"open","ping_status":"open","sticky":false,"template":"","format":"standard","meta":{"footnotes":""},"categories":[1],"tags":[],"class_list":["post-21490","post","type-post","status-publish","format-standard","hentry","category-general"],"_links":{"self":[{"href":"https:\/\/blogs.deia.eus\/anasagasti\/wp-json\/wp\/v2\/posts\/21490","targetHints":{"allow":["GET"]}}],"collection":[{"href":"https:\/\/blogs.deia.eus\/anasagasti\/wp-json\/wp\/v2\/posts"}],"about":[{"href":"https:\/\/blogs.deia.eus\/anasagasti\/wp-json\/wp\/v2\/types\/post"}],"author":[{"embeddable":true,"href":"https:\/\/blogs.deia.eus\/anasagasti\/wp-json\/wp\/v2\/users\/19"}],"replies":[{"embeddable":true,"href":"https:\/\/blogs.deia.eus\/anasagasti\/wp-json\/wp\/v2\/comments?post=21490"}],"version-history":[{"count":1,"href":"https:\/\/blogs.deia.eus\/anasagasti\/wp-json\/wp\/v2\/posts\/21490\/revisions"}],"predecessor-version":[{"id":21492,"href":"https:\/\/blogs.deia.eus\/anasagasti\/wp-json\/wp\/v2\/posts\/21490\/revisions\/21492"}],"wp:attachment":[{"href":"https:\/\/blogs.deia.eus\/anasagasti\/wp-json\/wp\/v2\/media?parent=21490"}],"wp:term":[{"taxonomy":"category","embeddable":true,"href":"https:\/\/blogs.deia.eus\/anasagasti\/wp-json\/wp\/v2\/categories?post=21490"},{"taxonomy":"post_tag","embeddable":true,"href":"https:\/\/blogs.deia.eus\/anasagasti\/wp-json\/wp\/v2\/tags?post=21490"}],"curies":[{"name":"wp","href":"https:\/\/api.w.org\/{rel}","templated":true}]}}