{"id":21493,"date":"2026-03-09T22:26:34","date_gmt":"2026-03-09T20:26:34","guid":{"rendered":"https:\/\/blogs.deia.eus\/anasagasti\/?p=21493"},"modified":"2026-03-10T09:02:11","modified_gmt":"2026-03-10T07:02:11","slug":"el-parlamento-foral-navarro-les-da-la-espalda-vergonzoso-geroa-bai-incluido","status":"publish","type":"post","link":"https:\/\/blogs.deia.eus\/anasagasti\/2026\/03\/09\/el-parlamento-foral-navarro-les-da-la-espalda-vergonzoso-geroa-bai-incluido\/","title":{"rendered":"EL PARLAMENTO FORAL NAVARRO LES DA LA ESPALDA."},"content":{"rendered":"\n<p><strong>Martes 10 de marzo de 2026<\/strong><\/p>\n\n\n<div class=\"wp-block-image\">\n<figure class=\"aligncenter size-large\"><a href=\"https:\/\/blogs.deia.eus\/anasagasti\/files\/2026\/03\/Nasy-Firooz.jpg\"><img loading=\"lazy\" decoding=\"async\" width=\"940\" height=\"529\" src=\"https:\/\/blogs.deia.eus\/anasagasti\/files\/2026\/03\/Nasy-Firooz-940x529.jpg\" alt=\"\" class=\"wp-image-21494\" srcset=\"https:\/\/blogs.deia.eus\/anasagasti\/files\/2026\/03\/Nasy-Firooz-940x529.jpg 940w, https:\/\/blogs.deia.eus\/anasagasti\/files\/2026\/03\/Nasy-Firooz-580x326.jpg 580w, https:\/\/blogs.deia.eus\/anasagasti\/files\/2026\/03\/Nasy-Firooz-768x432.jpg 768w, https:\/\/blogs.deia.eus\/anasagasti\/files\/2026\/03\/Nasy-Firooz.jpg 1200w\" sizes=\"auto, (max-width: 940px) 100vw, 940px\" \/><\/a><\/figure>\n<\/div>\n\n\n<p>Jes\u00fas Barkos le ha hecho a la iran\u00ed residente en Iru\u00f1a esta interesante entrevista en Noticias de Navarra.<\/p>\n\n\n\n<p>La reproduzco porque la denuncia que hace Nasy Firooz deber\u00eda ser la denuncia vasca. Vivimos cuarenta a\u00f1os bajo la bota de un dictador y en la actualidad hemos olvidado como se vive bajo una dictadura y de c\u00f3mo se anhela que desde fuera nos ayuden.<\/p>\n\n\n\n<p>Es el pensamiento de los del pu\u00f1o en alto que ven bien la invasi\u00f3n a Ucrania por parte de Rusia y santificaron al esp\u00eda ruso, Pablo Gonz\u00e1lez y ahora nos arengan sobre lo malo que es tratar de liberar pueblos de las botas de los s\u00e1trapas, entendiendo que la guerra es mala para todos, sobre todo para quienes oprimen a sus pueblos.<\/p>\n\n\n\n<p>En Venezuela, tras la necesaria detenci\u00f3n del criminal Maduro, con c\u00e1rceles abri\u00e9ndose y mejorando la situaci\u00f3n econ\u00f3mica, comienza a vivirse mejor pese a los catedr\u00e1ticos de derecho internacional que sacrifican un derecho de respeto a fronteras que son rejas, a los derechos humanos de la gente a la que piden resignaci\u00f3n y que no hagan ni digan nada.<\/p>\n\n\n\n<p>La entrevista dice as\u00ed:<\/p>\n\n\n\n<p>La comunidad internacional ha sacado resoluciones, pero a la hora de la verdad la represi\u00f3n ha seguido duramente.<\/p>\n\n\n\n<p>La gente en Ir\u00e1n ha pedido de forma pac\u00edfica que respeten sus derechos, pero se han encontrado con una represi\u00f3n brutal. Muchas chicas j\u00f3venes, much\u00edsimas, han muerto.<\/p>\n\n\n\n<p>Ahora usan los colegios y los hospitales de escudos humanos.<\/p>\n\n\n\n<p>Dicen que quien salga a la calle o intente conectarse a internet ser\u00e1 considerado delincuente y detenido.<\/p>\n\n\n\n<p>Y siguen deteniendo indiscriminadamente, incluso ahora, con c\u00e1maras de reconocimiento facial a un mont\u00f3n de j\u00f3venes, acusados de agitadores en las protestas de enero y eso lleva la pena de muerte.<\/p>\n\n\n\n<p>Hay dos chavales &nbsp;menores de 18 a\u00f1os con penas de ejecuci\u00f3n y otros dos que al parecer en cuanto hagan el juicio los ejecutar\u00e1n. Est\u00e1n constantemente ejecutando, y a gente muy joven.<\/p>\n\n\n\n<p>En esa desesperaci\u00f3n extrema a muchos iran\u00edes, la guerra les parece un mal necesario y que por lo menos son los \u00fanicos que est\u00e1n haciendo algo para que puedan recuperar su libertad.<\/p>\n\n\n\n<p><strong>\u201cVivo este momento con sentimientos muy encontrados, la poblaci\u00f3n est\u00e1 siendo v\u00edctima doble\u201d<\/strong><\/p>\n\n\n\n<p>Orgullosa de sentirse navarra e iran\u00ed, asiste con desaz\u00f3n a la guerra que sacude su pa\u00eds de origen, al tiempo que explica la represi\u00f3n que sufre su poblaci\u00f3n<\/p>\n\n\n\n<p><strong>Nasy Firooz<\/strong>&nbsp;(Teher\u00e1n, 1966) vino de Ir\u00e1n&nbsp;a vivir a&nbsp;<strong>Navarra<\/strong>&nbsp;siendo ni\u00f1a, en&nbsp;<strong>oto\u00f1o de 1975<\/strong>. Esta iran\u00ed lamenta el desconocimiento que ha existido sobre su pa\u00eds desde la revoluci\u00f3n de 1979. Dice que hay que distinguir \u201cla sociedad civil&nbsp;de los dirigentes\u201d y lamenta que&nbsp;la poblaci\u00f3n iran\u00ed est\u00e9 \u201csiendo perseguida por sus propios dirigentes y encima ahora les est\u00e1n cayendo bombas\u201d. &nbsp;Firooz siente<strong>&nbsp;tristeza<\/strong>, y al mismo tiempo cree que \u201cpor fin el mundo va a conocer lo que ha sufrido y est\u00e1 sufriendo este pueblo, ya era hora de que se supiera lo que est\u00e1 pasando ah\u00ed\u201d. Desea un Ir\u00e1n \u201cen paz\u201d, donde se respeten \u201ctodos los derechos de todos en libertad\u201d y aboga por la no violencia y el respeto a los derechos humanos. \u201cLos<strong>&nbsp;bah\u00e0\u2019\u00eds<\/strong>&nbsp;(su confesi\u00f3n religiosa) no creemos en la violencia como soluci\u00f3n\u201d.<\/p>\n\n\n\n<p>\u2013Nuestra vida era muy c\u00f3moda en Ir\u00e1n, mi padre ten\u00eda una \u00f3ptica, y nuestra familia es bah\u00e0\u2019\u00ed. Esta religi\u00f3n promueve la armon\u00eda entre todos los pueblos del mundo, conservando la diversidad. Es muy com\u00fan entre los bah\u00e0\u2019\u00eds que podemos hacerlo ir a cualquier parte remota del mundo a trabajar por servir a la sociedad de ese lugar, promoviendo la igualdad de derechos entre el hombre y la mujer, la armon\u00eda entre todas las creencias, la unidad y la paz universal o la educaci\u00f3n obligatoria.<\/p>\n\n\n\n<p><strong>Pero el mundo es muy grande.<\/strong><\/p>\n\n\n\n<p>\u2013Nos dijeron que un pa\u00eds donde no hab\u00eda muchos bah\u00e0\u2019\u00eds era Espa\u00f1a, y por casualidad llegamos a Pamplona. Es curioso, la gente para hacer un viaje de una semana se compra libros e investiga. Mis padres no sab\u00edan nada, no sab\u00edamos ni una palabra del idioma, ni el conflicto que hab\u00eda aqu\u00ed, sorprendidos por los grises&#8230;<\/p>\n\n\n\n<p><strong>Un momento muy complicado&#8230;<\/strong><\/p>\n\n\n\n<p>\u2013Ven\u00edamos de un pa\u00eds bastante m\u00e1s avanzado, moderno y m\u00e1s rico. Ahora la tortilla ha dado la vuelta, pero en 1975 Ir\u00e1n era mucho m\u00e1s rico que Espa\u00f1a. Pamplona nos parec\u00eda un pueblo peque\u00f1o. Era un choque muy grande.<\/p>\n\n\n\n<p><strong>\u00bfY despu\u00e9s?.<\/strong><\/p>\n\n\n\n<p>\u2013En enero del 79 fue la revoluci\u00f3n isl\u00e1mica, confiscaron la tienda de mi padre, su casa, todos sus bienes, a\u00fan viv\u00edamos de eso, y fue un golpe muy grande porque mis t\u00edos y primos trabajaban all\u00ed.<\/p>\n\n\n\n<p><strong>\u00bfSe pudieron traer a alguien?<\/strong><\/p>\n\n\n\n<p>\u2013No, nadie pudo venir.<\/p>\n\n\n\n<p><strong>\u00bfC\u00f3mo ve el momento presente?<\/strong><\/p>\n\n\n\n<p>\u2013Son sentimientos muy encontrados, porque entiendo la desesperaci\u00f3n de muchos iran\u00edes de fuera&nbsp;y dentro. Imag\u00ednese lo desesperada que tiene que estar una persona para querer que ataquen a su pa\u00eds. Ese es el nivel al que han llegado, sobre todo despu\u00e9s del fin de semana del 8 y 9 de enero, de protestas masivas. Las cifras bailan, pero organizaciones de derechos humanos de fiar hablan de m\u00e1s de 30.000 muertos aquel fin de semana.<\/p>\n\n\n\n<p><strong>Terrible.<\/strong><\/p>\n\n\n\n<p>\u2013Muchos de ellos ni\u00f1os, porque las familias salieron enteras, y est\u00e1n documentados tiros en la cabeza. Se dio la orden de disparar a todos los que estuvieran en la calle. Eso ha creado una rabia en toda la poblaci\u00f3n&#8230; Todos conocemos a alguien que conoce a alguien que ha muerto. Ha sido una masacre tremenda por todo el pa\u00eds. En 47 a\u00f1os la comunidad internacional ha sacado resoluciones, pero a la hora de la verdad la represi\u00f3n ha seguido duramente.&nbsp;Yo no creo que la guerra resuelva nada, ni que esta sea la soluci\u00f3n, para m\u00ed es la mayor desgracia para la humanidad, pero si te pones en la piel de estas personas lo puedes llegar a entender, intento hacerlo. Ellos lo justifican diciendo que cualquier cosa es mejor, y que les den un m\u00ednimo de libertad para decidir.<\/p>\n\n\n\n<p><strong>Ahora no se pueden comunicar con su familia.<\/strong><\/p>\n\n\n\n<p>\u2013Hay un corte de las comunicaciones casi total, por internet y por tel\u00e9fono. No sabemos nada de nuestros familiares.<\/p>\n\n\n\n<p><strong>Usted est\u00e1 casada con un iran\u00ed.<\/strong><\/p>\n\n\n\n<p>\u2013Nos conocimos aqu\u00ed. \u00c9l no es bah\u00e0\u2019\u00ed, y la guerra le parece un mal necesario. Yo no lo comparto, pero en esa desesperaci\u00f3n extrema a muchos iran\u00edes, aun sabiendo que cada pa\u00eds atacante va por sus intereses, les parece que por lo menos son los \u00fanicos que est\u00e1n haciendo algo para que puedan recuperar su libertad. Esa es su visi\u00f3n. Es muy triste que quieras que tu pa\u00eds sea bombardeado para liberarte de los que se supone que te tienen que proteger. La gente en Ir\u00e1n ha pedido de forma pac\u00edfica que respeten sus derechos, pero se han encontrado con una represi\u00f3n brutal. Muchas chicas j\u00f3venes, much\u00edsimas, han muerto.<\/p>\n\n\n\n<p><strong>\u00bfHa habido partidarios del r\u00e9gimen avergonzados por una represi\u00f3n tan despiadada en enero?<\/strong><\/p>\n\n\n\n<p>\u2013Creo que cualquiera que tenga un poco de conciencia y humanidad no puede cerrar los ojos a los que se vio en las calles. Ahora usan los colegios y los hospitales de escudos humanos. Constantemente se reciben mensajes de SMS. Dicen que quien salga a la calle o intente conectarse a internet ser\u00e1 considerado delincuente y detenido.<\/p>\n\n\n\n<p><strong>Un control anal\u00f3gico y digital.<\/strong><\/p>\n\n\n\n<p>\u2013Los iran\u00edes durante muchos a\u00f1os han demostrado mucha resiliencia; casi todos instalan antifiltros en el tel\u00e9fono para anular los filtros que impiden comunicarse libremente por internet. Pero si los detectan, lo m\u00ednimo suele ser cinco a\u00f1os de c\u00e1rcel. Un amigo lleva nueve meses en prisi\u00f3n acusado de esp\u00eda por haber hecho una foto y subirla a Instagram de un edificio donde hab\u00eda ca\u00eddo una bomba de los israel\u00edes en la guerra de los doce d\u00edas, en 2025. La forma en la que le detuvieron fue brutal. Por las informaciones que llegan no tienen ni comida. Y siguen deteniendo indiscriminadamente, incluso ahora, con c\u00e1maras de reconocimiento facial a un mont\u00f3n de j\u00f3venes, acusados de agitadores en las protestas.<\/p>\n\n\n\n<p><strong>M\u00e1s tecnolog\u00eda de control&#8230;<\/strong><\/p>\n\n\n\n<p>\u2013Ahora mismo, los \u00fanicos relatos son pr\u00e1cticamente los oficiales. Hay un apag\u00f3n informativo, que es lo que les interesa. A los j\u00f3venes detenidos los llevan a la televisi\u00f3n&nbsp;despu\u00e9s de ser torturados, tienen que confesar de forma forzosa que eran l\u00edderes agitadores, y eso lleva la pena de muerte. Hay dos ni\u00f1os menores de 18 a\u00f1os con penas de ejecuci\u00f3n y otros dos que al parecer en cuanto hagan el juicio los ejecutar\u00e1n. Est\u00e1n constantemente ejecutando, y a gente muy joven.<\/p>\n\n\n\n<p><strong>O estamos ante un futuro acuerdo como en Venezuela, o son los \u00faltimos d\u00edas de esta dictadura.<\/strong><\/p>\n\n\n\n<p>\u2013No lo sabemos. La poblaci\u00f3n est\u00e1 siendo v\u00edctima doble. Han construido ciudades enteras subterr\u00e1neas para los misiles, pero las personas no tienen donde refugiarse cuando caen las bombas.<\/p>\n<!-- AddThis Advanced Settings generic via filter on the_content --><!-- AddThis Share Buttons generic via filter on the_content -->","protected":false},"excerpt":{"rendered":"<p>Martes 10 de marzo de 2026 Jes\u00fas Barkos le ha hecho a la iran\u00ed residente en Iru\u00f1a esta interesante entrevista en Noticias de Navarra. La reproduzco porque la denuncia que hace Nasy Firooz deber\u00eda ser la denuncia vasca. Vivimos cuarenta a\u00f1os bajo la bota de un dictador y en la actualidad hemos olvidado como se &hellip; <a href=\"https:\/\/blogs.deia.eus\/anasagasti\/2026\/03\/09\/el-parlamento-foral-navarro-les-da-la-espalda-vergonzoso-geroa-bai-incluido\/\" class=\"more-link\">Sigue leyendo <span class=\"screen-reader-text\">EL PARLAMENTO FORAL NAVARRO LES DA LA ESPALDA.<\/span><\/a><!-- AddThis Advanced Settings generic via filter on get_the_excerpt --><!-- AddThis Share Buttons generic via filter on get_the_excerpt --><\/p>\n","protected":false},"author":19,"featured_media":0,"comment_status":"open","ping_status":"open","sticky":false,"template":"","format":"standard","meta":{"footnotes":""},"categories":[1],"tags":[],"class_list":["post-21493","post","type-post","status-publish","format-standard","hentry","category-general"],"_links":{"self":[{"href":"https:\/\/blogs.deia.eus\/anasagasti\/wp-json\/wp\/v2\/posts\/21493","targetHints":{"allow":["GET"]}}],"collection":[{"href":"https:\/\/blogs.deia.eus\/anasagasti\/wp-json\/wp\/v2\/posts"}],"about":[{"href":"https:\/\/blogs.deia.eus\/anasagasti\/wp-json\/wp\/v2\/types\/post"}],"author":[{"embeddable":true,"href":"https:\/\/blogs.deia.eus\/anasagasti\/wp-json\/wp\/v2\/users\/19"}],"replies":[{"embeddable":true,"href":"https:\/\/blogs.deia.eus\/anasagasti\/wp-json\/wp\/v2\/comments?post=21493"}],"version-history":[{"count":2,"href":"https:\/\/blogs.deia.eus\/anasagasti\/wp-json\/wp\/v2\/posts\/21493\/revisions"}],"predecessor-version":[{"id":21496,"href":"https:\/\/blogs.deia.eus\/anasagasti\/wp-json\/wp\/v2\/posts\/21493\/revisions\/21496"}],"wp:attachment":[{"href":"https:\/\/blogs.deia.eus\/anasagasti\/wp-json\/wp\/v2\/media?parent=21493"}],"wp:term":[{"taxonomy":"category","embeddable":true,"href":"https:\/\/blogs.deia.eus\/anasagasti\/wp-json\/wp\/v2\/categories?post=21493"},{"taxonomy":"post_tag","embeddable":true,"href":"https:\/\/blogs.deia.eus\/anasagasti\/wp-json\/wp\/v2\/tags?post=21493"}],"curies":[{"name":"wp","href":"https:\/\/api.w.org\/{rel}","templated":true}]}}