{"id":21498,"date":"2026-03-11T08:50:21","date_gmt":"2026-03-11T06:50:21","guid":{"rendered":"https:\/\/blogs.deia.eus\/anasagasti\/?p=21498"},"modified":"2026-03-11T08:50:21","modified_gmt":"2026-03-11T06:50:21","slug":"el-cangrejo-vasco-esta-foto-tiene-miga","status":"publish","type":"post","link":"https:\/\/blogs.deia.eus\/anasagasti\/2026\/03\/11\/el-cangrejo-vasco-esta-foto-tiene-miga\/","title":{"rendered":"EL CANGREJO VASCO. \u00a0ESTA FOTO TIENE MIGA"},"content":{"rendered":"\n<p><strong>Mi\u00e9rcoles 11 de marzo de 2026<\/strong><\/p>\n\n\n<div class=\"wp-block-image\">\n<figure class=\"aligncenter size-large\"><a href=\"https:\/\/blogs.deia.eus\/anasagasti\/files\/2026\/03\/Salon-de-Plenos-de-la-DFB.jpg\"><img loading=\"lazy\" decoding=\"async\" width=\"940\" height=\"695\" src=\"https:\/\/blogs.deia.eus\/anasagasti\/files\/2026\/03\/Salon-de-Plenos-de-la-DFB-940x695.jpg\" alt=\"\" class=\"wp-image-21499\" srcset=\"https:\/\/blogs.deia.eus\/anasagasti\/files\/2026\/03\/Salon-de-Plenos-de-la-DFB-940x695.jpg 940w, https:\/\/blogs.deia.eus\/anasagasti\/files\/2026\/03\/Salon-de-Plenos-de-la-DFB-580x429.jpg 580w, https:\/\/blogs.deia.eus\/anasagasti\/files\/2026\/03\/Salon-de-Plenos-de-la-DFB-768x568.jpg 768w, https:\/\/blogs.deia.eus\/anasagasti\/files\/2026\/03\/Salon-de-Plenos-de-la-DFB.jpg 1024w\" sizes=\"auto, (max-width: 940px) 100vw, 940px\" \/><\/a><\/figure>\n<\/div>\n\n\n<p>Esta fotograf\u00eda est\u00e1 sacada en el sal\u00f3n de plenos de la Diputaci\u00f3n de Bizkaia. En ese momento era Diputaci\u00f3n Provincial de Bizkaia. El franquismo la hab\u00eda ocupado\u00a0 cuarenta a\u00f1os desde 1937 y fundamentalmente las gentes de Neguri hab\u00edan usufructuado un poder\u00a0 al que hab\u00edan llegado tras una desigual victoria militar. No tiene m\u00e1s que ver el espantajo del escudo con la gallin\u00e1cea imperial de fondo.<\/p>\n\n\n\n<p>La foto es&nbsp; del 20 de julio de 1977. Hab\u00eda habido unas elecciones democr\u00e1ticas, las primeras tras febrero de 1936, el 15 de junio y se hab\u00eda constituido la Asamblea de Parlamentarios vascos presididos&nbsp; por Don Manuel de Irujo, elegido en Navarra y quien preside la mesa. Era un senador navarro en una Asamblea de Parlamentarios Vascos.<\/p>\n\n\n\n<p>Y ese es el dato que queremos destacar.<\/p>\n\n\n\n<p>Ver\u00e1n ustedes a la izquierda a Gabriel Urralburu que era el jefe de los socialistas navarros antes de pasar por la c\u00e1rcel. Y lo era porque los socialistas no se hab\u00edan dividido en Partido Socialista de Euzkadi, el PSE y Partido Socialista navarro o PSN. A su derecha est\u00e1 el socialista donostiarra Jos\u00e9 Antonio Maturana y al otro extremo de la mesa est\u00e1 Marcos Vizcaya, diputado del PNV.<\/p>\n\n\n\n<p>Por eso queremos, en este Foro Larrazabal, destacar como los socialistas navarros estuvieron formando parte de la Asamblea de Parlamentarios vascos as\u00ed como Carlos Solchaga fue portavoz del grupo de los socialistas vascos en el Congreso siendo de Tafalla. Euzkadi para aquel socialismo comprend\u00eda Navarra. Y no pasaba nada.<\/p>\n\n\n\n<p>Y queremos destacar este dato pues Andueza, el inculto Andueza, dice que los nacionalistas estamos queriendo construir con Navarra un pa\u00eds que no existe. Pues ellos ya trataron de hacerlo. Y ah\u00ed est\u00e1 la prueba as\u00ed como la como la del Aberri Eguna de 1978 (celebraban el Aberri Eguna) paseando por las calles de Bilbao con una pancarta pidiendo la Autodeterminaci\u00f3n.<\/p>\n\n\n\n<p>\u00c9sta es la prueba. Quienes han cambiado pero a peor son ellos, no el nacionalismo vasco. Son el cangrejo vasco.<\/p>\n<!-- AddThis Advanced Settings generic via filter on the_content --><!-- AddThis Share Buttons generic via filter on the_content -->","protected":false},"excerpt":{"rendered":"<p>Mi\u00e9rcoles 11 de marzo de 2026 Esta fotograf\u00eda est\u00e1 sacada en el sal\u00f3n de plenos de la Diputaci\u00f3n de Bizkaia. En ese momento era Diputaci\u00f3n Provincial de Bizkaia. El franquismo la hab\u00eda ocupado\u00a0 cuarenta a\u00f1os desde 1937 y fundamentalmente las gentes de Neguri hab\u00edan usufructuado un poder\u00a0 al que hab\u00edan llegado tras una desigual victoria &hellip; <a href=\"https:\/\/blogs.deia.eus\/anasagasti\/2026\/03\/11\/el-cangrejo-vasco-esta-foto-tiene-miga\/\" class=\"more-link\">Sigue leyendo <span class=\"screen-reader-text\">EL CANGREJO VASCO. \u00a0ESTA FOTO TIENE MIGA<\/span><\/a><!-- AddThis Advanced Settings generic via filter on get_the_excerpt --><!-- AddThis Share Buttons generic via filter on get_the_excerpt --><\/p>\n","protected":false},"author":19,"featured_media":0,"comment_status":"open","ping_status":"open","sticky":false,"template":"","format":"standard","meta":{"footnotes":""},"categories":[1],"tags":[],"class_list":["post-21498","post","type-post","status-publish","format-standard","hentry","category-general"],"_links":{"self":[{"href":"https:\/\/blogs.deia.eus\/anasagasti\/wp-json\/wp\/v2\/posts\/21498","targetHints":{"allow":["GET"]}}],"collection":[{"href":"https:\/\/blogs.deia.eus\/anasagasti\/wp-json\/wp\/v2\/posts"}],"about":[{"href":"https:\/\/blogs.deia.eus\/anasagasti\/wp-json\/wp\/v2\/types\/post"}],"author":[{"embeddable":true,"href":"https:\/\/blogs.deia.eus\/anasagasti\/wp-json\/wp\/v2\/users\/19"}],"replies":[{"embeddable":true,"href":"https:\/\/blogs.deia.eus\/anasagasti\/wp-json\/wp\/v2\/comments?post=21498"}],"version-history":[{"count":1,"href":"https:\/\/blogs.deia.eus\/anasagasti\/wp-json\/wp\/v2\/posts\/21498\/revisions"}],"predecessor-version":[{"id":21500,"href":"https:\/\/blogs.deia.eus\/anasagasti\/wp-json\/wp\/v2\/posts\/21498\/revisions\/21500"}],"wp:attachment":[{"href":"https:\/\/blogs.deia.eus\/anasagasti\/wp-json\/wp\/v2\/media?parent=21498"}],"wp:term":[{"taxonomy":"category","embeddable":true,"href":"https:\/\/blogs.deia.eus\/anasagasti\/wp-json\/wp\/v2\/categories?post=21498"},{"taxonomy":"post_tag","embeddable":true,"href":"https:\/\/blogs.deia.eus\/anasagasti\/wp-json\/wp\/v2\/tags?post=21498"}],"curies":[{"name":"wp","href":"https:\/\/api.w.org\/{rel}","templated":true}]}}