{"id":21501,"date":"2026-03-11T22:34:03","date_gmt":"2026-03-11T20:34:03","guid":{"rendered":"https:\/\/blogs.deia.eus\/anasagasti\/?p=21501"},"modified":"2026-03-11T22:34:03","modified_gmt":"2026-03-11T20:34:03","slug":"un-requiem-para-raul-del-pozo-fernando-onega-gregorio-moran","status":"publish","type":"post","link":"https:\/\/blogs.deia.eus\/anasagasti\/2026\/03\/11\/un-requiem-para-raul-del-pozo-fernando-onega-gregorio-moran\/","title":{"rendered":"UN R\u00c9QUIEM PARA RA\u00daL DEL POZO, FERNANDO ONEGA, GREGORIO MOR\u00c1N"},"content":{"rendered":"\n<p><strong>Jueves 12 de marzo de 2026<\/strong><\/p>\n\n\n<div class=\"wp-block-image\">\n<figure class=\"aligncenter size-large\"><a href=\"https:\/\/blogs.deia.eus\/anasagasti\/files\/2026\/03\/Del-Pozo_Onega_Moran.jpg\"><img loading=\"lazy\" decoding=\"async\" width=\"940\" height=\"329\" src=\"https:\/\/blogs.deia.eus\/anasagasti\/files\/2026\/03\/Del-Pozo_Onega_Moran-940x329.jpg\" alt=\"\" class=\"wp-image-21502\" srcset=\"https:\/\/blogs.deia.eus\/anasagasti\/files\/2026\/03\/Del-Pozo_Onega_Moran-940x329.jpg 940w, https:\/\/blogs.deia.eus\/anasagasti\/files\/2026\/03\/Del-Pozo_Onega_Moran-580x203.jpg 580w, https:\/\/blogs.deia.eus\/anasagasti\/files\/2026\/03\/Del-Pozo_Onega_Moran-768x269.jpg 768w, https:\/\/blogs.deia.eus\/anasagasti\/files\/2026\/03\/Del-Pozo_Onega_Moran.jpg 1024w\" sizes=\"auto, (max-width: 940px) 100vw, 940px\" \/><\/a><\/figure>\n<\/div>\n\n\n<p>Se trata de tres periodistas, escritores, analistas espa\u00f1oles de primera que han fallecido en un mes y que nos eran familiares y a quienes hemos conocido los que vivimos la pugnacidad de las luchas pol\u00edticas de hace unas d\u00e9cadas. La vida pasa.<\/p>\n\n\n\n<p>Quien ha fallecido estos d\u00edas ha sido Ra\u00fal del Pozo, para m\u00ed el mejor columnista con Umbral y David Gistau. Agudo, preciso, con an\u00e9cdotas y expresiones muy gr\u00e1ficas que trasluc\u00edan oficio y una gran cultura, am\u00e9n de una buena dosis de \u201cmala leche\u201d. No tragaba los nacionalismos y nos met\u00eda sonoros sopapos en negro, la mayor\u00eda de las veces solo para utilizar t\u00e9rminos originales a los que Xabier Arzalluz un d\u00eda le contest\u00f3 llam\u00e1ndole Ra\u00fal del Pozo S\u00e9ptico.<\/p>\n\n\n\n<p>No le gust\u00f3 nada y me lo afe\u00f3 en pasillos del Congreso. Le contest\u00e9, ajo y agua y que era solo devolverle lo que \u00e9l dec\u00eda. Y como le encantaban las frases luminosas descriptivas me dijo que iba a hacer suyas dos expresiones que yo hab\u00eda dicho tambi\u00e9n en pasillos, aquella de los Jarrones Chinos y la de la Brunete Medi\u00e1tica. Ten\u00eda la honradez de pagar derechos de autor y nos quedamos sin un mano a mano entre Xabier y \u00e9l. Seguro hubieran quedado de amigos o respetando cada cual su territorio.<\/p>\n\n\n\n<p>En una ocasi\u00f3n en una cena hablamos mucho del rey. Yo le estaba zurrando la badana a este se\u00f1or intocable y me dijo que a \u00e9l le encantar\u00eda hacer lo mismo, porque no pod\u00eda y no &nbsp;quer\u00eda desestabilizar el sistema contando lo que sab\u00eda. Y sab\u00eda mucho, pero era un buen espa\u00f1ol.<\/p>\n\n\n\n<p>Como el gallego Fernando Onega, con un hermano que hab\u00eda sido con la UCD gobernador civil de Bizkaia tras el nefasto Zarzalejos que hab\u00eda dimitido cuando se permiti\u00f3 izar la ikurri\u00f1a.<\/p>\n\n\n\n<p>Fernando Onega fue autor de la frase que me parece m\u00e1s feliz de las dichas por Adolfo Su\u00e1rez. \u201dHacer normal lo que es normal a nivel de calle\u201d. No se puede resumir mejor lo que debe ser la democracia. Estos d\u00edas se ha destacado tambi\u00e9n, aunque solo, aquello de \u201cpuedo prometer y prometo\u201d, pero no ten\u00eda tanta enjundia como la primera.<\/p>\n\n\n\n<p>Y Gregorio Mor\u00e1n, un gran escritor, de dif\u00edcil trato pero muy brillante. Le conoc\u00ed cuando vino a escribir su libro \u201cLos espa\u00f1oles que dejaron de serlo\u201d. El t\u00edtulo daba por sentado muchas cosas y no gust\u00f3 en ciertos \u00e1mbitos pero a m\u00ed me pareci\u00f3 un gran resumen.<\/p>\n\n\n\n<p>Lo escribi\u00f3 combinando el mundo de Neguri, el de ETA y el del PNV, escribiendo un &nbsp;libro que tuvo un gran impacto y que Neguri aborreci\u00f3 pues les puso en el candelero con todas sus miserias.<\/p>\n\n\n\n<p>Le recuerdo en el Alderdi Eguna de Itziar al que le llev\u00e9 para que saludara al Lehendakari Leizaola y a Paris, a la Delegaci\u00f3n Vasca en la Rue Singer, ya cerrada, para palpar la atm\u00f3sfera de lo que hab\u00eda sido el Gobierno Vasco en el exilio y la manera tan peculiar y hermosa de haber mantenido 40 a\u00f1os una instituci\u00f3n y una llama con la respiraci\u00f3n asistida.<\/p>\n\n\n\n<p>Posteriormente fue director de la Gaceta del Norte y acab\u00f3 recalando en Barcelona. Hab\u00edamos quedado para vernos, pero no ha podido ser.<\/p>\n\n\n\n<p>Tres grandes periodistas que no fueron precisamente amigos pero a los que hay que reconocer su gran calidad profesional y literaria. Una gran p\u00e9rdida.<\/p>\n\n\n\n<p>Termino con el R\u00e9quiem de Perosi&nbsp; que a Gregorio&nbsp; Mor\u00e1n le pareci\u00f3 una pieza fant\u00e1stica y as\u00ed lo destac\u00f3 como el broche que los exiliados del PNV pon\u00edan&nbsp; en los coros tan sentidos en la despedida de los que iban quedando en el camino, como ahora ellos.<\/p>\n<!-- AddThis Advanced Settings generic via filter on the_content --><!-- AddThis Share Buttons generic via filter on the_content -->","protected":false},"excerpt":{"rendered":"<p>Jueves 12 de marzo de 2026 Se trata de tres periodistas, escritores, analistas espa\u00f1oles de primera que han fallecido en un mes y que nos eran familiares y a quienes hemos conocido los que vivimos la pugnacidad de las luchas pol\u00edticas de hace unas d\u00e9cadas. La vida pasa. Quien ha fallecido estos d\u00edas ha sido &hellip; <a href=\"https:\/\/blogs.deia.eus\/anasagasti\/2026\/03\/11\/un-requiem-para-raul-del-pozo-fernando-onega-gregorio-moran\/\" class=\"more-link\">Sigue leyendo <span class=\"screen-reader-text\">UN R\u00c9QUIEM PARA RA\u00daL DEL POZO, FERNANDO ONEGA, GREGORIO MOR\u00c1N<\/span><\/a><!-- AddThis Advanced Settings generic via filter on get_the_excerpt --><!-- AddThis Share Buttons generic via filter on get_the_excerpt --><\/p>\n","protected":false},"author":19,"featured_media":0,"comment_status":"open","ping_status":"open","sticky":false,"template":"","format":"standard","meta":{"footnotes":""},"categories":[1],"tags":[],"class_list":["post-21501","post","type-post","status-publish","format-standard","hentry","category-general"],"_links":{"self":[{"href":"https:\/\/blogs.deia.eus\/anasagasti\/wp-json\/wp\/v2\/posts\/21501","targetHints":{"allow":["GET"]}}],"collection":[{"href":"https:\/\/blogs.deia.eus\/anasagasti\/wp-json\/wp\/v2\/posts"}],"about":[{"href":"https:\/\/blogs.deia.eus\/anasagasti\/wp-json\/wp\/v2\/types\/post"}],"author":[{"embeddable":true,"href":"https:\/\/blogs.deia.eus\/anasagasti\/wp-json\/wp\/v2\/users\/19"}],"replies":[{"embeddable":true,"href":"https:\/\/blogs.deia.eus\/anasagasti\/wp-json\/wp\/v2\/comments?post=21501"}],"version-history":[{"count":1,"href":"https:\/\/blogs.deia.eus\/anasagasti\/wp-json\/wp\/v2\/posts\/21501\/revisions"}],"predecessor-version":[{"id":21503,"href":"https:\/\/blogs.deia.eus\/anasagasti\/wp-json\/wp\/v2\/posts\/21501\/revisions\/21503"}],"wp:attachment":[{"href":"https:\/\/blogs.deia.eus\/anasagasti\/wp-json\/wp\/v2\/media?parent=21501"}],"wp:term":[{"taxonomy":"category","embeddable":true,"href":"https:\/\/blogs.deia.eus\/anasagasti\/wp-json\/wp\/v2\/categories?post=21501"},{"taxonomy":"post_tag","embeddable":true,"href":"https:\/\/blogs.deia.eus\/anasagasti\/wp-json\/wp\/v2\/tags?post=21501"}],"curies":[{"name":"wp","href":"https:\/\/api.w.org\/{rel}","templated":true}]}}