{"id":21665,"date":"2026-04-27T07:54:19","date_gmt":"2026-04-27T05:54:19","guid":{"rendered":"https:\/\/blogs.deia.eus\/anasagasti\/?p=21665"},"modified":"2026-04-27T07:54:20","modified_gmt":"2026-04-27T05:54:20","slug":"francisco-letamendia-ortzi-grito-en-el-congreso-gora-euskadi-askatuta","status":"publish","type":"post","link":"https:\/\/blogs.deia.eus\/anasagasti\/2026\/04\/27\/francisco-letamendia-ortzi-grito-en-el-congreso-gora-euskadi-askatuta\/","title":{"rendered":"FRANCISCO LETAMENDIA \u201cORTZI\u201d GRIT\u00d3 EN EL CONGRESO \u00a1GORA EUSKADI ASKATUTA!"},"content":{"rendered":"\n<p><strong>Lunes 27 de abril de 2026<\/strong><\/p>\n\n\n<div class=\"wp-block-image\">\n<figure class=\"aligncenter size-large\"><a href=\"https:\/\/blogs.deia.eus\/anasagasti\/files\/2026\/04\/Arzalluz-y-Ortzi_1.jpg\"><img loading=\"lazy\" decoding=\"async\" width=\"940\" height=\"595\" src=\"https:\/\/blogs.deia.eus\/anasagasti\/files\/2026\/04\/Arzalluz-y-Ortzi_1-940x595.jpg\" alt=\"\" class=\"wp-image-21666\" srcset=\"https:\/\/blogs.deia.eus\/anasagasti\/files\/2026\/04\/Arzalluz-y-Ortzi_1-940x595.jpg 940w, https:\/\/blogs.deia.eus\/anasagasti\/files\/2026\/04\/Arzalluz-y-Ortzi_1-580x367.jpg 580w, https:\/\/blogs.deia.eus\/anasagasti\/files\/2026\/04\/Arzalluz-y-Ortzi_1-768x486.jpg 768w, https:\/\/blogs.deia.eus\/anasagasti\/files\/2026\/04\/Arzalluz-y-Ortzi_1.jpg 1024w\" sizes=\"auto, (max-width: 940px) 100vw, 940px\" \/><\/a><\/figure>\n<\/div>\n\n\n<p>Este domingo, ETB, daba la noticia del fallecimiento de Francisco Letamendia \u201cOrtzi\u201d a los&nbsp; 82 a\u00f1os. E hizo un peque\u00f1o reportaje sobre su vida pol\u00edtica de inter\u00e9s. No lo hizo ni cuando falleci\u00f3 Marcos Vizcaya, portavoz del EAJ-PNV en el Congreso, ni cuando han fallecido la semana pasada Xabier S\u00e1nchez Erauskin y Jokiin Urain. Sigue \u00e9ste medio sin crear un servicio decente y profesional&nbsp; de documentaci\u00f3n como tiene para el f\u00fatbol y la gastronom\u00eda.<\/p>\n\n\n\n<p>Ortzi fue diputado por Euskadiko Ezkerra en el Congreso en 1977. Es famosa la fotograf\u00eda en la que aparece con el pu\u00f1o en alto en la tribuna del Congreso frente al presidente de la C\u00e1mara Fernando \u00c1lvarez Miranda. Grit\u00f3 en esa su despedida de Madrid: \u201c\u00a1Gora Euskadi Askatauta!\u201d. No exclam\u00f3 \u201c\u00a1Gora Euskal Herria Askatuta!\u201d, como posteriormente dec\u00eda tras el cambio en los comunicados de ETA impuesto por Txelis, y un d\u00eda se lo reclam\u00e9 ya que pas\u00f3 de EE a HB y a la IA.<\/p>\n\n\n\n<p>Era de trato cordial y estudioso de la historia de los pueblos irredentos. En Deia escribi\u00f3 p\u00e1ginas enteras sobre este asunto, no en EGIN ni en Gara, y le gustaba la pol\u00e9mica. En una oportunidad me reclam\u00f3 que el PNV no hubiera planteado en la Constituci\u00f3n el derecho de autodeterminaci\u00f3n. \u00c9l lo hizo, y &nbsp;se fue a casa. Se hab\u00eda quedado muy solo en aquel hemiciclo solo pues el PNV, sabiendo que ese camino no conduc\u00eda absolutamente a ning\u00fan sitio, sigui\u00f3 &nbsp;el criterio de plantear titularidad foral plena y la reivindicaci\u00f3n de los derechos hist\u00f3ricos as\u00ed como toda la eliminaci\u00f3n de las leyes abolitorias de los Fueros que dio paso a la Disposici\u00f3n Adicional, la devoluci\u00f3n del Concierto para Gipuzkoa y Bizkaia y un estatuto de autonom\u00eda en 1979 que no hubi\u00e9ramos logrado con el todo o la nada de Ortzi.<\/p>\n\n\n\n<p>En una oportunidad le cont\u00e9 lo que me hab\u00eda dicho Arzalluz de lo ocurrido en una sesi\u00f3n parlamentaria. En la tribuna estaba un importante dirigente de la DC alemana que segu\u00eda el debate y le debi\u00f3 extra\u00f1ar como siendo los dos vascos &nbsp;Ortzi criticaba acerbamente a Arzalluz sobre lo que \u00e9ste dec\u00eda. Al poco en una reuni\u00f3n internacional, el alem\u00e1n le pregunt\u00f3 a Arzalluz por que le criticaba aquel orador a \u00e9l queriendo saber quien era Ortzi. Arzalluz le explic\u00f3 lo que representaba y aquella acritud el entonces diputado de EE. Y ante aquella explicaci\u00f3n, el alem\u00e1n le dijo; \u201dclaro tiene la libertad del buf\u00f3n. Dice lo que quiere y no pasa nada\u201d.<\/p>\n\n\n\n<p>Esta vivencia se la cont\u00e9 a Letamendia. No le gust\u00f3 pero me pidi\u00f3 estar con Xabier y mantener un coloquio p\u00fablico sobre cual de las dos hab\u00eda sido la postura vasca m\u00e1s procedente en aquel a\u00f1o 78, si plantear la autodeterminaci\u00f3n o la derogaci\u00f3n de las leyes abolitorias de los fueros. Se lo transmit\u00ed a Xabier que acept\u00f3 el envite, pero un atentado de ETA impidi\u00f3 que aquella esgrima dial\u00e9ctica se llevara a cabo. Una pena.<\/p>\n\n\n\n<p>En la foto le vemos a Ortzi con Arzalluz y en el fondo a Gerardo Bujanda, y a Marcos Vizcaya. Los cuatro ya han fallecido. Y, terminando esta nota, me dicen que ha fallecido el ex rector de Deusto (2013-2023), Jose M. Guibert. Un hombre entregado y con una buena cabeza. Siento todos estos fallecimientos.<\/p>\n\n\n\n<p>\u00bfNo merecer\u00eda que ETB hiciera un especial sobre esta historia reciente y sobre estas personalidades que han fallecido y son parte de lo que hoy es Euzkadi pero que cada uno, con su ideolog\u00eda, defendi\u00f3 su libertad a su manera?-<\/p>\n\n\n\n<p>Parece que no. GB Ortzi.<\/p>\n\n\n\n<p>Parece que sigue siendo un mill\u00f3n de veces m\u00e1s importante&nbsp; lo que le ocurre a la &nbsp;Real, el Athletic ,al Alav\u00e9s y al Osasuna, incluso para los que no les gusta el f\u00fatbol.<\/p>\n\n\n\n<p>Es la libertad del Buf\u00f3n!!!.<\/p>\n<!-- AddThis Advanced Settings generic via filter on the_content --><!-- AddThis Share Buttons generic via filter on the_content -->","protected":false},"excerpt":{"rendered":"<p>Lunes 27 de abril de 2026 Este domingo, ETB, daba la noticia del fallecimiento de Francisco Letamendia \u201cOrtzi\u201d a los&nbsp; 82 a\u00f1os. E hizo un peque\u00f1o reportaje sobre su vida pol\u00edtica de inter\u00e9s. No lo hizo ni cuando falleci\u00f3 Marcos Vizcaya, portavoz del EAJ-PNV en el Congreso, ni cuando han fallecido la semana pasada Xabier &hellip; <a href=\"https:\/\/blogs.deia.eus\/anasagasti\/2026\/04\/27\/francisco-letamendia-ortzi-grito-en-el-congreso-gora-euskadi-askatuta\/\" class=\"more-link\">Sigue leyendo <span class=\"screen-reader-text\">FRANCISCO LETAMENDIA \u201cORTZI\u201d GRIT\u00d3 EN EL CONGRESO \u00a1GORA EUSKADI ASKATUTA!<\/span><\/a><!-- AddThis Advanced Settings generic via filter on get_the_excerpt --><!-- AddThis Share Buttons generic via filter on get_the_excerpt --><\/p>\n","protected":false},"author":19,"featured_media":0,"comment_status":"open","ping_status":"open","sticky":false,"template":"","format":"standard","meta":{"footnotes":""},"categories":[1],"tags":[],"class_list":["post-21665","post","type-post","status-publish","format-standard","hentry","category-general"],"_links":{"self":[{"href":"https:\/\/blogs.deia.eus\/anasagasti\/wp-json\/wp\/v2\/posts\/21665","targetHints":{"allow":["GET"]}}],"collection":[{"href":"https:\/\/blogs.deia.eus\/anasagasti\/wp-json\/wp\/v2\/posts"}],"about":[{"href":"https:\/\/blogs.deia.eus\/anasagasti\/wp-json\/wp\/v2\/types\/post"}],"author":[{"embeddable":true,"href":"https:\/\/blogs.deia.eus\/anasagasti\/wp-json\/wp\/v2\/users\/19"}],"replies":[{"embeddable":true,"href":"https:\/\/blogs.deia.eus\/anasagasti\/wp-json\/wp\/v2\/comments?post=21665"}],"version-history":[{"count":1,"href":"https:\/\/blogs.deia.eus\/anasagasti\/wp-json\/wp\/v2\/posts\/21665\/revisions"}],"predecessor-version":[{"id":21667,"href":"https:\/\/blogs.deia.eus\/anasagasti\/wp-json\/wp\/v2\/posts\/21665\/revisions\/21667"}],"wp:attachment":[{"href":"https:\/\/blogs.deia.eus\/anasagasti\/wp-json\/wp\/v2\/media?parent=21665"}],"wp:term":[{"taxonomy":"category","embeddable":true,"href":"https:\/\/blogs.deia.eus\/anasagasti\/wp-json\/wp\/v2\/categories?post=21665"},{"taxonomy":"post_tag","embeddable":true,"href":"https:\/\/blogs.deia.eus\/anasagasti\/wp-json\/wp\/v2\/tags?post=21665"}],"curies":[{"name":"wp","href":"https:\/\/api.w.org\/{rel}","templated":true}]}}