{"id":21669,"date":"2026-04-28T08:13:00","date_gmt":"2026-04-28T06:13:00","guid":{"rendered":"https:\/\/blogs.deia.eus\/anasagasti\/?p=21669"},"modified":"2026-04-28T08:13:00","modified_gmt":"2026-04-28T06:13:00","slug":"vladimiro-mujica-el-cientifico-cuantico-que-lucho-por-la-democracia-en-venezuela-y-trabajo-en-donostia","status":"publish","type":"post","link":"https:\/\/blogs.deia.eus\/anasagasti\/2026\/04\/28\/vladimiro-mujica-el-cientifico-cuantico-que-lucho-por-la-democracia-en-venezuela-y-trabajo-en-donostia\/","title":{"rendered":"VLADIMIRO MUJICA, EL CIENT\u00cdFICO CU\u00c1NTICO QUE LUCH\u00d3 POR LA DEMOCRACIA EN VENEZUELA Y TRABAJ\u00d3 EN DONOSTIA."},"content":{"rendered":"\n<p><strong>Martes 28 de abril de 2026<\/strong><\/p>\n\n\n<div class=\"wp-block-image\">\n<figure class=\"aligncenter size-full\"><a href=\"https:\/\/blogs.deia.eus\/anasagasti\/files\/2026\/04\/Vladimiro-Mujica.jpg\"><img loading=\"lazy\" decoding=\"async\" width=\"519\" height=\"423\" src=\"https:\/\/blogs.deia.eus\/anasagasti\/files\/2026\/04\/Vladimiro-Mujica.jpg\" alt=\"\" class=\"wp-image-21670\" \/><\/a><\/figure>\n<\/div>\n\n\n<p>La ma\u00f1ana del domingo amaneci\u00f3 con una ingrata noticia, Vladimiro Mujica, el qu\u00edmico cu\u00e1ntico que dedic\u00f3 sus \u00faltimos a\u00f1os a \u201cconstruir una comprensi\u00f3n fundamental de c\u00f3mo la f\u00edsica cu\u00e1ntica influye en&nbsp;<strong>el funcionamiento del universo\u201d<\/strong>&nbsp;y a la lucha por la democracia en Venezuela, falleci\u00f3 en Ciudad de M\u00e9xico.<\/p>\n\n\n\n<p>Mujica muri\u00f3 sorpresivamente en M\u00e9xico, durante un viaje familiar para visitar a su hijo. Le conocimos cuando vino a Donostia como profesor invitado en el Donostia International Physics Center (DIPC), centro de investigaci\u00f3n que desarrolla investigaci\u00f3n de vanguardia. Daba clases como profesor invitado en un master y por otro llevaba un proyecto de investigaci\u00f3n compartido con su universidad en Arizona en temas de su especialidad.<\/p>\n\n\n\n<p>Muy amigo del jesuita Mikel de Viana \u00e9ste le prolog\u00f3 su libro en el par de a\u00f1os que estuvo dando clases en Donostia.<\/p>\n\n\n\n<p><strong>Lideraba una importante investigaci\u00f3n en Estados Unidos<\/strong><\/p>\n\n\n\n<p><strong>El Doctor Vladimiro Mujica<\/strong>, cient\u00edfico, docente e investigador de la Escuela de Qu\u00edmica de la Universidad Central de Venezuela, fue designado para liderar un equipo de biolog\u00eda cu\u00e1ntica multiinstitucional en Estados Unidos.<\/p>\n\n\n\n<p>Adelantaba una investigaci\u00f3n de&nbsp;f\u00edsica cu\u00e1ntica, la cual tiene como objetivo \u201cconstruir una comprensi\u00f3n fundamental de c\u00f3mo la f\u00edsica cu\u00e1ntica influye en&nbsp;<strong>el funcionamiento del universo\u201d.<\/strong><\/p>\n\n\n\n<p>Mujica era Licenciado en Qu\u00edmica egresado de la UCV y ten\u00eda un doctorado en qu\u00edmica cu\u00e1ntica de la Universidad de Uppsala, Suecia.<\/p>\n\n\n\n<p>Actualmente, era profesor e investigador de Ciencias Moleculares del Centro de F\u00edsica Biol\u00f3gica de la&nbsp;<strong>Universidad de Arizona desde 2009, en Arizona, Estados Unidos, donde resid\u00eda.<\/strong>&nbsp;Sus investigaciones est\u00e1n basadas en los campos de qu\u00edmica te\u00f3rica, nanociencia, transferencia de electrones, energ\u00eda solar, teor\u00eda de la relajaci\u00f3n cu\u00e1ntica y nanofot\u00f3nica.<\/p>\n\n\n\n<p>Mujica llevaba m\u00e1s de 30 a\u00f1os dedicado a este campo de estudios y era reconocido a nivel mundial por sus investigaciones en qu\u00edmica te\u00f3rica y nanociencias. Form\u00f3 parte de la planta profesoral de universidades importantes como&nbsp;<strong>Uppsala, Northwestern, Universidad de Barcelona<\/strong>, entre otras.<\/p>\n\n\n\n<p><strong>Entre el laboratorio y la lucha democr\u00e1tica<\/strong><\/p>\n\n\n\n<p>Su partida deja un vac\u00edo inmenso, no solo en los laboratorios y aulas donde su intelecto brill\u00f3 con luz propia, sino en cada rinc\u00f3n de la lucha c\u00edvica venezolana que \u00e9l transit\u00f3 con humildad y valent\u00eda. En 2023, acept\u00f3&nbsp; el llamamiento &nbsp;de Mar\u00eda Corina Machado para integrar el Consejo Pol\u00edtico Internacional. Desde all\u00ed, trabaj\u00f3 para impulsar los planes, convencido de que la libertad es el \u00fanico experimento que no puede fallar.<\/p>\n\n\n\n<p>Mujica era articulista&nbsp; donde expresaba su posici\u00f3n frente a la situaci\u00f3n pol\u00edtica venezolana. En su \u00faltimo art\u00edculo se refiri\u00f3 al 3 de enero y al Delcynato.<\/p>\n\n\n\n<p>\u00abLos eventos del 3 de enero y la extracci\u00f3n del d\u00fao Maduro\/Flores fueron sorpresivos, pero no impredecibles, porque este escenario ya hab\u00eda sido analizado con relativamente alta probabilidad. Lo que, s\u00ed constituy\u00f3 un Cisne Negro, fue la conducta posterior de la administraci\u00f3n Trump en cuando a la creaci\u00f3n del Delcynato, una especie de Madurismo sin Cabeza, pero con un control sustancial del pa\u00eds que se ha transformado en una inesperada mutaci\u00f3n del r\u00e9gimen que est\u00e1 haciendo todo lo posible para perpetuarse en el poder. La naturaleza compleja y mutante de la transici\u00f3n, un proceso, no un evento, descrito como consistente de tres etapas por el secretario de Estado Marco Rubio desaf\u00eda el entendimiento de los venezolanos y de muchos estudiosos de la geopol\u00edtica\u00bb,&nbsp;<a href=\"https:\/\/lapatilla.com\/2026\/04\/16\/vladimiro-mujica-un-cisne-negro-en-venezuela\/\">escribi\u00f3 Mujica el pasado 16 de abril en La Patilla<\/a><\/p>\n<!-- AddThis Advanced Settings generic via filter on the_content --><!-- AddThis Share Buttons generic via filter on the_content -->","protected":false},"excerpt":{"rendered":"<p>Martes 28 de abril de 2026 La ma\u00f1ana del domingo amaneci\u00f3 con una ingrata noticia, Vladimiro Mujica, el qu\u00edmico cu\u00e1ntico que dedic\u00f3 sus \u00faltimos a\u00f1os a \u201cconstruir una comprensi\u00f3n fundamental de c\u00f3mo la f\u00edsica cu\u00e1ntica influye en&nbsp;el funcionamiento del universo\u201d&nbsp;y a la lucha por la democracia en Venezuela, falleci\u00f3 en Ciudad de M\u00e9xico. Mujica muri\u00f3 &hellip; <a href=\"https:\/\/blogs.deia.eus\/anasagasti\/2026\/04\/28\/vladimiro-mujica-el-cientifico-cuantico-que-lucho-por-la-democracia-en-venezuela-y-trabajo-en-donostia\/\" class=\"more-link\">Sigue leyendo <span class=\"screen-reader-text\">VLADIMIRO MUJICA, EL CIENT\u00cdFICO CU\u00c1NTICO QUE LUCH\u00d3 POR LA DEMOCRACIA EN VENEZUELA Y TRABAJ\u00d3 EN DONOSTIA.<\/span><\/a><!-- AddThis Advanced Settings generic via filter on get_the_excerpt --><!-- AddThis Share Buttons generic via filter on get_the_excerpt --><\/p>\n","protected":false},"author":19,"featured_media":0,"comment_status":"open","ping_status":"open","sticky":false,"template":"","format":"standard","meta":{"footnotes":""},"categories":[1],"tags":[],"class_list":["post-21669","post","type-post","status-publish","format-standard","hentry","category-general"],"_links":{"self":[{"href":"https:\/\/blogs.deia.eus\/anasagasti\/wp-json\/wp\/v2\/posts\/21669","targetHints":{"allow":["GET"]}}],"collection":[{"href":"https:\/\/blogs.deia.eus\/anasagasti\/wp-json\/wp\/v2\/posts"}],"about":[{"href":"https:\/\/blogs.deia.eus\/anasagasti\/wp-json\/wp\/v2\/types\/post"}],"author":[{"embeddable":true,"href":"https:\/\/blogs.deia.eus\/anasagasti\/wp-json\/wp\/v2\/users\/19"}],"replies":[{"embeddable":true,"href":"https:\/\/blogs.deia.eus\/anasagasti\/wp-json\/wp\/v2\/comments?post=21669"}],"version-history":[{"count":1,"href":"https:\/\/blogs.deia.eus\/anasagasti\/wp-json\/wp\/v2\/posts\/21669\/revisions"}],"predecessor-version":[{"id":21671,"href":"https:\/\/blogs.deia.eus\/anasagasti\/wp-json\/wp\/v2\/posts\/21669\/revisions\/21671"}],"wp:attachment":[{"href":"https:\/\/blogs.deia.eus\/anasagasti\/wp-json\/wp\/v2\/media?parent=21669"}],"wp:term":[{"taxonomy":"category","embeddable":true,"href":"https:\/\/blogs.deia.eus\/anasagasti\/wp-json\/wp\/v2\/categories?post=21669"},{"taxonomy":"post_tag","embeddable":true,"href":"https:\/\/blogs.deia.eus\/anasagasti\/wp-json\/wp\/v2\/tags?post=21669"}],"curies":[{"name":"wp","href":"https:\/\/api.w.org\/{rel}","templated":true}]}}