{"id":21672,"date":"2026-04-28T19:57:57","date_gmt":"2026-04-28T17:57:57","guid":{"rendered":"https:\/\/blogs.deia.eus\/anasagasti\/?p=21672"},"modified":"2026-04-28T19:57:58","modified_gmt":"2026-04-28T17:57:58","slug":"la-bicefalia-de-andueza","status":"publish","type":"post","link":"https:\/\/blogs.deia.eus\/anasagasti\/2026\/04\/28\/la-bicefalia-de-andueza\/","title":{"rendered":"LA BICEFALIA DE ANDUEZA"},"content":{"rendered":"\n<p><strong>Martes 28 de abril de 2026<\/strong><\/p>\n\n\n<div class=\"wp-block-image\">\n<figure class=\"aligncenter size-full is-resized\"><a href=\"https:\/\/blogs.deia.eus\/anasagasti\/files\/2026\/04\/Andueza.jpg\"><img loading=\"lazy\" decoding=\"async\" width=\"300\" height=\"168\" src=\"https:\/\/blogs.deia.eus\/anasagasti\/files\/2026\/04\/Andueza.jpg\" alt=\"\" class=\"wp-image-21674\" style=\"width:630px;height:auto\" \/><\/a><\/figure>\n<\/div>\n\n\n<p>Idoia Mendia fue en el gobierno de Urkullu Vicelehendakari y Secretaria General del PSE. Y los acuerdos con el PSE, hechos por el PNV, funcionaron con tranquilidad &nbsp;y \u00e9xito hasta que Mendia fue sustituida por Eneko Andueza, un eibarr\u00e9s de la escuela de I\u00f1aki Arriola residente en Portugalete. Ven\u00eda aureolado por ser de una nueva generaci\u00f3n que ten\u00eda hambre pol\u00edtica y su misi\u00f3n era no trabajar en un proyecto sino que no se les viera como mayordomos o morroi del PNV. Es su obsesi\u00f3n.<\/p>\n\n\n\n<p>Andueza siempre se ha cre\u00eddo un l\u00edder emergente de cara a la pol\u00edtica madrile\u00f1a y una de las formas de hacerse notar fue no asumir la misma posici\u00f3n en el Gobierno Vasco que Mendia sino dejarle este puesto de Vice al alcalde Portugalete, Mikel Torres Cre\u00eda que la f\u00f3rmula jelkide de separaci\u00f3n de poderes entre partido y gobierno dej\u00e1ndole las manos libres para marcar terreno, le iba a funcionar&nbsp; ya que se cree poco menos que un Metternich del Golfo de Bizkaia.<\/p>\n\n\n\n<p>Pero para que eso funcione has de ser muy listo, equilibrado, ver lejos y saber utilizar los momentos pol\u00edticos, no tocar las narices innecesariamente a tu socio &nbsp;y adem\u00e1s de todo, no ser un manazas, un gamberro, cosa que Andueza lo es.<\/p>\n\n\n\n<p>Ha buscado siempre desmarcarse en clave de falsa progres\u00eda, encasillando al PNV un d\u00eda en la derecha, otro con Bildu, y sobre todo no sabiendo plantear los asuntos donde ha de hacerlo, en un doble discurso y sobre todo en no saber &nbsp;vender lo que hacen sus consejeros ni en ser un jabato a la hora de negociar en Madrid lo que el Gobierno S\u00e1nchez no hace. Y, con ese curr\u00edculum, en dos a\u00f1os, los chispazos se han ido produciendo cada vez en menos tiempo como queriendo marcar un terreno porque las elecciones son el a\u00f1o que viene y no quieren que la marea del PP-Vox les deje sin resuello.<\/p>\n\n\n\n<p>A esta conducta el Consejero socialista Itxaso lleg\u00f3 a faltar al respeto al Lehendakari.<\/p>\n\n\n\n<p>Pero han cometido un error de bulto.<\/p>\n\n\n\n<p>Por cierto, eso del agua en la piscina es una imagen que us\u00f3 Arzalluz cuando Aznar se negaba a averiguar si ETA estaba madura para una negociaci\u00f3n y \u00e9ste le dijo que lo procedente era mirar si hab\u00eda agua en la piscina pues de lo contrario si te echas sin averiguarlo, te la pegas. Y ahora esa imagen la usa todo el mundo, pero es de Arzalluz.<\/p>\n\n\n\n<p>Sacar ese tw irritante y falt\u00f3n, tanto como aquel de Basagoiti hacia Patxi L\u00f3pez cuando le insult\u00f3 p\u00fablicamente. En abril 2012, el entonces presidente del PP vasco, Antonio Basagoiti, compar\u00f3 al Lehendakari Patxi L\u00f3pez con Homer Simpson sugiriendo que el personaje de dibujos animados ten\u00eda m\u00e1s t\u00edtulos acad\u00e9micos y criticando su postura frente a los recortes del gobierno de Rajoy.<\/p>\n\n\n\n<p>A pesar de las disculpas posteriores aquello debilit\u00f3 de tal forma al gobierno que al poco L\u00f3pez hubo de adelantar las elecciones. Estas cosas dejan huella.<\/p>\n\n\n\n<p>En los \u00faltimos tiempos se han tenido serias faltas de respeto como las de los responsables de Aena, con una chuler\u00eda impropia, que no han sido puestos en su sitio por S\u00e1nchez o en la pol\u00e9mica sobre el puerto de Pasaia, o las burlas sobre el traslado del \u201cGuernica\u201d, o una negociaciones donde sigue mandando al Alta Administraci\u00f3n del Estado y no la Ley Org\u00e1nica que es el Estatuto de Gernika. Y&nbsp; Andueza no solo no lo critica sino se pone de parte de la burocracia madrile\u00f1a.<\/p>\n\n\n\n<p>Poner pie en pared por parte del PNV es lo procedente aunque Andueza se moleste. No responderle con la misma moneda sino ningunearle y acudir con la denuncia a la Moncloa que es lo que les duele.<\/p>\n\n\n\n<p>Arzalluz era contundente cuando le pidi\u00f3 a Felipe Gonz\u00e1lez ponerle un bozal al dirigente socialista local de entonces.<\/p>\n\n\n\n<p>Andueza saldr\u00e1 trasquilado de este chispazo, que tendr\u00e1 consecuencias, y moderar\u00e1 sus rebuznos de momento, pero no se bajar\u00e1 del burro de soberbia que le caracteriza a no ser que lo saquen de circuito, algo que no hay que desechar.<\/p>\n<!-- AddThis Advanced Settings generic via filter on the_content --><!-- AddThis Share Buttons generic via filter on the_content -->","protected":false},"excerpt":{"rendered":"<p>Martes 28 de abril de 2026 Idoia Mendia fue en el gobierno de Urkullu Vicelehendakari y Secretaria General del PSE. Y los acuerdos con el PSE, hechos por el PNV, funcionaron con tranquilidad &nbsp;y \u00e9xito hasta que Mendia fue sustituida por Eneko Andueza, un eibarr\u00e9s de la escuela de I\u00f1aki Arriola residente en Portugalete. Ven\u00eda &hellip; <a href=\"https:\/\/blogs.deia.eus\/anasagasti\/2026\/04\/28\/la-bicefalia-de-andueza\/\" class=\"more-link\">Sigue leyendo <span class=\"screen-reader-text\">LA BICEFALIA DE ANDUEZA<\/span><\/a><!-- AddThis Advanced Settings generic via filter on get_the_excerpt --><!-- AddThis Share Buttons generic via filter on get_the_excerpt --><\/p>\n","protected":false},"author":19,"featured_media":0,"comment_status":"open","ping_status":"open","sticky":false,"template":"","format":"standard","meta":{"footnotes":""},"categories":[1],"tags":[],"class_list":["post-21672","post","type-post","status-publish","format-standard","hentry","category-general"],"_links":{"self":[{"href":"https:\/\/blogs.deia.eus\/anasagasti\/wp-json\/wp\/v2\/posts\/21672","targetHints":{"allow":["GET"]}}],"collection":[{"href":"https:\/\/blogs.deia.eus\/anasagasti\/wp-json\/wp\/v2\/posts"}],"about":[{"href":"https:\/\/blogs.deia.eus\/anasagasti\/wp-json\/wp\/v2\/types\/post"}],"author":[{"embeddable":true,"href":"https:\/\/blogs.deia.eus\/anasagasti\/wp-json\/wp\/v2\/users\/19"}],"replies":[{"embeddable":true,"href":"https:\/\/blogs.deia.eus\/anasagasti\/wp-json\/wp\/v2\/comments?post=21672"}],"version-history":[{"count":1,"href":"https:\/\/blogs.deia.eus\/anasagasti\/wp-json\/wp\/v2\/posts\/21672\/revisions"}],"predecessor-version":[{"id":21675,"href":"https:\/\/blogs.deia.eus\/anasagasti\/wp-json\/wp\/v2\/posts\/21672\/revisions\/21675"}],"wp:attachment":[{"href":"https:\/\/blogs.deia.eus\/anasagasti\/wp-json\/wp\/v2\/media?parent=21672"}],"wp:term":[{"taxonomy":"category","embeddable":true,"href":"https:\/\/blogs.deia.eus\/anasagasti\/wp-json\/wp\/v2\/categories?post=21672"},{"taxonomy":"post_tag","embeddable":true,"href":"https:\/\/blogs.deia.eus\/anasagasti\/wp-json\/wp\/v2\/tags?post=21672"}],"curies":[{"name":"wp","href":"https:\/\/api.w.org\/{rel}","templated":true}]}}