{"id":21676,"date":"2026-04-30T11:09:46","date_gmt":"2026-04-30T09:09:46","guid":{"rendered":"https:\/\/blogs.deia.eus\/anasagasti\/?p=21676"},"modified":"2026-04-30T11:09:46","modified_gmt":"2026-04-30T09:09:46","slug":"no-le-dejan-estudiar-los-idiomas-cooficiales-total-para-que","status":"publish","type":"post","link":"https:\/\/blogs.deia.eus\/anasagasti\/2026\/04\/30\/no-le-dejan-estudiar-los-idiomas-cooficiales-total-para-que\/","title":{"rendered":"NO LE DEJAN ESTUDIAR LOS IDIOMAS COOFICIALES. TOTAL \u00bfPARA QU\u00c9?."},"content":{"rendered":"\n<p><strong>Jueves 30 de abril de 2026<\/strong><\/p>\n\n\n<div class=\"wp-block-image\">\n<figure class=\"aligncenter size-full is-resized\"><a href=\"https:\/\/blogs.deia.eus\/anasagasti\/files\/2026\/04\/ILeonor-quiere-aprender-euskera.jpg\"><img loading=\"lazy\" decoding=\"async\" width=\"323\" height=\"400\" src=\"https:\/\/blogs.deia.eus\/anasagasti\/files\/2026\/04\/ILeonor-quiere-aprender-euskera.jpg\" alt=\"\" class=\"wp-image-21677\" style=\"width:537px;height:auto\" \/><\/a><\/figure>\n<\/div>\n\n\n<p>Ya ven. La Srta Leonor de Borb\u00f3n quiere estudiar euskera pero no le dejan. Ella se da cuenta que saber catal\u00e1n, gallego o euskera es m\u00e1s importante que\u00a0 acudir a desfiles militares, pero las telara\u00f1as mentales de la Casa Real no le permite\u00a0 estudiar lo que ella quiere. Y ha sacado este cartel reivindicativo. Como era de esperar, han censurado la noticia.<\/p>\n\n\n\n<p>Y es que as\u00ed, como &nbsp;dise\u00f1aron la educaci\u00f3n &nbsp;al &nbsp;padre, al abuelo, al bisabuelo y al tatarabuelo, le han hecho pasar por los distintos cuerpos del ej\u00e9rcito, con viaje oce\u00e1nico en el Juan Sebastian Elcano incluido. Normal. La unidad de Espa\u00f1a, seg\u00fan el art\u00edculo 8 de la Constituci\u00f3n no se basa en la voluntad popular sino en &nbsp;la salvaguarda que hace &nbsp;el ej\u00e9rcito, garante de la misma. Buenos son los militares espa\u00f1oles para estas cuestiones. Por menos de eso se sublevaron hace 90 a\u00f1os. La Unidad de la Patria, patria \u00fanica e indivisible, est\u00e1 por encima de todo.<\/p>\n\n\n\n<p>No se acuerdan que cuando Franco agonizaba, el llamado Pr\u00edncipe de Espa\u00f1a, su abuelete, el de Abu Dabi, militar como su hijo y nieta, se fue al Sahara a decirles que Espa\u00f1a no se quedar\u00eda sin esa parte africana de su unidad. Eso fue todo. No le sirvi\u00f3 de nada todo lo aprendido pues con el rabo entre piernas, Espa\u00f1a abandon\u00f3 al pueblo saharaui a su suerte. Tanta Academia militar en Zaragoza, San Javier y Mar\u00edn, para eso.<\/p>\n\n\n\n<p>Eso si. Juan Carlos se ha chupado miles de desfiles y hay que reconocer que luc\u00eda&nbsp; bien el uniforme. Y en el mar, era un regatista temible con su Brib\u00f3n y con su&nbsp; Fortuna. La educaci\u00f3n cuartelera sirve para algo.<\/p>\n\n\n\n<p>Tres a\u00f1os ha estado la Srta Borb\u00f3n perdiendo el tiempo de su formaci\u00f3n acad\u00e9mica en estudios militares conociendo como &nbsp;son las maniobras &nbsp;de unos se\u00f1ores que viven de eso, o los intr\u00edngulis de un avi\u00f3n copilotado o las dimensiones de un portaviones, el \u00fanico, y afortunadamente no usado &nbsp;nunca y que adem\u00e1s no le va a servir de nada, porque al primer tiro, la meten en un bunker del tipo que tiene Trump en la Casa Blanca.<\/p>\n\n\n\n<p>El &nbsp;estado mayor no est\u00e1 para cumplir \u00f3rdenes de gentes que no se dedican a la guerra sino solo para &nbsp;desfiles militares, y para eso no hace falta pasarse tres a\u00f1os de estudios. Y menos ahora que lo que pide Europa es un ej\u00e9rcito propio y altamente tecnificado ,donde, \u00a1miren por donde!, no tiene cabida la Infanta, ni ninguna Casa Real europea. Los tiempos de Carlomagno ya pasaron, aunque en La Zarzuela no se han&nbsp; enterado.<\/p>\n\n\n\n<p>La noticia es que &nbsp;Leonor Borb\u00f3n estudiar\u00e1 Ciencias Pol\u00edticas en Getafe, en la Universidad Carlos III, en la mimada Universidad fundada por el socialista Gregorio P\u00e9rez Barba, con lo que la derecha hispana no est\u00e1 muy de acuerdo porque m\u00e1s les gustar\u00eda una reina cl\u00e1sica, pendiente del Hola y de las bodas de sus hom\u00f3logos royales,con Pe\u00f1afierl habl\u00e1ndonos de sus novios. Pero para vendernos las excelencias de esta nueva monarqu\u00eda, con los vicios del pasado intacto, nos dicen que la Universidad es p\u00fablica.<\/p>\n\n\n\n<p>No est\u00e1 mal que estudie Ciencias Pol\u00edticas a ver si se entera de la anomal\u00eda democr\u00e1tica que supone en el Siglo XXI, una monarqu\u00eda no elegida por nadie sino sucesora de una dictadura que masacr\u00f3 y anul\u00f3 &nbsp;un r\u00e9gimen republicano elegido pero abolido por una guerra y con un dictador instaurando de nuevo, algo tan an\u00f3malo como una Monarqu\u00eda apoyada por las bayonetas. Pero les mola. Leonor va a tener la &nbsp;representaci\u00f3n de un estado, mientras nos dicen que \u201carbitra y modera\u201d. Lo que si tienen claro es que es s\u00edmbolo de \u201cunidad y pertenencia\u201d.La de ellos.<\/p>\n\n\n\n<p>En 1978 no pudo abordarse si el pueblo soberano quer\u00eda ese sistema &nbsp;o volver al republicano, mientras nos restriegan que la Constituci\u00f3n dice que vivimos una monarqu\u00eda parlamentaria, cuando no se abord\u00f3 en 1978, un refer\u00e9ndum sobre monarqu\u00eda o rep\u00fablica, porque como le dijo Su\u00e1rez a Victoria Prego, las encuestas dec\u00edan que ganaba la Rep\u00fablica.<\/p>\n\n\n\n<p>Ahora bien, tan defensores que son de la Constituci\u00f3n y se olvidan de lo que es un estado con nacionalidades, y \u00e9stas con lengua propia, y con regiones, y, como no puede ser menos, sin tener en cuenta que adem\u00e1s del castellano hay tres idiomas cooficiales, el euskera, el catal\u00e1n y el gallego que al parecer tienen menos importancia que saber usar una escopeta.<\/p>\n\n\n\n<p>Vi en la Sexta a los profesores &nbsp;de la Carlos III, Luis Orriols&nbsp; y a Pablo Sim\u00f3n felices de la vida pensando en pasar a la historia&nbsp; y bueno &nbsp;para su curr\u00edculum porque en breve ser\u00e1n profesores de la Srta Borb\u00f3n, sin importarles un pito este peque\u00f1o detalle de los idiomas cooficiales.<\/p>\n\n\n\n<p>Uno preguntaba si le van a tratar de usted o de alteza. Ser\u00eda mejor le tutearan para que no se creyera est\u00e1 por encima de los dem\u00e1s alumnos, porque a fin de cuentas y si alg\u00fan d\u00eda llega a ser reina de esta Espa\u00f1a madrile\u00f1a, acabar\u00e1 como todos&nbsp; los &nbsp;de su estirpe en el pudridero de El Escorial.<\/p>\n\n\n\n<p>Y ya que nos restriegan que la Carlos III (nombre de un rey muy madrile\u00f1o pues hasta dec\u00edan de \u00e9l era el mejor alcalde de Madrid) que la&nbsp; Universidad &nbsp;es p\u00fablica, ese plus de notoriedad que adquirir\u00e1 esta universidad madrile\u00f1a lo empleen en ense\u00f1ar que la visi\u00f3n que tienen de que Espa\u00f1a es Madrid, la suavicen con una buena y necesaria &nbsp;educaci\u00f3n, que los Borbones no tienen.<\/p>\n\n\n\n<p>Imag\u00ednense que hubieran elegido una Universidad gallega, vasca o catalana, que tambi\u00e9n las hay, para ir mentalizando a la Srta Borb\u00f3n que las cosas no son como las cuenta ni su abuelo ni su padre y menos su madre.<\/p>\n\n\n\n<p>Esa hubiera sido la noticia. No que vaya a estudiar a Getafe.<\/p>\n\n\n\n<p>Pero eso lo que hay, sra marquesa. La Espa\u00f1a eterna. Ej\u00e9rcito, unidad y castellano a ritmo de IA, pero conservando las esencias.<\/p>\n\n\n\n<p>A la Srta Borb\u00f3n ,la del cartel, no le van a hacer caso y no le van a ense\u00f1ar ninguna lengua cooficial sino, desde Madrid, que Espa\u00f1a es Una, Grande y Libre.<\/p>\n\n\n\n<p>Total, \u00bfpara qu\u00e9?.<\/p>\n<!-- AddThis Advanced Settings generic via filter on the_content --><!-- AddThis Share Buttons generic via filter on the_content -->","protected":false},"excerpt":{"rendered":"<p>Jueves 30 de abril de 2026 Ya ven. La Srta Leonor de Borb\u00f3n quiere estudiar euskera pero no le dejan. Ella se da cuenta que saber catal\u00e1n, gallego o euskera es m\u00e1s importante que\u00a0 acudir a desfiles militares, pero las telara\u00f1as mentales de la Casa Real no le permite\u00a0 estudiar lo que ella quiere. Y &hellip; <a href=\"https:\/\/blogs.deia.eus\/anasagasti\/2026\/04\/30\/no-le-dejan-estudiar-los-idiomas-cooficiales-total-para-que\/\" class=\"more-link\">Sigue leyendo <span class=\"screen-reader-text\">NO LE DEJAN ESTUDIAR LOS IDIOMAS COOFICIALES. TOTAL \u00bfPARA QU\u00c9?.<\/span><\/a><!-- AddThis Advanced Settings generic via filter on get_the_excerpt --><!-- AddThis Share Buttons generic via filter on get_the_excerpt --><\/p>\n","protected":false},"author":19,"featured_media":0,"comment_status":"open","ping_status":"open","sticky":false,"template":"","format":"standard","meta":{"footnotes":""},"categories":[1],"tags":[],"class_list":["post-21676","post","type-post","status-publish","format-standard","hentry","category-general"],"_links":{"self":[{"href":"https:\/\/blogs.deia.eus\/anasagasti\/wp-json\/wp\/v2\/posts\/21676","targetHints":{"allow":["GET"]}}],"collection":[{"href":"https:\/\/blogs.deia.eus\/anasagasti\/wp-json\/wp\/v2\/posts"}],"about":[{"href":"https:\/\/blogs.deia.eus\/anasagasti\/wp-json\/wp\/v2\/types\/post"}],"author":[{"embeddable":true,"href":"https:\/\/blogs.deia.eus\/anasagasti\/wp-json\/wp\/v2\/users\/19"}],"replies":[{"embeddable":true,"href":"https:\/\/blogs.deia.eus\/anasagasti\/wp-json\/wp\/v2\/comments?post=21676"}],"version-history":[{"count":1,"href":"https:\/\/blogs.deia.eus\/anasagasti\/wp-json\/wp\/v2\/posts\/21676\/revisions"}],"predecessor-version":[{"id":21678,"href":"https:\/\/blogs.deia.eus\/anasagasti\/wp-json\/wp\/v2\/posts\/21676\/revisions\/21678"}],"wp:attachment":[{"href":"https:\/\/blogs.deia.eus\/anasagasti\/wp-json\/wp\/v2\/media?parent=21676"}],"wp:term":[{"taxonomy":"category","embeddable":true,"href":"https:\/\/blogs.deia.eus\/anasagasti\/wp-json\/wp\/v2\/categories?post=21676"},{"taxonomy":"post_tag","embeddable":true,"href":"https:\/\/blogs.deia.eus\/anasagasti\/wp-json\/wp\/v2\/tags?post=21676"}],"curies":[{"name":"wp","href":"https:\/\/api.w.org\/{rel}","templated":true}]}}