{"id":21682,"date":"2026-05-02T09:31:23","date_gmt":"2026-05-02T07:31:23","guid":{"rendered":"https:\/\/blogs.deia.eus\/anasagasti\/?p=21682"},"modified":"2026-05-02T09:31:23","modified_gmt":"2026-05-02T07:31:23","slug":"el-verano-de-la-derrota","status":"publish","type":"post","link":"https:\/\/blogs.deia.eus\/anasagasti\/2026\/05\/02\/el-verano-de-la-derrota\/","title":{"rendered":"EL VERANO DE LA DERROTA."},"content":{"rendered":"\n<p><strong>S\u00e1bado 2 de mayo de 2026<\/strong><\/p>\n\n\n<div class=\"wp-block-image\">\n<figure class=\"aligncenter size-full\"><a href=\"https:\/\/blogs.deia.eus\/anasagasti\/files\/2026\/05\/Verano-de-la-derrota.jpg\"><img loading=\"lazy\" decoding=\"async\" width=\"754\" height=\"1005\" src=\"https:\/\/blogs.deia.eus\/anasagasti\/files\/2026\/05\/Verano-de-la-derrota.jpg\" alt=\"\" class=\"wp-image-21683\" srcset=\"https:\/\/blogs.deia.eus\/anasagasti\/files\/2026\/05\/Verano-de-la-derrota.jpg 754w, https:\/\/blogs.deia.eus\/anasagasti\/files\/2026\/05\/Verano-de-la-derrota-580x773.jpg 580w\" sizes=\"auto, (max-width: 754px) 100vw, 754px\" \/><\/a><\/figure>\n<\/div>\n\n\n<p>Se van a cumplir 90 a\u00f1os de aquellos hechos y a riesgo de que nos llamen pelmas, conviene refrescar\u00a0 estas situaciones l\u00edmite vividas por nuestros antecesores, ya que a Euzkadi se le venci\u00f3 militarmente, se le bombarde\u00f3, se le hizo imposible la convivencia. Y estas no son son batallitas\u00a0 del abuelo cebolleta, sino lecciones de vida.<\/p>\n\n\n\n<p>Porque no&nbsp; solo se llenaron las carreteras que conduc\u00edan al oeste de veh\u00edculos y personas con sus enseres; desde d\u00edas antes de la ca\u00edda de la Villa de Bilbao el 19 de junio sino&nbsp;&nbsp; los muelles de la r\u00eda vieron c\u00f3mo los pesqueros y dem\u00e1s barcos all\u00ed amarrados calentaban motores para partir hacia puertos santanderinos o de Lapurdi. Entre los que aprovecharon las horas de confusi\u00f3n y la orden de evacuaci\u00f3n de la zona portuaria para huir de Bilbao y de sus responsabilidades en el ej\u00e9rcito y en la administraci\u00f3n aut\u00f3noma estaban Gerrikaetxebarria, jefe de la Artiller\u00eda; Jos\u00e9 Mar\u00eda Pikaza, jefe de la Polic\u00eda Motorizada; Bruno Mendiguren, responsable de relaciones con la prensa extranjera; Unzeta, jefe de la Sanidad Militar y Naranjo, oficial del Estado Mayor agregado al Departamento de Defensa.<\/p>\n\n\n\n<p>En aquellas \u00faltimas jornadas de Bilbao, Leizaola, como se ha dicho, se impuso a s\u00ed mismo la obligaci\u00f3n de poner en libertad a los presos internados en las c\u00e1rceles bilba\u00ednas. \u00c9stos se agrupaban, fundamentalmente en dos grupos. Por una parte, los que se hallaban en las instituciones penitenciarias de Bego\u00f1a y, por otra, los que se encontraban realizando labores de fortificaci\u00f3n en el \u00e1rea de Pagasarri.<\/p>\n\n\n\n<p>Ciertamente, pesaban mucho sobre la conciencia del consejero de Justicia los asaltos a las c\u00e1rceles ocurridos el 4 de enero, en los que fueron pasados por las armas 224 internos. No fueron estos incidentes los \u00fanicos que tuvieron lugar en Euzkadi contra las vidas de personas presas, pero s\u00ed en contra de prisioneros que se hallaban bajo la tutela del Gobierno de Euzkadi. El asalto a las c\u00e1rceles del 4 de enero fue una mancha indeleble en la actuaci\u00f3n del ejecutivo de Agirre, que intent\u00f3, de alguna manera, subsanarla con la denuncia de los hechos y la apertura de un sumario para clarificar, procesar y, en su caso, castigar a los responsables, pero que no pudo llevarse a cabo por falta material de tiempo.<\/p>\n\n\n\n<p>Y en ese momento final en el que Bilbao estaba a punto de ser ocupado, Leizaola pens\u00f3 en resarcirlos de alguna manera poni\u00e9ndolos a salvo y alej\u00e1ndolos de una potencial amenaza de venganza de \u00faltima hora.<\/p>\n\n\n\n<p>La entrega de los presos de Larrinaga fue una de las \u00faltimas acciones que se realiz\u00f3 en Bilbao antes de la entrada de las tropas franquistas. Tras un primer intento fallido de traslado de los prisioneros por Pagasarri desde un punto defendido por un batall\u00f3n nacionalista el d\u00eda 17,&nbsp; los presos&nbsp; pudieron ser entregados a su bando desde Egirleta. Esto ocurr\u00eda en la noche del 18 de junio. Poco despu\u00e9s se volaron los puentes sobre el Nervi\u00f3n.<\/p>\n\n\n\n<p>Tras la entrada de los franquistas y en este ambiente de desconfianza contribu\u00eda, apuntaba el c\u00f3nsul italiano, la severidad con la que se impon\u00eda la Justicia, impartida sin criterios de objetividad o de imparcialidad y sin garant\u00edas judiciales.<\/p>\n\n\n\n<p>Relataba Cavallettiel caso de la depuraci\u00f3n de los funcionarios municipales, cifrados en varios cientos, que solo despu\u00e9s de unas investigaciones personales llevadas a cabo tras llamar a los vecinos a denunciarlos, eran readmitidos en sus empleos.<\/p>\n\n\n\n<p>No se olvid\u00f3 el diplom\u00e1tico italiano de citar las palabras pronunciadas por Jos\u00e9 Mar\u00eda Areilza, alcalde de la villa, en las que describ\u00eda la toma de Bilbao como una conquista. Ni de citar las campa\u00f1as propagand\u00edsticas de la prensa local. Sin embargo, para Cavalletti este esfuerzo hab\u00eda tenido un resultado modesto y para probarlo citaba varios episodios ocurridos en Bilbao: banderas espa\u00f1olas desgarradas, exposici\u00f3n de ikurri\u00f1as, pitadas a los himnos franquistas y a las pel\u00edculas franquistas, etc.<\/p>\n\n\n\n<p>Finalmente, Cavallettire forzaba su argumentaci\u00f3n con las palabras que le dijera Antonio Urbina Melgarejo, marqu\u00e9s de Rozalejo y gobernador de Gipuzkoa, quien le coment\u00f3 que, con ocasi\u00f3n de la festividad del 18 de Julio, hab\u00eda recibido \u00f3rdenes de Salamanca para hacer vibrar a San Sebasti\u00e1n y celebrar el aniversario de la sublevaci\u00f3n&nbsp; y que lo hab\u00eda logrado, pero que no ve\u00eda c\u00f3mo lo fuera a hacer su colega bilba\u00edno. El marqu\u00e9s de Rozalejo auguraba que el problema nacionalista vasco iba a perdurar bastante tiempo.<\/p>\n\n\n\n<p>Las palabras del alcalde Areilza citadas en el informe diplom\u00e1tico italiano no eran otras que las pronunciadas el 8 de julio en el Coliseo Albia, en una funci\u00f3n organizada por la FET y de las JONS en homenaje al ej\u00e9rcito y milicias nacionales. Tras descalificar a los nacionalistas y socialistas, Areilza negaba que Bilbao se hubiera rendido. Al contrario, afirmaba que hab\u00eda sido conquistada por las armas y que, en aquel acto, hab\u00eda \u00abca\u00eddo vencida, aniquilada para siempre, esa horrible pesadilla siniestra y atroz que se llamaba Euzkadi y que era una resultante del socialismo prietista, de un lado, y de la imbecilidad bizkaitarra\u00bb.<\/p>\n\n\n\n<p>Este discurso del primer alcalde franquista de la villa ven\u00eda precedido de una medida administrativa ali\u00f1ada con todos los ingredientes de una venganza. El 23 de junio de 1937 Francisco Franco hab\u00eda firmado en Burgos el Decreto-ley abolitorio del Concierto econ\u00f3mico para Bizkaia y Gipuzkoa, por entender que, adem\u00e1s de ser el Concierto \u00abuna prodigalidad que les dispens\u00f3 el Poder p\u00fablico\u00bb, el sistema concertado, en materia econ\u00f3mica, \u00abentra\u00f1aba un notorio privilegio por la ampl\u00edsima autonom\u00eda de que gozaban, y por el menor sacrificio\u00bb al que se somet\u00eda a los contribuyentes vascos. A pesar de disfrutar de todas estas ventajas, Bizkaia y Gipuzkoa, seg\u00fan el Decreto, se \u00abalzaron en armas\u00bb contra el Movimiento Nacional, \u00abcorrespondiendo as\u00ed con la traici\u00f3n a aquella generosidad excepcional\u00bb. No era, pues, admisible que subsistiera aquel \u00abprivilegio sin agravio para las dem\u00e1s regiones\u00bb y se dispuso su abolici\u00f3n desde el primero de julio de 1937.<\/p>\n\n\n\n<p>El Ej\u00e9rcito de ocupaci\u00f3n cumpl\u00eda con su labor, someter a las provincias que hab\u00edan cometido traici\u00f3n y no mostraban s\u00edntomas de adaptarse a la \u00abNueva Espa\u00f1a\u00bb. Como apuntaba Arteche en su diario en la entrada correspondiente al d\u00eda 6 de julio, los bilba\u00ednos hac\u00edan ver claramente a los nuevos gobernantes que se sent\u00edan en verdad sometidos: \u00abDesfiles en la Gran V\u00eda de dos batallones de Infanter\u00eda. Exceptuando las demostraciones de una mujer, a quien el poco p\u00fablico que hab\u00eda, miraba con hostilidad, ni un aplauso, ni un viva. Esto sigue como el primer d\u00eda\u00bb. Y es que Arteche observaba que, \u00ablos que han vivido aqu\u00ed, aquellos con quienes he podido conversar, hablan con veneraci\u00f3n de la persona de Aguirre\u00bb.<\/p>\n\n\n\n<figure class=\"wp-block-image size-large\"><a href=\"https:\/\/blogs.deia.eus\/anasagasti\/files\/2026\/05\/Areilza.jpg\"><img loading=\"lazy\" decoding=\"async\" width=\"940\" height=\"1317\" src=\"https:\/\/blogs.deia.eus\/anasagasti\/files\/2026\/05\/Areilza-940x1317.jpg\" alt=\"\" class=\"wp-image-21684\" srcset=\"https:\/\/blogs.deia.eus\/anasagasti\/files\/2026\/05\/Areilza-940x1317.jpg 940w, https:\/\/blogs.deia.eus\/anasagasti\/files\/2026\/05\/Areilza-580x813.jpg 580w, https:\/\/blogs.deia.eus\/anasagasti\/files\/2026\/05\/Areilza-768x1076.jpg 768w, https:\/\/blogs.deia.eus\/anasagasti\/files\/2026\/05\/Areilza-1096x1536.jpg 1096w, https:\/\/blogs.deia.eus\/anasagasti\/files\/2026\/05\/Areilza.jpg 1142w\" sizes=\"auto, (max-width: 940px) 100vw, 940px\" \/><\/a><\/figure>\n<!-- AddThis Advanced Settings generic via filter on the_content --><!-- AddThis Share Buttons generic via filter on the_content -->","protected":false},"excerpt":{"rendered":"<p>S\u00e1bado 2 de mayo de 2026 Se van a cumplir 90 a\u00f1os de aquellos hechos y a riesgo de que nos llamen pelmas, conviene refrescar\u00a0 estas situaciones l\u00edmite vividas por nuestros antecesores, ya que a Euzkadi se le venci\u00f3 militarmente, se le bombarde\u00f3, se le hizo imposible la convivencia. Y estas no son son batallitas\u00a0 &hellip; <a href=\"https:\/\/blogs.deia.eus\/anasagasti\/2026\/05\/02\/el-verano-de-la-derrota\/\" class=\"more-link\">Sigue leyendo <span class=\"screen-reader-text\">EL VERANO DE LA DERROTA.<\/span><\/a><!-- AddThis Advanced Settings generic via filter on get_the_excerpt --><!-- AddThis Share Buttons generic via filter on get_the_excerpt --><\/p>\n","protected":false},"author":19,"featured_media":0,"comment_status":"open","ping_status":"open","sticky":false,"template":"","format":"standard","meta":{"footnotes":""},"categories":[1],"tags":[],"class_list":["post-21682","post","type-post","status-publish","format-standard","hentry","category-general"],"_links":{"self":[{"href":"https:\/\/blogs.deia.eus\/anasagasti\/wp-json\/wp\/v2\/posts\/21682","targetHints":{"allow":["GET"]}}],"collection":[{"href":"https:\/\/blogs.deia.eus\/anasagasti\/wp-json\/wp\/v2\/posts"}],"about":[{"href":"https:\/\/blogs.deia.eus\/anasagasti\/wp-json\/wp\/v2\/types\/post"}],"author":[{"embeddable":true,"href":"https:\/\/blogs.deia.eus\/anasagasti\/wp-json\/wp\/v2\/users\/19"}],"replies":[{"embeddable":true,"href":"https:\/\/blogs.deia.eus\/anasagasti\/wp-json\/wp\/v2\/comments?post=21682"}],"version-history":[{"count":1,"href":"https:\/\/blogs.deia.eus\/anasagasti\/wp-json\/wp\/v2\/posts\/21682\/revisions"}],"predecessor-version":[{"id":21685,"href":"https:\/\/blogs.deia.eus\/anasagasti\/wp-json\/wp\/v2\/posts\/21682\/revisions\/21685"}],"wp:attachment":[{"href":"https:\/\/blogs.deia.eus\/anasagasti\/wp-json\/wp\/v2\/media?parent=21682"}],"wp:term":[{"taxonomy":"category","embeddable":true,"href":"https:\/\/blogs.deia.eus\/anasagasti\/wp-json\/wp\/v2\/categories?post=21682"},{"taxonomy":"post_tag","embeddable":true,"href":"https:\/\/blogs.deia.eus\/anasagasti\/wp-json\/wp\/v2\/tags?post=21682"}],"curies":[{"name":"wp","href":"https:\/\/api.w.org\/{rel}","templated":true}]}}