{"id":21686,"date":"2026-05-03T08:26:44","date_gmt":"2026-05-03T06:26:44","guid":{"rendered":"https:\/\/blogs.deia.eus\/anasagasti\/?p=21686"},"modified":"2026-05-03T08:26:45","modified_gmt":"2026-05-03T06:26:45","slug":"una-gran-dejadez-nos-quitaran-el-concierto-y-no-nos-enteraremos","status":"publish","type":"post","link":"https:\/\/blogs.deia.eus\/anasagasti\/2026\/05\/03\/una-gran-dejadez-nos-quitaran-el-concierto-y-no-nos-enteraremos\/","title":{"rendered":"UNA GRAN DEJADEZ. NOS QUITARAN EL CONCIERTO Y NO NOS ENTERAREMOS"},"content":{"rendered":"\n<p><strong>Domingo 3 de mayo de 2026<\/strong><\/p>\n\n\n<div class=\"wp-block-image\">\n<figure class=\"aligncenter size-large\"><a href=\"https:\/\/blogs.deia.eus\/anasagasti\/files\/2026\/05\/Articulo-DEIA-3-de-mayo-de-2026.jpg\"><img loading=\"lazy\" decoding=\"async\" width=\"940\" height=\"627\" src=\"https:\/\/blogs.deia.eus\/anasagasti\/files\/2026\/05\/Articulo-DEIA-3-de-mayo-de-2026-940x627.jpg\" alt=\"\" class=\"wp-image-21687\" srcset=\"https:\/\/blogs.deia.eus\/anasagasti\/files\/2026\/05\/Articulo-DEIA-3-de-mayo-de-2026-940x627.jpg 940w, https:\/\/blogs.deia.eus\/anasagasti\/files\/2026\/05\/Articulo-DEIA-3-de-mayo-de-2026-580x387.jpg 580w, https:\/\/blogs.deia.eus\/anasagasti\/files\/2026\/05\/Articulo-DEIA-3-de-mayo-de-2026-768x512.jpg 768w, https:\/\/blogs.deia.eus\/anasagasti\/files\/2026\/05\/Articulo-DEIA-3-de-mayo-de-2026.jpg 1024w\" sizes=\"auto, (max-width: 940px) 100vw, 940px\" \/><\/a><\/figure>\n<\/div>\n\n\n<p>Una de\u00a0 las vivencias m\u00e1s clarificadoras que tuve con el ex presidente del gobierno espa\u00f1ol Adolfo Su\u00e1rez fue cuando en una recepci\u00f3n en el Palacio de oriente, estando\u00a0 hablando con Txiki Benegas, se nos acerc\u00f3\u00a0 y nos dijo.<\/p>\n\n\n\n<p>\u201cOs voy a decir algo importante para que lo cont\u00e9is. Solo cuando tom\u00e9 la decisi\u00f3n de dimitir como presidente del gobierno abord\u00e9 la devoluci\u00f3n del Concierto Econ\u00f3mico para las castigadas Bizkaia y Gipuzkoa. Hoy ser\u00eda imposible\u201d.<\/p>\n\n\n\n<p>Fue rotundo. Pero los vascos&nbsp; hoy no lo estamos valorando.<\/p>\n\n\n\n<p>Ah\u00ed est\u00e1n los catalanes que tras denigrar del Concierto como antigualla en 1978 la clave actual de su pol\u00edtica es conseguir algo parecido al Concierto, ll\u00e1mese Pacto Fiscal, o Concierto. Les encantar\u00eda el nombre de Concierto porque acredita lo que en verdad es. Recaudar todos los impuestos y pagar un cupo con una clave de gran importancia. Tienes que recaudar m\u00e1s que lo que gastas porque si no Pap\u00e1 Estado no te va dar ni un euro. Es autogobierno pero tambi\u00e9n una gran responsabilidad.<\/p>\n\n\n\n<p>Muchos creen que el Concierto es un privilegio cuando fue un castigo de C\u00e1novas a los vascos en 1876 por apostar por el carlismo y perder las tres&nbsp; guerras en el siglo XIX. Pero tampoco sabemos nada de esto.<\/p>\n\n\n\n<p>El periodista Juan Carlos Etxeberri ha denunciado que cuando el Concierto acaba de cumplir sus primeros 148 a\u00f1os de existencia, resulta sorprendente que todav\u00eda cuatro de&nbsp; cada diez vascos siga desconociendo en qu\u00e9 consiste la base fundamental del autogobierno vasco, siendo&nbsp; el&nbsp; instrumento que canaliza&nbsp; la pol\u00edtica y la econom\u00eda y, que a&nbsp; trav\u00e9s&nbsp; de ellas, el desarrollo y progreso de \u00e9ste pa\u00eds, as\u00ed como el bienestar de sus ciudadanos, est\u00e1 garantizado.<\/p>\n\n\n\n<p>El Gobierno Vasco acaba de dar a conocer una encuesta realizada por el Gabinete de Prospecciones Sociol\u00f3gicas sobre la percepci\u00f3n que los ciudadanos vascos tienen del Concierto Econ\u00f3mico que revela que el conocimiento&nbsp; que se tiene de la columna vertebral de nuestro autogobierno es m\u00e1s bien escaso en t\u00e9rminos de conocimiento, aunque existe una creencia general, tipo fe del carbonero, que alrededor del 60% lo relaciona con el bienestar del pa\u00eds.<\/p>\n\n\n\n<p>Es un grave error y denota ausencia continua de pedagog\u00eda, lo que hacen nuestras instituciones y los partidos que la nutren. Se trata de una dejadez incre\u00edble en una cuesti\u00f3n tan sensible como \u00e9sta. Y no digamos del ente p\u00fablico EITB que vuelca todos sus esfuerzos en programas de cocina y deporte.<\/p>\n\n\n\n<p>Y una pregunta maliciosa: si se hiciera un examen sencillo sobre el Concierto y el Cupo a los 75 integrantes del Parlamento Vasco, a diputados y senadores y a las ejecutivas de los partidos con representaci\u00f3n parlamentaria \u00bfcu\u00e1ntos aprobar\u00edan?.<\/p>\n\n\n\n<p>Lo digo porque he sido testigo de desconocimientos incre\u00edbles.<\/p>\n\n\n\n<p>Y ese es el gran riesgo que tenemos. porque me temo que visto el panorama la capacidad de movilizaci\u00f3n sobre su defensa y explicaci\u00f3n es m\u00ednima por no decir cero.<\/p>\n\n\n\n<p>Y otro campo es \u201cel desierto acad\u00e9mico\u201d donde el Concierto recibe ataques un d\u00eda si y otro tambi\u00e9n sin que desde ning\u00fan sitio se le conteste. Y otro m\u00e1s el de la opini\u00f3n p\u00fablica.<\/p>\n\n\n\n<p>En 1981, el a\u00f1o que aludo de Su\u00e1rez, Pedro Luis Uriarte, Consejero de Hacienda del primer gobierno vasco tras la dictadura dirigi\u00f3 las negociaciones&nbsp; con el estado para su devoluci\u00f3n y cre\u00f3 una plataforma&nbsp; para que la sociedad vasca se implicara en su defensa y difusi\u00f3n. Fue muy bien acogida la propuesta que languidece pues son las instituciones las que han de enarbolar&nbsp; con fuerza y presupuesto su difusi\u00f3n y defensa&nbsp; y no lo est\u00e1n haciendo .Y eso es cada vez m\u00e1s grave. Ya vemos lo que est\u00e1 ocurriendo con el euskera y lo que puede ocurrir si Vox gobierna<\/p>\n\n\n\n<p>Gobierno, Diputaciones, Parlamento y EITB han de ponerse de una pu\u00f1etera vez las pilas pues en ellos hemos depositado la defensa de este important\u00edsimo instrumento del autogobierno vasco.<\/p>\n\n\n\n<p>Les guste o no.<\/p>\n<!-- AddThis Advanced Settings generic via filter on the_content --><!-- AddThis Share Buttons generic via filter on the_content -->","protected":false},"excerpt":{"rendered":"<p>Domingo 3 de mayo de 2026 Una de\u00a0 las vivencias m\u00e1s clarificadoras que tuve con el ex presidente del gobierno espa\u00f1ol Adolfo Su\u00e1rez fue cuando en una recepci\u00f3n en el Palacio de oriente, estando\u00a0 hablando con Txiki Benegas, se nos acerc\u00f3\u00a0 y nos dijo. \u201cOs voy a decir algo importante para que lo cont\u00e9is. Solo &hellip; <a href=\"https:\/\/blogs.deia.eus\/anasagasti\/2026\/05\/03\/una-gran-dejadez-nos-quitaran-el-concierto-y-no-nos-enteraremos\/\" class=\"more-link\">Sigue leyendo <span class=\"screen-reader-text\">UNA GRAN DEJADEZ. NOS QUITARAN EL CONCIERTO Y NO NOS ENTERAREMOS<\/span><\/a><!-- AddThis Advanced Settings generic via filter on get_the_excerpt --><!-- AddThis Share Buttons generic via filter on get_the_excerpt --><\/p>\n","protected":false},"author":19,"featured_media":0,"comment_status":"open","ping_status":"open","sticky":false,"template":"","format":"standard","meta":{"footnotes":""},"categories":[1],"tags":[],"class_list":["post-21686","post","type-post","status-publish","format-standard","hentry","category-general"],"_links":{"self":[{"href":"https:\/\/blogs.deia.eus\/anasagasti\/wp-json\/wp\/v2\/posts\/21686","targetHints":{"allow":["GET"]}}],"collection":[{"href":"https:\/\/blogs.deia.eus\/anasagasti\/wp-json\/wp\/v2\/posts"}],"about":[{"href":"https:\/\/blogs.deia.eus\/anasagasti\/wp-json\/wp\/v2\/types\/post"}],"author":[{"embeddable":true,"href":"https:\/\/blogs.deia.eus\/anasagasti\/wp-json\/wp\/v2\/users\/19"}],"replies":[{"embeddable":true,"href":"https:\/\/blogs.deia.eus\/anasagasti\/wp-json\/wp\/v2\/comments?post=21686"}],"version-history":[{"count":1,"href":"https:\/\/blogs.deia.eus\/anasagasti\/wp-json\/wp\/v2\/posts\/21686\/revisions"}],"predecessor-version":[{"id":21688,"href":"https:\/\/blogs.deia.eus\/anasagasti\/wp-json\/wp\/v2\/posts\/21686\/revisions\/21688"}],"wp:attachment":[{"href":"https:\/\/blogs.deia.eus\/anasagasti\/wp-json\/wp\/v2\/media?parent=21686"}],"wp:term":[{"taxonomy":"category","embeddable":true,"href":"https:\/\/blogs.deia.eus\/anasagasti\/wp-json\/wp\/v2\/categories?post=21686"},{"taxonomy":"post_tag","embeddable":true,"href":"https:\/\/blogs.deia.eus\/anasagasti\/wp-json\/wp\/v2\/tags?post=21686"}],"curies":[{"name":"wp","href":"https:\/\/api.w.org\/{rel}","templated":true}]}}