{"id":22124,"date":"2026-08-31T09:13:07","date_gmt":"2026-08-31T07:13:07","guid":{"rendered":"https:\/\/blogs.deia.eus\/anasagasti\/?p=22124"},"modified":"2026-08-31T09:13:07","modified_gmt":"2026-08-31T07:13:07","slug":"me-ha-llamado-la-atencion-las-ausencias","status":"publish","type":"post","link":"https:\/\/blogs.deia.eus\/anasagasti\/2026\/08\/31\/me-ha-llamado-la-atencion-las-ausencias\/","title":{"rendered":"ME HA LLAMADO LA ATENCI\u00d3N LAS AUSENCIAS"},"content":{"rendered":"\n<p class=\"wp-block-paragraph\"><strong>Lunes 31 de agosto de 2026<\/strong><\/p>\n\n\n<div class=\"wp-block-image\">\n<figure class=\"aligncenter size-large is-resized\"><a href=\"https:\/\/blogs.deia.eus\/anasagasti\/files\/2026\/08\/image-10.jpeg\"><img loading=\"lazy\" decoding=\"async\" width=\"940\" height=\"658\" src=\"https:\/\/blogs.deia.eus\/anasagasti\/files\/2026\/08\/image-10-940x658.jpeg\" alt=\"\" class=\"wp-image-22125\" style=\"aspect-ratio:1.4260651629072683;width:647px;height:auto\" srcset=\"https:\/\/blogs.deia.eus\/anasagasti\/files\/2026\/08\/image-10-940x658.jpeg 940w, https:\/\/blogs.deia.eus\/anasagasti\/files\/2026\/08\/image-10-580x406.jpeg 580w, https:\/\/blogs.deia.eus\/anasagasti\/files\/2026\/08\/image-10-767x537.jpeg 767w, https:\/\/blogs.deia.eus\/anasagasti\/files\/2026\/08\/image-10.jpeg 1138w\" sizes=\"auto, (max-width: 940px) 100vw, 940px\" \/><\/a><\/figure>\n<\/div>\n\n\n<p class=\"wp-block-paragraph\">Estoy siguiendo el impacto en la sociedad noruega ante el fallecimiento de su rey Harald V. Y es que la monarqu\u00eda en este pa\u00eds, que entrega cada a\u00f1o el Premio Nobel de la Paz, nada tiene que ver con los Borbones espa\u00f1oles. Fue un hito el discurso del rey Haakon VII, el 8 de abril de 1940, en el que rechaz\u00f3 a trav\u00e9s de la radio, las exigencias nazis de nombrar un gobierno colaboracionista con los alemanes. Aqu\u00ed cerca, Juan de Borb\u00f3n, abuelo de Felipe VI, se ofreci\u00f3 como soldado junto a los golpistas y Alfonso XIII se puso a las \u00f3rdenes de Franco. Son hechos que marcan.<\/p>\n\n\n\n<p class=\"wp-block-paragraph\">Como marc\u00f3 un estilo y una \u00e9poca y una ejemplaridad para el EAJ-PNV Juan de Ajuriaguerra que este mes hace 83 a\u00f1os que, como presidente del BBB, volvi\u00f3 desde Biarritz a la playa de Laredo, a seguir la suerte de los gudaris, sabiendo que su vida no val\u00eda ya nada. Solo por eso merece ser recordado cada a\u00f1o para mostrar a las nuevas generaciones que una militancia consecuente se basa en la ejemplaridad.<\/p>\n\n\n\n<p class=\"wp-block-paragraph\">Y ayer en San Felic\u00edsimo tuvimos una misa en su recuerdo. Lleva la Organizaci\u00f3n Municipal de Deusto gracia a Sim\u00f3n Bilbao, convocando cada a\u00f1o una eucarist\u00eda en su recuerdo. Y a ella se puede ir por militancia jelkide, por ser creyente o por cortes\u00eda pol\u00edtica hacia una referencia del EAJ-PNV, como se hace con otros actos, y hasta por un acto de militancia en tiempos en los que prima lo superficial.<\/p>\n\n\n\n<p class=\"wp-block-paragraph\">Estuvieron el presidente del EBB, Aitor Esteban y el del BBB, I\u00f1igo Ansola as\u00ed como el alcalde de Bilbao, Juan M. Aburto con los concejales del PNV, el ex Diputado General Josu Bergara, el ex secretario del EBB, Ricardo Ansotegi, Ainhoa, la presidenta&nbsp; de la Junta Municipal de Deusto, Ane Tamara, burukide del BBB, y afiliados de toda la vida como Eloy Unzalu, Xabier Manterola, Jon S\u00e1nchez \u2026Alrededor de unas 75 personas, m\u00e1s que el a\u00f1o pasado, reunidos &nbsp;en esta bella iglesia de los&nbsp; Pasionistas con un altar que cuenta con un conjunto escult\u00f3rico representando la \u00faltima cena, Judas Iscariote, con su bolsa incluida.<\/p>\n\n\n\n<p class=\"wp-block-paragraph\">La misa ha sido toda en euskera y a la salida nos hemos saludado, salvo alguno que ha salido escopeteado. Y al que le cuesta ser normal.<\/p>\n\n\n\n<p class=\"wp-block-paragraph\">He tenido la oportunidad de conocer al candidato del PNV al ayuntamiento de Bilbao Mikel Hidalgo que me ha parecido persona amable y cercana, virtudes no muy extendidas hoy en la pol\u00edtica.<\/p>\n\n\n\n<p class=\"wp-block-paragraph\">Y digo que me llama la atenci\u00f3n las ausencias pues en agosto de 1978 la capilla ardiente de Ajuriaguerra estuvo en la Diputaci\u00f3n de Bizkaia y el gent\u00edo que pas\u00f3 por all\u00ed fue de varios miles y sin embargo consideran los actuales dirigentes de la Diputaci\u00f3n que honrar a Ajuriaguerra no va con ellos, lo mismo que el Gobierno Vasco.<\/p>\n\n\n\n<p class=\"wp-block-paragraph\">Se me dir\u00e1 que era una misa y es verdad, pero luego ves a los ausentes en todos los saraos de la Aste Nagusia a selfi limpio, o celebr\u00e1ndolo todo sin olvidarnos de verlos en primera fila aplaudiendo al jefe. Lo de EGI est\u00e1 descontado. Bastante tienen con tener abierto y mantener Gogoregi.<\/p>\n\n\n\n<p class=\"wp-block-paragraph\">\u00bfQu\u00e9 cada cual puede hacer lo que quiera?. Es verdad, como yo opinar sobre esta anomal\u00eda pol\u00edtica, la de acudir a todo lo que tenga que ver con el ocio o actos tan obligatorios que cubren el cupo y no da ya m\u00e1s para honrar a un Ajuriaguerra que si no hubiera tenido la entrega que tuvo, no s\u00e9 d\u00f3nde hubiera estado hoy el PNV. Como en otra dimensi\u00f3n Haakon VII. La madurez y responsabilidad de las sociedades y los partidos se comprueba en la presencia, o no, en estos actos no obligatorios.<\/p>\n\n\n\n<p class=\"wp-block-paragraph\">Tambi\u00e9n es cierto que el BBB pod\u00eda haber tenido una mayor diligencia a la hora de anunciar este hecho. Para otros actos si la tiene. Ajuriaguerra fue presidente del BBB y desde all\u00ed ejerci\u00f3 un poder fundamental.<\/p>\n\n\n\n<p class=\"wp-block-paragraph\">En resumen. Que este recuerdo anual, ayer estuvo bien pues 48 a\u00f1os despu\u00e9s se mantiene la llama pero visto lo visto con evidente fecha de caducidad, ya que al parecer es a otros a quienes hay que honrar.<\/p>\n<!-- AddThis Advanced Settings generic via filter on the_content --><!-- AddThis Share Buttons generic via filter on the_content -->","protected":false},"excerpt":{"rendered":"<p>Lunes 31 de agosto de 2026 Estoy siguiendo el impacto en la sociedad noruega ante el fallecimiento de su rey Harald V. Y es que la monarqu\u00eda en este pa\u00eds, que entrega cada a\u00f1o el Premio Nobel de la Paz, nada tiene que ver con los Borbones espa\u00f1oles. Fue un hito el discurso del rey &hellip; <a href=\"https:\/\/blogs.deia.eus\/anasagasti\/2026\/08\/31\/me-ha-llamado-la-atencion-las-ausencias\/\" class=\"more-link\">Sigue leyendo <span class=\"screen-reader-text\">ME HA LLAMADO LA ATENCI\u00d3N LAS AUSENCIAS<\/span><\/a><!-- AddThis Advanced Settings generic via filter on get_the_excerpt --><!-- AddThis Share Buttons generic via filter on get_the_excerpt --><\/p>\n","protected":false},"author":19,"featured_media":0,"comment_status":"open","ping_status":"open","sticky":false,"template":"","format":"standard","meta":{"footnotes":""},"categories":[1],"tags":[],"class_list":["post-22124","post","type-post","status-publish","format-standard","hentry","category-general"],"_links":{"self":[{"href":"https:\/\/blogs.deia.eus\/anasagasti\/wp-json\/wp\/v2\/posts\/22124","targetHints":{"allow":["GET"]}}],"collection":[{"href":"https:\/\/blogs.deia.eus\/anasagasti\/wp-json\/wp\/v2\/posts"}],"about":[{"href":"https:\/\/blogs.deia.eus\/anasagasti\/wp-json\/wp\/v2\/types\/post"}],"author":[{"embeddable":true,"href":"https:\/\/blogs.deia.eus\/anasagasti\/wp-json\/wp\/v2\/users\/19"}],"replies":[{"embeddable":true,"href":"https:\/\/blogs.deia.eus\/anasagasti\/wp-json\/wp\/v2\/comments?post=22124"}],"version-history":[{"count":1,"href":"https:\/\/blogs.deia.eus\/anasagasti\/wp-json\/wp\/v2\/posts\/22124\/revisions"}],"predecessor-version":[{"id":22126,"href":"https:\/\/blogs.deia.eus\/anasagasti\/wp-json\/wp\/v2\/posts\/22124\/revisions\/22126"}],"wp:attachment":[{"href":"https:\/\/blogs.deia.eus\/anasagasti\/wp-json\/wp\/v2\/media?parent=22124"}],"wp:term":[{"taxonomy":"category","embeddable":true,"href":"https:\/\/blogs.deia.eus\/anasagasti\/wp-json\/wp\/v2\/categories?post=22124"},{"taxonomy":"post_tag","embeddable":true,"href":"https:\/\/blogs.deia.eus\/anasagasti\/wp-json\/wp\/v2\/tags?post=22124"}],"curies":[{"name":"wp","href":"https:\/\/api.w.org\/{rel}","templated":true}]}}