{"id":22127,"date":"2026-09-01T09:05:52","date_gmt":"2026-09-01T07:05:52","guid":{"rendered":"https:\/\/blogs.deia.eus\/anasagasti\/?p=22127"},"modified":"2026-09-01T09:05:52","modified_gmt":"2026-09-01T07:05:52","slug":"petroleo-y-democracia","status":"publish","type":"post","link":"https:\/\/blogs.deia.eus\/anasagasti\/2026\/09\/01\/petroleo-y-democracia\/","title":{"rendered":"PETR\u00d3LEO Y DEMOCRACIA"},"content":{"rendered":"\n<p class=\"wp-block-paragraph\"><strong>Martes 1 de septiembre de 2026<\/strong><\/p>\n\n\n<div class=\"wp-block-image\">\n<figure class=\"aligncenter size-full\"><a href=\"https:\/\/blogs.deia.eus\/anasagasti\/files\/2026\/09\/Petroleo-y-Trump-en-Venezuela.jpg\"><img loading=\"lazy\" decoding=\"async\" width=\"770\" height=\"380\" src=\"https:\/\/blogs.deia.eus\/anasagasti\/files\/2026\/09\/Petroleo-y-Trump-en-Venezuela.jpg\" alt=\"\" class=\"wp-image-22128\" srcset=\"https:\/\/blogs.deia.eus\/anasagasti\/files\/2026\/09\/Petroleo-y-Trump-en-Venezuela.jpg 770w, https:\/\/blogs.deia.eus\/anasagasti\/files\/2026\/09\/Petroleo-y-Trump-en-Venezuela-580x286.jpg 580w, https:\/\/blogs.deia.eus\/anasagasti\/files\/2026\/09\/Petroleo-y-Trump-en-Venezuela-768x379.jpg 768w\" sizes=\"auto, (max-width: 770px) 100vw, 770px\" \/><\/a><\/figure>\n<\/div>\n\n\n<p class=\"wp-block-paragraph\"><strong>C\u00e9sar P\u00e9rez Vivas<\/strong><\/p>\n\n\n\n<p class=\"wp-block-paragraph\">La opini\u00f3n p\u00fablica venezolana e internacional fue sacudida recientemente por un anuncio de enorme trascendencia: la celebraci\u00f3n de un convenio petrolero por un siglo de duraci\u00f3n entre la administraci\u00f3n del presidente de los Estados Unidos, Donald Trump, y el ilegal e ileg\u00edtimo gobierno de Venezuela. La velocidad con la que se difundi\u00f3 esta negociaci\u00f3n, sumada a la total opacidad que rodea sus t\u00e9rminos y alcances, enciende alarmas profundas en todos los sectores que aspiramos a un cambio real para nuestra patria.<\/p>\n\n\n\n<p class=\"wp-block-paragraph\">Es evidente que este anuncio se produce en el marco de la din\u00e1mica pol\u00edtica interna estadounidense. Entendemos la l\u00f3gica de una gesti\u00f3n que busca simpat\u00edas y apoyos del electorado norteamericano. Sin embargo, un acuerdo de esta magnitud e implicaciones temporales no puede pasar desapercibido para quienes vivimos, trabajamos y luchamos en Venezuela por un destino mejor.<\/p>\n\n\n\n<p class=\"wp-block-paragraph\">Vaya por delante una aclaraci\u00f3n indispensable: formamos parte de una sociedad que mayoritariamente respeta, admira y cultiva afecto por los Estados Unidos. No militamos en las filas del antinorteamericanismo ni promovemos discursos de repudio hacia nuestro vecino del norte.\u2019 Al contrario, como venezolanos que defendemos nuestra soberan\u00eda, aspiramos a ser socios y amigos confiables de esa gran naci\u00f3n.<\/p>\n\n\n\n<p class=\"wp-block-paragraph\">Pero toda sociedad s\u00f3lida requiere una base ineludible: la transparencia. Como dicta el refr\u00e1n popular, las cuentas claras conservan las amistades.<\/p>\n\n\n\n<p class=\"wp-block-paragraph\">Por eso resulta perturbador analizar el pacto suscrito, a espaldas de nuestra naci\u00f3n, entre Delcy Rodr\u00edguez y el presidente Trump. Estamos ante una alarmante asimetr\u00eda institucional: por un lado, firm\u00f3 un gobierno leg\u00edtimo, elegido democr\u00e1ticamente y sometido al control de un sistema de separaci\u00f3n de poderes. Por el otro, firm\u00f3 un r\u00e9gimen autoritario que usurpa funciones p\u00fablicas, desprovisto de legitimidad y sin ning\u00fan tipo de contrabalance o control interno. Esta grave anomal\u00eda genera, de entrada, una profunda desconfianza.<\/p>\n\n\n\n<p class=\"wp-block-paragraph\">Examinar este asunto requiere ir mucho m\u00e1s all\u00e1 de los elementos puramente econ\u00f3micos. Para Venezuela, el petr\u00f3leo ha sido \u2014y debe volver a ser\u2014 una herramienta fundamental para el desarrollo humano. Pero para que esa riqueza se traduzca en bienestar, es estrictamente necesario un Estado de derecho.<\/p>\n\n\n\n<p class=\"wp-block-paragraph\">A finales del siglo XX, con todas las imperfecciones de nuestra Rep\u00fablica civil, el pa\u00eds consolid\u00f3 una industria petrolera vigorosa que produc\u00eda 3,5 millones de barriles diarios. Fue precisamente la instauraci\u00f3n del modelo autoritario e ideologizado del chavismo lo que demoli\u00f3 las instituciones y, con ellas, a la propia PDVSA. Bajo ese esquema, el crudo dej\u00f3 de ser un negocio nacional para convertirse en un bot\u00edn de guerra asaltado por c\u00fapulas pol\u00edticas y militares, entregado adem\u00e1s como subsidio a la dictadura cubana o bajo condiciones leoninas al expansionismo chino.<\/p>\n\n\n\n<p class=\"wp-block-paragraph\">Nuestra pr\u00e9dica hist\u00f3rica por el bien com\u00fan y la justicia nos impide convalidar acuerdos nacidos en la sombra. Toda relaci\u00f3n internacional de largo plazo debe ser transparente y, sobre todo, adoptada por poderes p\u00fablicos leg\u00edtimos en Venezuela. Solo as\u00ed estos pactos gozar\u00e1n de la estabilidad y la utilidad real que demandan ambas naciones bajo un esquema de ganar-ganar.<\/p>\n\n\n\n<p class=\"wp-block-paragraph\">No caeremos en la tentaci\u00f3n del radicalismo est\u00e9ril que pregon\u00f3 el oficialismo durante a\u00f1os, pero tampoco perderemos la perspectiva de que somos una rep\u00fablica independiente con derecho a dirigir su propio destino.<\/p>\n\n\n\n<p class=\"wp-block-paragraph\">Petr\u00f3leo y democracia son las dos variables inseparables de una misma ecuaci\u00f3n. Es imperativo rescatar la libertad y el hilo constitucional en Venezuela para que nuestra energ\u00eda vuelva a ser una palanca de progreso interno, y a la vez, un suministro seguro, estable y confiable para nuestros socios en el hemisferio occidental, bajo los par\u00e1metros de una econom\u00eda de mercado.<\/p>\n\n\n\n<p class=\"wp-block-paragraph\">La sociedad democr\u00e1tica venezolana seguir\u00e1 luchando firmemente. Nuestro mensaje a la administraci\u00f3n estadounidense es claro: para nosotros, el rescate de la libertad es lo primero. Solo sobre esa base democr\u00e1tica podremos construir relaciones econ\u00f3micas duraderas, transparentes y justas que le devuelvan a nuestro pueblo la calidad de vida y el desarrollo que tanto merece.<\/p>\n<!-- AddThis Advanced Settings generic via filter on the_content --><!-- AddThis Share Buttons generic via filter on the_content -->","protected":false},"excerpt":{"rendered":"<p>Martes 1 de septiembre de 2026 C\u00e9sar P\u00e9rez Vivas La opini\u00f3n p\u00fablica venezolana e internacional fue sacudida recientemente por un anuncio de enorme trascendencia: la celebraci\u00f3n de un convenio petrolero por un siglo de duraci\u00f3n entre la administraci\u00f3n del presidente de los Estados Unidos, Donald Trump, y el ilegal e ileg\u00edtimo gobierno de Venezuela. La &hellip; <a href=\"https:\/\/blogs.deia.eus\/anasagasti\/2026\/09\/01\/petroleo-y-democracia\/\" class=\"more-link\">Sigue leyendo <span class=\"screen-reader-text\">PETR\u00d3LEO Y DEMOCRACIA<\/span><\/a><!-- AddThis Advanced Settings generic via filter on get_the_excerpt --><!-- AddThis Share Buttons generic via filter on get_the_excerpt --><\/p>\n","protected":false},"author":19,"featured_media":0,"comment_status":"open","ping_status":"open","sticky":false,"template":"","format":"standard","meta":{"footnotes":""},"categories":[1],"tags":[],"class_list":["post-22127","post","type-post","status-publish","format-standard","hentry","category-general"],"_links":{"self":[{"href":"https:\/\/blogs.deia.eus\/anasagasti\/wp-json\/wp\/v2\/posts\/22127","targetHints":{"allow":["GET"]}}],"collection":[{"href":"https:\/\/blogs.deia.eus\/anasagasti\/wp-json\/wp\/v2\/posts"}],"about":[{"href":"https:\/\/blogs.deia.eus\/anasagasti\/wp-json\/wp\/v2\/types\/post"}],"author":[{"embeddable":true,"href":"https:\/\/blogs.deia.eus\/anasagasti\/wp-json\/wp\/v2\/users\/19"}],"replies":[{"embeddable":true,"href":"https:\/\/blogs.deia.eus\/anasagasti\/wp-json\/wp\/v2\/comments?post=22127"}],"version-history":[{"count":1,"href":"https:\/\/blogs.deia.eus\/anasagasti\/wp-json\/wp\/v2\/posts\/22127\/revisions"}],"predecessor-version":[{"id":22129,"href":"https:\/\/blogs.deia.eus\/anasagasti\/wp-json\/wp\/v2\/posts\/22127\/revisions\/22129"}],"wp:attachment":[{"href":"https:\/\/blogs.deia.eus\/anasagasti\/wp-json\/wp\/v2\/media?parent=22127"}],"wp:term":[{"taxonomy":"category","embeddable":true,"href":"https:\/\/blogs.deia.eus\/anasagasti\/wp-json\/wp\/v2\/categories?post=22127"},{"taxonomy":"post_tag","embeddable":true,"href":"https:\/\/blogs.deia.eus\/anasagasti\/wp-json\/wp\/v2\/tags?post=22127"}],"curies":[{"name":"wp","href":"https:\/\/api.w.org\/{rel}","templated":true}]}}