{"id":22137,"date":"2026-09-04T08:26:20","date_gmt":"2026-09-04T06:26:20","guid":{"rendered":"https:\/\/blogs.deia.eus\/anasagasti\/?p=22137"},"modified":"2026-09-04T08:26:20","modified_gmt":"2026-09-04T06:26:20","slug":"al-periodico-bilbao-no-le-interesa-decir-quien-fue-lequerica","status":"publish","type":"post","link":"https:\/\/blogs.deia.eus\/anasagasti\/2026\/09\/04\/al-periodico-bilbao-no-le-interesa-decir-quien-fue-lequerica\/","title":{"rendered":"AL PERI\u00d3DICO BILBAO NO LE INTERESA DECIR QUIEN FUE LEQUERICA"},"content":{"rendered":"\n<p class=\"wp-block-paragraph\"><strong>Viernes 4 de septiembre de 2026<\/strong><\/p>\n\n\n<div class=\"wp-block-image\">\n<figure class=\"aligncenter size-large\"><a href=\"https:\/\/blogs.deia.eus\/anasagasti\/files\/2026\/09\/periodico-Bilbao-1.jpg\"><img loading=\"lazy\" decoding=\"async\" width=\"939\" height=\"575\" src=\"https:\/\/blogs.deia.eus\/anasagasti\/files\/2026\/09\/periodico-Bilbao-1-939x575.jpg\" alt=\"\" class=\"wp-image-22138\" srcset=\"https:\/\/blogs.deia.eus\/anasagasti\/files\/2026\/09\/periodico-Bilbao-1-939x575.jpg 939w, https:\/\/blogs.deia.eus\/anasagasti\/files\/2026\/09\/periodico-Bilbao-1-580x355.jpg 580w, https:\/\/blogs.deia.eus\/anasagasti\/files\/2026\/09\/periodico-Bilbao-1-768x470.jpg 768w, https:\/\/blogs.deia.eus\/anasagasti\/files\/2026\/09\/periodico-Bilbao-1.jpg 1024w\" sizes=\"auto, (max-width: 939px) 100vw, 939px\" \/><\/a><\/figure>\n<\/div>\n\n\n<p class=\"wp-block-paragraph\">La foto que acompa\u00f1a a este post corresponde al reportaje que el peri\u00f3dico BILBAO del mes de agosto dedica al cambio de nombre, o m\u00e1s bien, a la recuperaci\u00f3n &nbsp;del nombre popular que la plaza central de Bilbao a Plaza El\u00edptica, cambiada en 1937 por el alcalde franquista Jos\u00e9 Mar\u00eda de Areilza .Le puso con gran parafernalia el nombre de &nbsp;Federico Moyua, alcalde de la dictadura primoriverista, por tanto un alcalde que hizo y deshizo en una dictadura, y que las diferentes iniciativas que se hab\u00edan planteado fueron directamente al cubo de la basura.<\/p>\n\n\n\n<p class=\"wp-block-paragraph\">Se ha recuperado si pero hemos criticado que la recuperaci\u00f3n de un nombre popular no haya sido realizada de forma solemne como se hizo en 1980 con la Avenida Sabino Arana, cambiada en 1937 por el mismo alcalde Areilza por Jos\u00e9 Antonio Primo de Rivera. Y hemos mostrado nuestro malestar, por haber tardado tanto y por haberlo hecho de forma casi clandestina. El alcalde y una concejal. Eso no se hace as\u00ed.<\/p>\n\n\n\n<p class=\"wp-block-paragraph\">El peri\u00f3dico del ayuntamiento BILBAO &nbsp;con mucho retraso alaba la medida, sin contar todo este forcejeo, lo que no dice bien de quien hace el reportaje, que por cierto publica una fotograf\u00eda de mi amama con su hermano en dicha plaza El\u00edptica EN 1904, fotograf\u00eda que reposa en el Archivo Fotogr\u00e1fico del Ayuntamiento de Bilbao, QUE ES UN GRAN ARCHIVO.<\/p>\n\n\n\n<p class=\"wp-block-paragraph\">Viv\u00ed muy de cerca los trabajos de \u00c1ngel Ortiz Alfau, concejal socialista y gran unamuniano, para poner en marcha este peri\u00f3dico tan propio de Bilbao que aparentemente no tiene un director y hasta hace muy poco no ten\u00eda ni un correo al que dirigirse. Tambi\u00e9n he hablado de este medio con Mikel Ortiz de Arratia, quien fuera &nbsp;concejal de cultura y seguidor de este medio al que empuj\u00f3 en su d\u00eda.<\/p>\n\n\n\n<p class=\"wp-block-paragraph\">He contado m\u00e1s de una vez que en tiempos de Xabier Arzalluz creamos una l\u00ednea editora de libros titulada \u201cLa Fascinaci\u00f3n del Pesebre, vascos traidores a su pueblo cuyas pr\u00e9dicas en tiempo de guerra y post guerra ocasionaron muchos muertos republicanos y nacionalistas vascos.<\/p>\n\n\n\n<p class=\"wp-block-paragraph\">Con Erkoreka sacamos a la luz las biograf\u00edas de Jos\u00e9 Mar\u00eda de Areilza y de Manuel Aznar con pr\u00f3logo de Xabier Arzalluz. El tercero lo \u00edbamos a dedicar a &nbsp;Jos\u00e9 F\u00e9lix de Lequerica, una mala persona que tras Areilza y Hurtado de Saracho, en plena org\u00eda de sangre y fuego, fue alcalde de Bilbao antes de ir de embajador a la Francia ocupada en Vichy. All\u00ed como embajador de Franco dirigi\u00f3 las operaciones para secuestrar a republicanos y nacionalistas exiliados en Francia. Con el polic\u00eda Urraca entreg\u00f3 al president catal\u00e1n Companys para ser fusilado, lo mismo que al ministro Zugazagoitia y ten\u00eda entre sus metas hacer lo mismo con el Lehendakari Agirre. Fue condecorado por ello. A \u00e9ste&nbsp; miserable \u00bfC\u00f3mo se le puede dejar impune?.<\/p>\n\n\n\n<p class=\"wp-block-paragraph\">Un ultra que depur\u00f3 de funcionarios no afectos al r\u00e9gimen de fuerza del ayuntamiento de Bilbao &nbsp;y por tanto un alcalde cruel y terrible de la dictadura de Franco al que curiosamente la catedr\u00e1tica de Deusto homenaje\u00f3 con un libro cuyo t\u00edtulo habla del blanqueamiento que quiso hacer de un fascista. \u201dLos Diplom\u00e1ticos de Franco. Temple y tenacidad\u201d. La descripci\u00f3n habla de su contenido. Lo poco acad\u00e9mico fue que la Universidad de Deusto le editara semejante hagiograf\u00eda.<\/p>\n\n\n\n<p class=\"wp-block-paragraph\">Pues bien.<\/p>\n\n\n\n<p class=\"wp-block-paragraph\">Erkoreka y yo no pudimos trabajar en la biograf\u00eda de Lequerica que \u00edbamos a titular \u201cHeil Lequerica\u201d y este buen trabajo lo hizo el historiador Jos\u00e9e Ignacio Salazar con el sugestivo t\u00edtulo de \u201cLequerica. De Bilbao a Nueva York pasando por Vichy\u201d. Lo edit\u00f3 Pamiela y lo present\u00f3 &nbsp;en la Feria del Libro &nbsp;de Bilbao como Salazar me inform\u00f3 previamente. Ante el hecho le avis\u00e9 al concejal Asier Abaunza que me contest\u00f3, cort\u00e9smente, diciendo: \u201dEskerrik asko I\u00f1aki. Me lo apunto. A las 12:00h tenemos lectura interrumpida en el Arriaga que monta el Euskaltegi Gabriel Aresti. Avisar\u00e9 al peri\u00f3dico BILBAO\u201d.<\/p>\n\n\n\n<p class=\"wp-block-paragraph\">Se lo agradec\u00ed. Mostr\u00f3 inter\u00e9s y buena voluntad pero el resultado ha sido la nada. Ni entrevista a Salazar, ni dedicarle portada y dos p\u00e1ginas habida cuenta que fue un alcalde, ni nada de nada. De hecho la secci\u00f3n de libros rese\u00f1a autores de mil sitios, pero apenas nada de vascos y menos de bilbainos. Y si el peri\u00f3dico se llama BILBAO otra deber\u00eda ser su sensibilidad.<\/p>\n\n\n\n<p class=\"wp-block-paragraph\">Dos n\u00fameros despu\u00e9s y este peri\u00f3dico no considera de&nbsp; inter\u00e9s hablar de un alcalde de Bilbao, tan nefasto ni del autor del libro Jos\u00e9 Ignacio Salazar y nos tenemos que conformar con las loas publicadas a un fascista pret a porter en BILBAO por Mar\u00eda Jes\u00fas Cava.<\/p>\n\n\n\n<p class=\"wp-block-paragraph\">\u00bfA Alguien le extra\u00f1a que hayan tardado 11 a\u00f1os en cambiar a Moyua?.<\/p>\n\n\n\n<p class=\"wp-block-paragraph\">\u00bfSe imaginan algo parecido en Berl\u00edn o en Roma?.<\/p>\n\n\n\n<p class=\"wp-block-paragraph\">No, verdad. Pues en BILBAO, s\u00ed.<\/p>\n\n\n<div class=\"wp-block-image\">\n<figure class=\"aligncenter size-full is-resized\"><a href=\"https:\/\/blogs.deia.eus\/anasagasti\/files\/2026\/09\/Lequerica_De-bilbao-a-Nueva-York_.jpg\"><img loading=\"lazy\" decoding=\"async\" width=\"722\" height=\"1000\" src=\"https:\/\/blogs.deia.eus\/anasagasti\/files\/2026\/09\/Lequerica_De-bilbao-a-Nueva-York_.jpg\" alt=\"\" class=\"wp-image-22139\" style=\"aspect-ratio:0.7222946544980443;width:554px;height:auto\" srcset=\"https:\/\/blogs.deia.eus\/anasagasti\/files\/2026\/09\/Lequerica_De-bilbao-a-Nueva-York_.jpg 722w, https:\/\/blogs.deia.eus\/anasagasti\/files\/2026\/09\/Lequerica_De-bilbao-a-Nueva-York_-580x803.jpg 580w\" sizes=\"auto, (max-width: 722px) 100vw, 722px\" \/><\/a><\/figure>\n<\/div><!-- AddThis Advanced Settings generic via filter on the_content --><!-- AddThis Share Buttons generic via filter on the_content -->","protected":false},"excerpt":{"rendered":"<p>Viernes 4 de septiembre de 2026 La foto que acompa\u00f1a a este post corresponde al reportaje que el peri\u00f3dico BILBAO del mes de agosto dedica al cambio de nombre, o m\u00e1s bien, a la recuperaci\u00f3n &nbsp;del nombre popular que la plaza central de Bilbao a Plaza El\u00edptica, cambiada en 1937 por el alcalde franquista Jos\u00e9 &hellip; <a href=\"https:\/\/blogs.deia.eus\/anasagasti\/2026\/09\/04\/al-periodico-bilbao-no-le-interesa-decir-quien-fue-lequerica\/\" class=\"more-link\">Sigue leyendo <span class=\"screen-reader-text\">AL PERI\u00d3DICO BILBAO NO LE INTERESA DECIR QUIEN FUE LEQUERICA<\/span><\/a><!-- AddThis Advanced Settings generic via filter on get_the_excerpt --><!-- AddThis Share Buttons generic via filter on get_the_excerpt --><\/p>\n","protected":false},"author":19,"featured_media":0,"comment_status":"open","ping_status":"open","sticky":false,"template":"","format":"standard","meta":{"footnotes":""},"categories":[1],"tags":[],"class_list":["post-22137","post","type-post","status-publish","format-standard","hentry","category-general"],"_links":{"self":[{"href":"https:\/\/blogs.deia.eus\/anasagasti\/wp-json\/wp\/v2\/posts\/22137","targetHints":{"allow":["GET"]}}],"collection":[{"href":"https:\/\/blogs.deia.eus\/anasagasti\/wp-json\/wp\/v2\/posts"}],"about":[{"href":"https:\/\/blogs.deia.eus\/anasagasti\/wp-json\/wp\/v2\/types\/post"}],"author":[{"embeddable":true,"href":"https:\/\/blogs.deia.eus\/anasagasti\/wp-json\/wp\/v2\/users\/19"}],"replies":[{"embeddable":true,"href":"https:\/\/blogs.deia.eus\/anasagasti\/wp-json\/wp\/v2\/comments?post=22137"}],"version-history":[{"count":1,"href":"https:\/\/blogs.deia.eus\/anasagasti\/wp-json\/wp\/v2\/posts\/22137\/revisions"}],"predecessor-version":[{"id":22140,"href":"https:\/\/blogs.deia.eus\/anasagasti\/wp-json\/wp\/v2\/posts\/22137\/revisions\/22140"}],"wp:attachment":[{"href":"https:\/\/blogs.deia.eus\/anasagasti\/wp-json\/wp\/v2\/media?parent=22137"}],"wp:term":[{"taxonomy":"category","embeddable":true,"href":"https:\/\/blogs.deia.eus\/anasagasti\/wp-json\/wp\/v2\/categories?post=22137"},{"taxonomy":"post_tag","embeddable":true,"href":"https:\/\/blogs.deia.eus\/anasagasti\/wp-json\/wp\/v2\/tags?post=22137"}],"curies":[{"name":"wp","href":"https:\/\/api.w.org\/{rel}","templated":true}]}}