{"id":22141,"date":"2026-09-05T09:54:49","date_gmt":"2026-09-05T07:54:49","guid":{"rendered":"https:\/\/blogs.deia.eus\/anasagasti\/?p=22141"},"modified":"2026-09-05T09:54:50","modified_gmt":"2026-09-05T07:54:50","slug":"fallece-juan-mari-feliu-referente-del-montanismo-y-militante-del-pnv-y-de-ea","status":"publish","type":"post","link":"https:\/\/blogs.deia.eus\/anasagasti\/2026\/09\/05\/fallece-juan-mari-feliu-referente-del-montanismo-y-militante-del-pnv-y-de-ea\/","title":{"rendered":"FALLECE JUAN MARI FELIU REFERENTE DEL MONTA\u00d1ISMO Y MILITANTE DEL PNV Y DE EA"},"content":{"rendered":"\n<p class=\"wp-block-paragraph\"><strong>S\u00e1bado 5 de septiembre de 2026<\/strong><\/p>\n\n\n\n<p class=\"wp-block-paragraph\">Ha fallecido Juan Mari Feliu, un referente del monta\u00f1ismo y del nacionalismo vasco en Navarra.<\/p>\n\n\n\n<p class=\"wp-block-paragraph\">Le conoc\u00ed en Donibane Lohitzun donde estaba refugiado y siempre pendiente de Don Manuel de Irujo cuando \u00e9ste bajaba de Paris y se alojaba en el hotel Euskalduna de San Juan de luz.<\/p>\n\n\n\n<p class=\"wp-block-paragraph\">Escritor y pol\u00edtico, impuls\u00f3 el senderismo y fue detenido por colocar una ikurri\u00f1a en los Andes, iniciativa que Alberto Elosegi recogi\u00f3 en la revista clandestina Gudari.<\/p>\n\n\n\n<p class=\"wp-block-paragraph\">Koldo San Sebastian, amigo personal, me manda asimismo esta nota: \u201c\u00bfPor qu\u00e9 no dice nadie que fue militante del EAJ-PNV hasta 1984?.\u00a0 Que, siendo militante,\u00a0 colg\u00f3 una ikurri\u00f1a en Dos Hermanas como \u00abanuncio\u00bb del Aberri Eguna de Iru\u00f1ea (las fotos se publicaron en \u00abGudari\u00bb). Que se refugi\u00f3 \u00a0en Iparralde donde trabaj\u00f3, junto a Gorka Aguirre, en la imprenta \u00a0Mugalde, primero, y el Axular, m\u00e1s tarde. Que organiz\u00f3 el paso de los llaveros que hicist\u00e9is en Venezuela con motivo del 40 aniversario de primer Gobierno Vasco. Las que llegaron a Navarra las pas\u00f3 por monte Juan Mari. Ven\u00edan en unos paquetes bolsas de papel duro.<\/p>\n\n\n<div class=\"wp-block-image\">\n<figure class=\"aligncenter size-large\"><a href=\"https:\/\/blogs.deia.eus\/anasagasti\/files\/2026\/09\/Juan-Mari-Feliu_1.jpg\"><img loading=\"lazy\" decoding=\"async\" width=\"939\" height=\"528\" src=\"https:\/\/blogs.deia.eus\/anasagasti\/files\/2026\/09\/Juan-Mari-Feliu_1-939x528.jpg\" alt=\"\" class=\"wp-image-22142\" srcset=\"https:\/\/blogs.deia.eus\/anasagasti\/files\/2026\/09\/Juan-Mari-Feliu_1-939x528.jpg 939w, https:\/\/blogs.deia.eus\/anasagasti\/files\/2026\/09\/Juan-Mari-Feliu_1-580x326.jpg 580w, https:\/\/blogs.deia.eus\/anasagasti\/files\/2026\/09\/Juan-Mari-Feliu_1-768x432.jpg 768w, https:\/\/blogs.deia.eus\/anasagasti\/files\/2026\/09\/Juan-Mari-Feliu_1.jpg 1200w\" sizes=\"auto, (max-width: 939px) 100vw, 939px\" \/><\/a><\/figure>\n<\/div>\n\n\n<p class=\"wp-block-paragraph\"><strong>Presentacion del libro Pirineos de Juan Mari Feliu en 2023.\u00a0Patxi Cascante<\/strong><\/p>\n\n\n\n<p class=\"wp-block-paragraph\"><strong>Juan Mari Feliu Dord&nbsp;<\/strong>(Pamplona, 1942) ha fallecido dejando una larga trayectoria vinculada a la&nbsp;<a href=\"https:\/\/www.noticiasdenavarra.com\/deportes\/montanismo\/\"><strong>monta\u00f1a<\/strong><\/a><strong>, el senderismo y la divulgaci\u00f3n<\/strong>. Pionero del monta\u00f1ismo navarro moderno, desarroll\u00f3 una notable actividad en&nbsp;<strong>escalada, alta monta\u00f1a, espeleolog\u00eda y esqu\u00ed n\u00f3rdico<\/strong>, al tiempo que ejerci\u00f3 como escritor, articulista y dirigente federativo.<\/p>\n\n\n\n<p class=\"wp-block-paragraph\">Su afici\u00f3n por la monta\u00f1a comenz\u00f3 en la adolescencia, en&nbsp;<strong>Oberena<\/strong>, de la mano de su hermano mayor. Posteriormente se incorpor\u00f3 al&nbsp;<strong>Club Deportivo Navarra<\/strong>&nbsp;y particip\u00f3 en actividades de escalada, espeleolog\u00eda y monta\u00f1ismo.<\/p>\n\n\n\n<p class=\"wp-block-paragraph\">En&nbsp;<strong>1966<\/strong>&nbsp;form\u00f3 parte del equipo de punta de la&nbsp;<strong>expedici\u00f3n internacional a la sima de San Mart\u00edn<\/strong>, en Larra-Belagua, que alcanz\u00f3 entonces el&nbsp;<strong>r\u00e9cord mundial de profundidad<\/strong>. Un a\u00f1o despu\u00e9s particip\u00f3 en la&nbsp;<strong>expedici\u00f3n vasco-navarra a los Andes peruanos<\/strong>, que logr\u00f3 ascender varias cumbres v\u00edrgenes, entre ellas el&nbsp;<strong>Ayucuraju y el Atunraju<\/strong>.<\/p>\n\n\n\n<p class=\"wp-block-paragraph\">Aquella expedici\u00f3n marc\u00f3 tambi\u00e9n su trayectoria pol\u00edtica. Feliu llev\u00f3 consigo una&nbsp;<strong>peque\u00f1a ikurri\u00f1a<\/strong>, cuya fotograf\u00eda en la monta\u00f1a provoc\u00f3 su procesamiento y posterior encarcelamiento durante el franquismo.<\/p>\n\n\n\n<p class=\"wp-block-paragraph\"><strong>Impulsor del senderismo en Navarra<\/strong><\/p>\n\n\n\n<p class=\"wp-block-paragraph\">Feliu desempe\u00f1\u00f3 un papel destacado en la&nbsp;<strong>promoci\u00f3n y organizaci\u00f3n del senderismo en Navarra<\/strong>. Durante los a\u00f1os que residi\u00f3 en&nbsp;<strong>Iparralde<\/strong>&nbsp;conoci\u00f3 esta modalidad y, posteriormente, contribuy\u00f3 a extenderla y estructurarla en Navarra, as\u00ed como a impulsar las redes de&nbsp;<strong>senderos de peque\u00f1o y gran recorrido<\/strong>.<\/p>\n\n\n\n<p class=\"wp-block-paragraph\">Fue presidente de la&nbsp;<strong>Federaci\u00f3n Navarra de Monta\u00f1ismo<\/strong>&nbsp;en dos etapas, entre&nbsp;<strong>1985 y 1989<\/strong>&nbsp;y entre&nbsp;<strong>1998 y 2001<\/strong>, y ocup\u00f3 la vicepresidencia entre&nbsp;<strong>1990 y 1997<\/strong>.<\/p>\n\n\n<div class=\"wp-block-image\">\n<figure class=\"aligncenter size-full\"><a href=\"https:\/\/blogs.deia.eus\/anasagasti\/files\/2026\/09\/Juan-Mari-Feliu_2.jpg\"><img loading=\"lazy\" decoding=\"async\" width=\"880\" height=\"495\" src=\"https:\/\/blogs.deia.eus\/anasagasti\/files\/2026\/09\/Juan-Mari-Feliu_2.jpg\" alt=\"\" class=\"wp-image-22143\" style=\"aspect-ratio:1.779874213836478\" srcset=\"https:\/\/blogs.deia.eus\/anasagasti\/files\/2026\/09\/Juan-Mari-Feliu_2.jpg 880w, https:\/\/blogs.deia.eus\/anasagasti\/files\/2026\/09\/Juan-Mari-Feliu_2-580x326.jpg 580w, https:\/\/blogs.deia.eus\/anasagasti\/files\/2026\/09\/Juan-Mari-Feliu_2-768x432.jpg 768w\" sizes=\"auto, (max-width: 880px) 100vw, 880px\" \/><\/a><\/figure>\n<\/div>\n\n\n<p class=\"wp-block-paragraph\"><a href=\"https:\/\/www.noticiasdenavarra.com\/actualidad\/2021\/12\/17\/juan-mari-feliu-montana-he-2103775.html\"><\/a><a href=\"https:\/\/www.noticiasdenavarra.com\/actualidad\/2021\/12\/17\/juan-mari-feliu-montana-he-2103775.html\"><\/a><strong><a href=\"https:\/\/www.noticiasdenavarra.com\/actualidad\/2021\/12\/17\/juan-mari-feliu-montana-he-2103775.html\">Juan Mari Feli\u00fa: \u00abEn la monta\u00f1a he aprendido perdi\u00e9ndome\u00bb<\/a><\/strong><\/p>\n\n\n\n<p class=\"wp-block-paragraph\">Carlos Tamargo<\/p>\n\n\n\n<p class=\"wp-block-paragraph\">Tambi\u00e9n desarroll\u00f3 responsabilidades relacionadas con el senderismo en la&nbsp;<strong>Federaci\u00f3n Espa\u00f1ola de Deportes de Monta\u00f1a y Escalada<\/strong>, de la que fue director de Senderismo entre&nbsp;<strong>1992 y 2005<\/strong>. Entre los proyectos en los que particip\u00f3 estuvo el desarrollo del&nbsp;<strong>GR-11<\/strong>, la gran ruta pirenaica que une el Cant\u00e1brico con el Mediterr\u00e1neo.<\/p>\n\n\n\n<p class=\"wp-block-paragraph\">Asimismo, colabor\u00f3 con los departamentos de&nbsp;<strong>Cultura y Deporte, Medio Ambiente y Turismo del Gobierno de Navarra<\/strong>, as\u00ed como con distintas entidades locales, en el desarrollo del senderismo. Tambi\u00e9n coordin\u00f3 las&nbsp;<strong>federaciones de monta\u00f1a de ambos lados de los Pirineos entre 1987 y 2004<\/strong>.<\/p>\n\n\n\n<p class=\"wp-block-paragraph\">Entre&nbsp;<strong>2004 y 2011<\/strong>&nbsp;fue vicepresidente de la&nbsp;<strong>European Ramblers Association<\/strong>.<\/p>\n\n\n\n<p class=\"wp-block-paragraph\"><strong>M\u00e1s de 40 libros sobre monta\u00f1a<\/strong><\/p>\n\n\n\n<p class=\"wp-block-paragraph\">La&nbsp;<strong>escritura y la divulgaci\u00f3n<\/strong>&nbsp;fueron otras de sus grandes aportaciones. Desde&nbsp;<strong>1963<\/strong>, cuando inici\u00f3 la p\u00e1gina semanal&nbsp;<em>Jueves de Monta\u00f1a<\/em>&nbsp;en&nbsp;<em>Diario de Navarra<\/em>, contribuy\u00f3 a la difusi\u00f3n del monta\u00f1ismo mediante numerosos libros y publicaciones peri\u00f3dicas, especialmente&nbsp;<strong>gu\u00edas y topogu\u00edas<\/strong>.<\/p>\n\n\n\n<p class=\"wp-block-paragraph\">Entre sus obras figuran&nbsp;<em>Gu\u00eda de Montes de Navarra<\/em>,&nbsp;<em>Rutas por las fortalezas del Reino de Navarra<\/em>&nbsp;y&nbsp;<em>Los Pirineos, una frontera con amargas historias<\/em>. En total public\u00f3&nbsp;<strong>m\u00e1s de 40 libros relacionados con la monta\u00f1a<\/strong>, adem\u00e1s de art\u00edculos y otros trabajos de divulgaci\u00f3n.<\/p>\n\n\n\n<p class=\"wp-block-paragraph\">La&nbsp;<em>Gu\u00eda de Montes de Navarra<\/em>, publicada por primera vez en&nbsp;<strong>1996<\/strong>, se convirti\u00f3 en una referencia para los monta\u00f1eros navarros. En sucesivas ediciones ampli\u00f3 y actualiz\u00f3 sus recorridos hasta reunir&nbsp;<strong>231 rutas y 522 cimas<\/strong>.<\/p>\n\n\n\n<p class=\"wp-block-paragraph\">Tambi\u00e9n se ocup\u00f3 de otros aspectos del territorio, como los&nbsp;<strong>pueblos abandonados o poco conocidos<\/strong>. En&nbsp;<em>Excursiones por los pueblos perdidos de Navarra<\/em>&nbsp;recorri\u00f3 estos n\u00facleos, los fotografi\u00f3 y document\u00f3 sus caracter\u00edsticas.<\/p>\n\n\n\n<p class=\"wp-block-paragraph\">Feliu fue adem\u00e1s director de la revista&nbsp;<em>Caminar<\/em>&nbsp;entre&nbsp;<strong>2004 y 2010<\/strong>&nbsp;y particip\u00f3 en otras publicaciones especializadas, como&nbsp;<em>Senderismo y Naturaleza<\/em>, de \u00e1mbito estatal.<\/p>\n\n\n\n<p class=\"wp-block-paragraph\"><strong>Una vida dedicada a conservar la memoria de la monta\u00f1a<\/strong><\/p>\n\n\n\n<p class=\"wp-block-paragraph\">Feliu reuni\u00f3 durante d\u00e9cadas una importante&nbsp;<strong>colecci\u00f3n de fotograf\u00edas, libros, documentos y objetos relacionados con el monta\u00f1ismo<\/strong>. Parte de este fondo fue depositado en el&nbsp;<strong>Archivo Contempor\u00e1neo de Navarra<\/strong>&nbsp;y form\u00f3 parte de la exposici\u00f3n&nbsp;<em>M\u00e1s all\u00e1 de la cumbre<\/em>, dedicada a la historia del monta\u00f1ismo navarro.<\/p>\n\n\n\n<p class=\"wp-block-paragraph\">En&nbsp;<strong>junio de 2019<\/strong>&nbsp;realiz\u00f3 una primera donaci\u00f3n al Archivo Contempor\u00e1neo de Navarra, compuesta principalmente por&nbsp;<strong>libros, fotograf\u00edas y documentos de car\u00e1cter pol\u00edtico<\/strong>. El fondo se complet\u00f3 posteriormente en otras dos fases: una en&nbsp;<strong>diciembre de 2020<\/strong>, con libros y publicaciones, y otra durante el&nbsp;<strong>primer semestre de 2021<\/strong>, con documentos y materiales gr\u00e1ficos relacionados con el monta\u00f1ismo.<\/p>\n\n\n<div class=\"wp-block-image\">\n<figure class=\"aligncenter size-full\"><a href=\"https:\/\/blogs.deia.eus\/anasagasti\/files\/2026\/09\/Juan-Mari-Feliu_3.jpg\"><img loading=\"lazy\" decoding=\"async\" width=\"880\" height=\"495\" src=\"https:\/\/blogs.deia.eus\/anasagasti\/files\/2026\/09\/Juan-Mari-Feliu_3.jpg\" alt=\"\" class=\"wp-image-22144\" style=\"aspect-ratio:1.77602523659306\" srcset=\"https:\/\/blogs.deia.eus\/anasagasti\/files\/2026\/09\/Juan-Mari-Feliu_3.jpg 880w, https:\/\/blogs.deia.eus\/anasagasti\/files\/2026\/09\/Juan-Mari-Feliu_3-580x326.jpg 580w, https:\/\/blogs.deia.eus\/anasagasti\/files\/2026\/09\/Juan-Mari-Feliu_3-768x432.jpg 768w\" sizes=\"auto, (max-width: 880px) 100vw, 880px\" \/><\/a><\/figure>\n<\/div>\n\n\n<p class=\"wp-block-paragraph\"><a href=\"https:\/\/www.noticiasdenavarra.com\/actualidad\/2021\/10\/03\/pese-carcel-siento-satisfecho-haber-2117387.html\"><\/a><a href=\"https:\/\/www.noticiasdenavarra.com\/actualidad\/2021\/10\/03\/pese-carcel-siento-satisfecho-haber-2117387.html\"><\/a><strong><a href=\"https:\/\/www.noticiasdenavarra.com\/actualidad\/2021\/10\/03\/pese-carcel-siento-satisfecho-haber-2117387.html\">\u00abPese a la c\u00e1rcel, me siento muy satisfecho de haber participado en la lucha contra la dictadura\u00bb<\/a><\/strong><\/p>\n\n\n\n<p class=\"wp-block-paragraph\"><a href=\"https:\/\/www.noticiasdenavarra.com\/autores\/jesus-barcos.html\">Jes\u00fas Barcos<\/a><\/p>\n\n\n\n<p class=\"wp-block-paragraph\">Su inter\u00e9s por conservar esta documentaci\u00f3n reflejaba otra de sus facetas: adem\u00e1s de practicar y divulgar la monta\u00f1a, quiso&nbsp;<strong>preservar la memoria de quienes la hab\u00edan recorrido antes<\/strong>. Sus libros, art\u00edculos y colecciones contribuyeron as\u00ed a documentar la evoluci\u00f3n del monta\u00f1ismo y del senderismo en Navarra.<\/p>\n\n\n\n<p class=\"wp-block-paragraph\"><strong>Del PNV a EA y Bildu<\/strong><\/p>\n\n\n\n<p class=\"wp-block-paragraph\">Su trayectoria estuvo tambi\u00e9n vinculada a la&nbsp;<strong>actividad pol\u00edtica y al compromiso antifranquista<\/strong>. Fue miembro de&nbsp;<strong>Eusko Basterra<\/strong>, rama juvenil de la Asociaci\u00f3n Bascongada de Amigos del Pa\u00eds, de la direcci\u00f3n de&nbsp;<strong>EGI<\/strong>, las juventudes del PNV, y del&nbsp;<strong>Napar Buru Batzar del PNV<\/strong>, organizaci\u00f3n en la que permaneci\u00f3 en la clandestinidad desde&nbsp;<strong>1965<\/strong>.<\/p>\n\n\n\n<p class=\"wp-block-paragraph\">Exiliado en&nbsp;<strong>Lapurdi<\/strong>, fund\u00f3 junto a otros compa\u00f1eros las librer\u00edas-imprenta&nbsp;<strong>Mugalde y Axular<\/strong>. Tras establecerse en&nbsp;<strong>Huarte en 1977<\/strong>, desarroll\u00f3 tambi\u00e9n una trayectoria pol\u00edtica municipal y fue concejal de este Ayuntamiento por el&nbsp;<strong>PNV, EA y, posteriormente, EH Bildu<\/strong>.<\/p>\n\n\n\n<p class=\"wp-block-paragraph\">Su actividad pol\u00edtica estuvo ligada asimismo a su compromiso con la&nbsp;<strong>cultura vasca<\/strong>. El episodio de la ikurri\u00f1a en los Andes y su posterior encarcelamiento fue uno de los cap\u00edtulos m\u00e1s conocidos de aquella trayectoria, que \u00e9l mismo relat\u00f3 en su autobiograf\u00eda&nbsp;<em>Mi vida, entre la monta\u00f1a y la causa vasca<\/em>.<\/p>\n\n\n\n<p class=\"wp-block-paragraph\">La figura de&nbsp;<strong>Juan Mari Feliu<\/strong>&nbsp;queda as\u00ed ligada a varios \u00e1mbitos que desarroll\u00f3 durante d\u00e9cadas: las&nbsp;<strong>expediciones y la pr\u00e1ctica del monta\u00f1ismo<\/strong>, el impulso del&nbsp;<strong>senderismo<\/strong>, la&nbsp;<strong>escritura y divulgaci\u00f3n<\/strong>&nbsp;sobre las monta\u00f1as y la conservaci\u00f3n de la&nbsp;<strong>memoria del monta\u00f1ismo navarro<\/strong>.<\/p>\n<!-- AddThis Advanced Settings generic via filter on the_content --><!-- AddThis Share Buttons generic via filter on the_content -->","protected":false},"excerpt":{"rendered":"<p>S\u00e1bado 5 de septiembre de 2026 Ha fallecido Juan Mari Feliu, un referente del monta\u00f1ismo y del nacionalismo vasco en Navarra. Le conoc\u00ed en Donibane Lohitzun donde estaba refugiado y siempre pendiente de Don Manuel de Irujo cuando \u00e9ste bajaba de Paris y se alojaba en el hotel Euskalduna de San Juan de luz. Escritor &hellip; <a href=\"https:\/\/blogs.deia.eus\/anasagasti\/2026\/09\/05\/fallece-juan-mari-feliu-referente-del-montanismo-y-militante-del-pnv-y-de-ea\/\" class=\"more-link\">Sigue leyendo <span class=\"screen-reader-text\">FALLECE JUAN MARI FELIU REFERENTE DEL MONTA\u00d1ISMO Y MILITANTE DEL PNV Y DE EA<\/span><\/a><!-- AddThis Advanced Settings generic via filter on get_the_excerpt --><!-- AddThis Share Buttons generic via filter on get_the_excerpt --><\/p>\n","protected":false},"author":19,"featured_media":0,"comment_status":"open","ping_status":"open","sticky":false,"template":"","format":"standard","meta":{"footnotes":""},"categories":[1],"tags":[],"class_list":["post-22141","post","type-post","status-publish","format-standard","hentry","category-general"],"_links":{"self":[{"href":"https:\/\/blogs.deia.eus\/anasagasti\/wp-json\/wp\/v2\/posts\/22141","targetHints":{"allow":["GET"]}}],"collection":[{"href":"https:\/\/blogs.deia.eus\/anasagasti\/wp-json\/wp\/v2\/posts"}],"about":[{"href":"https:\/\/blogs.deia.eus\/anasagasti\/wp-json\/wp\/v2\/types\/post"}],"author":[{"embeddable":true,"href":"https:\/\/blogs.deia.eus\/anasagasti\/wp-json\/wp\/v2\/users\/19"}],"replies":[{"embeddable":true,"href":"https:\/\/blogs.deia.eus\/anasagasti\/wp-json\/wp\/v2\/comments?post=22141"}],"version-history":[{"count":1,"href":"https:\/\/blogs.deia.eus\/anasagasti\/wp-json\/wp\/v2\/posts\/22141\/revisions"}],"predecessor-version":[{"id":22145,"href":"https:\/\/blogs.deia.eus\/anasagasti\/wp-json\/wp\/v2\/posts\/22141\/revisions\/22145"}],"wp:attachment":[{"href":"https:\/\/blogs.deia.eus\/anasagasti\/wp-json\/wp\/v2\/media?parent=22141"}],"wp:term":[{"taxonomy":"category","embeddable":true,"href":"https:\/\/blogs.deia.eus\/anasagasti\/wp-json\/wp\/v2\/categories?post=22141"},{"taxonomy":"post_tag","embeddable":true,"href":"https:\/\/blogs.deia.eus\/anasagasti\/wp-json\/wp\/v2\/tags?post=22141"}],"curies":[{"name":"wp","href":"https:\/\/api.w.org\/{rel}","templated":true}]}}