{"id":4350,"date":"2013-07-15T22:02:33","date_gmt":"2013-07-15T20:02:33","guid":{"rendered":"http:\/\/blogs.deia.com\/anasagasti\/?p=4350"},"modified":"2013-07-15T22:02:33","modified_gmt":"2013-07-15T20:02:33","slug":"que-va-a-pasar-con-rajoy","status":"publish","type":"post","link":"https:\/\/blogs.deia.eus\/anasagasti\/2013\/07\/15\/que-va-a-pasar-con-rajoy\/","title":{"rendered":"\u00bfQu\u00e9 va a pasar con Rajoy?"},"content":{"rendered":"<p><b>Lunes 15 de julio de 2013<\/b><b><\/b><\/p>\n<p><a href=\"http:\/\/blogs.deia.com\/anasagasti\/files\/2013\/07\/830.13.jpg\"><img loading=\"lazy\" decoding=\"async\" class=\"alignleft size-thumbnail wp-image-4351\" alt=\"830.13\" src=\"http:\/\/blogs.deia.com\/anasagasti\/files\/2013\/07\/830.13-150x150.jpg\" width=\"150\" height=\"150\" srcset=\"https:\/\/blogs.deia.eus\/anasagasti\/files\/2013\/07\/830.13-150x150.jpg 150w, https:\/\/blogs.deia.eus\/anasagasti\/files\/2013\/07\/830.13.jpg 422w\" sizes=\"auto, (max-width: 150px) 100vw, 150px\" \/><\/a>Me preguntan lo que creo va a pasar tras las informaciones de El Mundo involucrando a Maria\u00adno Rajoy en la protecci\u00f3n a B\u00e1rcenas y con unos sms comprometedores. En Estados Unidos algo as\u00ed hubiera movido al impechment del presidente. Clinton se salv\u00f3 por la campana y Nixon tuvo que dimitir. Pero Espa\u00f1a es diferente. En Estados Unidos no se tolera la mentira. Aqu\u00ed se vive en ella. Por eso creo que no va a pasar nada. Absolutamente nada. Otra cosa es que Rajoy no hubiera tenido mayor\u00eda absoluta. Pero la tiene. Y sabe que no la va a tener en el futuro y que lo que no haga ahora no lo har\u00e1 nunca.<\/p>\n<p>\u00bfQu\u00e9 pas\u00f3 con algo tan grave como el 23-F?.\u00a0 Pues nada. \u00a0\u00bfQu\u00e9 pas\u00f3 tras los cr\u00edmenes del Gal?\u00a0 Nada. \u00a0Absolutamente nada. \u00a0\u00bfQu\u00e9 pas\u00f3 tras las dimisiones de Mariano Rubio, Lu\u00eds Rold\u00e1n, Antoni Asun\u00adci\u00f3n?\u00a0 Nada. \u00a0Absolutamente nada. \u00a0\u00bfQu\u00e9 pas\u00f3 tras la explosi\u00f3n de la crisis y el presidente dijo que le gustaba contar nubes?. Nada. \u00a0Absolutamente nada. \u00a0\u00bfQu\u00e9 pasar\u00e1 ahora tras la crisis de Bankia, las Cajas de Ahorro, el timo de las preferentes? \u00a0Pues creo que nada, absolutamente nada.<\/p>\n<p>Se\u00f1ores. Espa\u00f1a es diferente.<\/p>\n<!-- AddThis Advanced Settings generic via filter on the_content --><!-- AddThis Share Buttons generic via filter on the_content -->","protected":false},"excerpt":{"rendered":"<p>Lunes 15 de julio de 2013 Me preguntan lo que creo va a pasar tras las informaciones de El Mundo involucrando a Maria\u00adno Rajoy en la protecci\u00f3n a B\u00e1rcenas y con unos sms comprometedores. En Estados Unidos algo as\u00ed hubiera movido al impechment del presidente. Clinton se salv\u00f3 por la campana y Nixon tuvo que &hellip; <a href=\"https:\/\/blogs.deia.eus\/anasagasti\/2013\/07\/15\/que-va-a-pasar-con-rajoy\/\" class=\"more-link\">Sigue leyendo <span class=\"screen-reader-text\">\u00bfQu\u00e9 va a pasar con Rajoy?<\/span><\/a><!-- AddThis Advanced Settings generic via filter on get_the_excerpt --><!-- AddThis Share Buttons generic via filter on get_the_excerpt --><\/p>\n","protected":false},"author":19,"featured_media":0,"comment_status":"open","ping_status":"open","sticky":false,"template":"","format":"standard","meta":{"footnotes":""},"categories":[1],"tags":[],"class_list":["post-4350","post","type-post","status-publish","format-standard","hentry","category-general"],"_links":{"self":[{"href":"https:\/\/blogs.deia.eus\/anasagasti\/wp-json\/wp\/v2\/posts\/4350","targetHints":{"allow":["GET"]}}],"collection":[{"href":"https:\/\/blogs.deia.eus\/anasagasti\/wp-json\/wp\/v2\/posts"}],"about":[{"href":"https:\/\/blogs.deia.eus\/anasagasti\/wp-json\/wp\/v2\/types\/post"}],"author":[{"embeddable":true,"href":"https:\/\/blogs.deia.eus\/anasagasti\/wp-json\/wp\/v2\/users\/19"}],"replies":[{"embeddable":true,"href":"https:\/\/blogs.deia.eus\/anasagasti\/wp-json\/wp\/v2\/comments?post=4350"}],"version-history":[{"count":2,"href":"https:\/\/blogs.deia.eus\/anasagasti\/wp-json\/wp\/v2\/posts\/4350\/revisions"}],"predecessor-version":[{"id":4353,"href":"https:\/\/blogs.deia.eus\/anasagasti\/wp-json\/wp\/v2\/posts\/4350\/revisions\/4353"}],"wp:attachment":[{"href":"https:\/\/blogs.deia.eus\/anasagasti\/wp-json\/wp\/v2\/media?parent=4350"}],"wp:term":[{"taxonomy":"category","embeddable":true,"href":"https:\/\/blogs.deia.eus\/anasagasti\/wp-json\/wp\/v2\/categories?post=4350"},{"taxonomy":"post_tag","embeddable":true,"href":"https:\/\/blogs.deia.eus\/anasagasti\/wp-json\/wp\/v2\/tags?post=4350"}],"curies":[{"name":"wp","href":"https:\/\/api.w.org\/{rel}","templated":true}]}}