{"id":4354,"date":"2013-07-16T21:31:34","date_gmt":"2013-07-16T19:31:34","guid":{"rendered":"http:\/\/blogs.deia.com\/anasagasti\/?p=4354"},"modified":"2013-07-16T21:31:34","modified_gmt":"2013-07-16T19:31:34","slug":"el-ministro-de-defensa-dice-que-no-va-a-vender-ningun-cuartel-en-euzkadi-y-por-tanto-seguira-ondeando-la-bandera-espanola-en-todos-ellos","status":"publish","type":"post","link":"https:\/\/blogs.deia.eus\/anasagasti\/2013\/07\/16\/el-ministro-de-defensa-dice-que-no-va-a-vender-ningun-cuartel-en-euzkadi-y-por-tanto-seguira-ondeando-la-bandera-espanola-en-todos-ellos\/","title":{"rendered":"El Ministro de Defensa dice que no va a vender ning\u00fan cuartel en Euzkadi, y por tanto seguir\u00e1 ondeando la bandera espa\u00f1ola en todos ellos"},"content":{"rendered":"<p><b>Martes 16 de julio de 2013<\/b><\/p>\n<p><a href=\"http:\/\/blogs.deia.com\/anasagasti\/files\/2013\/07\/819.19.jpg\"><img loading=\"lazy\" decoding=\"async\" class=\"alignleft size-thumbnail wp-image-4355\" alt=\"819.19\" src=\"http:\/\/blogs.deia.com\/anasagasti\/files\/2013\/07\/819.19-150x150.jpg\" width=\"150\" height=\"150\" \/><\/a>El se\u00f1or PRESIDENTE: Pregunta para el se\u00f1or ministro de Defensa. Pregunta de don I\u00f1aki Anasagasti. Tiene la palabra su se\u00f1or\u00eda.<\/p>\n<p>El se\u00f1or ANASAGASTI OLABEAGA: Gracias, se\u00f1or presidente.<\/p>\n<p>Venimos en son de paz. Se\u00f1or ministro, sabemos que usted ha hecho una propuesta de racionalizaci\u00f3n y de utilizaci\u00f3n eficiente del patrimonio inmobiliario del Ministerio de Defensa; ustedes dicen que es fruto de siglos de historia, que son 1046 instalaciones correspondientes a 1714 propiedades adscritas a diferentes organismos.<\/p>\n<p>Seg\u00fan ustedes buscan la optimizaci\u00f3n del uso de infraestructuras con un plan de racionalizaci\u00f3n del patrimonio p\u00fablico estatal, y esto se enmarca en la iniciativa de las reformas puestas en marcha por el Ministerio de Defensa y por el Gobierno del que forma usted parte y para satisfacer necesidades operativas, pero ustedes no han dado nombres, a pesar de que el otro d\u00eda compareci\u00f3 el secretario de Estado en la Comisi\u00f3n de Defensa.<\/p>\n<p>Por eso nuestra pregunta es muy concreta: queremos saber si el Gobierno piensa abordar la venta del patrimonio militar que tienen en la Comunidad Aut\u00f3noma del Pa\u00eds Vasco.<\/p>\n<p>Muchas gracias, se\u00f1or presidente.<\/p>\n<p>El se\u00f1or PRESIDENTE: Muchas gracias, se\u00f1or\u00eda.<\/p>\n<p>Tiene la palabra el se\u00f1or ministro.<\/p>\n<p>El se\u00f1or MINISTRO DE DEFENSA (Moren\u00e9s Eulate): Gracias, se\u00f1or presidente. Gracias, se\u00f1or\u00eda.<\/p>\n<p>Como seguro conoce y desde hace varios a\u00f1os se est\u00e1 llevando a cabo una pol\u00edtica de racionalizaci\u00f3n y reducci\u00f3n de las infraestructuras dependientes del ministerio en todo el territorio nacional, incluyendo, por supuesto, el Pa\u00eds Vasco.<\/p>\n<p>Dentro de ese proceso y hasta la fecha el Instituto de la Vivienda, Infraestructura y Equipamiento de la Defensa ha procedido a la enajenaci\u00f3n de 371 propiedades en diversas ciudades y localidades del Pa\u00eds Vasco. En la actualidad solo hay diez propiedades que en su momento fueran declaradas de no inter\u00e9s para la defensa y que est\u00e1n a disposici\u00f3n del instituto que le he citado para su enajenaci\u00f3n, correspondiendo ocho de ellas a la provincia de Guip\u00fazcoa y las dos restantes a \u00c1lava y a Vizcaya. El resto de las propiedades, instalaciones y acuartelamientos sitos en la Comunidad Aut\u00f3noma del Pa\u00eds Vasco contin\u00faa siendo de pleno inter\u00e9s para la defensa, por lo que no se contemplan m\u00e1s enajenaciones y declaraciones de no utilidad en esa comunidad.<\/p>\n<p>Gracias, se\u00f1or presidente.<\/p>\n<p>El se\u00f1or PRESIDENTE: Muchas gracias, se\u00f1or ministro.<\/p>\n<p>Tiene la palabra el senador Anasagasti.<\/p>\n<p>El se\u00f1or ANASAGASTI OLABEAGA: Gracias, se\u00f1or presidente.<\/p>\n<p>Se\u00f1or\u00eda, usted se reserva la mejor parte de la repuesta para la r\u00e9plica. Esto, indudablemente, es una deformaci\u00f3n del parlamentarismo porque te\u00f3ricamente tenemos que controlar al Gobierno pero si no dan una respuesta concreta y clara ante una pregunta, c\u00f3mo vamos a hacerlo. Ojal\u00e1 que en la reforma del Senado esto se contemple, que no se har\u00e1, y que el parlamentario pudiera tener la \u00faltima palabra en un debate de este tipo por lo que le pido una respuesta concreta. Usted me ha dicho que son diez propiedades han sido declaradas de no inter\u00e9s pero seg\u00fan nuestra informaci\u00f3n solamente en Asturias y en el Pa\u00eds Vasco no se va a proceder en estos momentos a ning\u00fan tipo de venta de algo que valga la pena..<\/p>\n<p>En concreto Sr. Ministro. Quisi\u00e9ramos saber si el cuartel de Loiola o el cuartel de Araka o hasta el de Mungia van a tener alg\u00fan tipo de oferta en esa pol\u00edtica de racionalizaci\u00f3n que han anunciado porque es que adem\u00e1s hoy en d\u00eda se est\u00e1n reestructurando todos los ej\u00e9rcitos en el mundo y en particular en toda Europa, adapt\u00e1ndola a un a un tipo de defensa mucho m\u00e1s tecnificada y profesional y no basada en el n\u00famero sino en las nuevas tecnolog\u00edas ; indudablemente, a San Sebasti\u00e1n o a Vitoria les vendr\u00eda francamente bien tener espacio para planes de expansi\u00f3n y por todo esto nos gustar\u00eda saber si forma parte de sus planes la posibilidad de que el cuartel de Loiola, Araka o Mungia pudieran pasar a ser parte de las ciudades de las que forman parte como testigos mudos de la historia pero sin servir hoy absolutamente para nada sino para decirnos que ah\u00ed hay un Cuartel del Ej\u00e9rcito espa\u00f1ol.<\/p>\n<p>La respuesta es opaca y oscurantista. \u00bfA d\u00f3nde vas?. Manzanas traigo., aunque estoy convencido que de lo planteado nada de nada. Buenos son ustedes. Una respuesta mucho m\u00e1s concreta fue la del ministro Bono, que dijo aquello de que mientras \u00e9l fuera ministro de Defensa la bandera espa\u00f1ola estar\u00eda y ondear\u00eda en un cuartel del Pa\u00eds Vasco. Pues bien, creemos que ese tipo de planteamientos son decimon\u00f3nicos, desfasados y propios de mentalidades quietas en el tiempo y nos gustar\u00eda que fueran mucho m\u00e1s modernos y ajustados a la realidad, y sobre todo, mucho m\u00e1s democr\u00e1ticos.<\/p>\n<p>Muchas gracias, se\u00f1or presidente.<\/p>\n<p>El se\u00f1or PRESIDENTE: Muchas gracias, se\u00f1or\u00eda.<\/p>\n<p>Tiene la palabra el se\u00f1or ministro.<\/p>\n<p>El se\u00f1or MINISTRO DE DEFENSA (Moren\u00e9s Eulate): Gracias, se\u00f1or presidente.<\/p>\n<p>Se\u00f1or\u00eda, usted tambi\u00e9n se ha reservado para la segunda parte lo que quer\u00eda preguntar, que era el tema de Loyola y de algunos sitios de Vitoria. Ni Loyola, ni Mungu\u00eda ni lo que tenemos ahora en Vitoria, que est\u00e1 adscrito a Defensa, est\u00e1 dentro del plan, y no lo est\u00e1, como algunos otros sitios del territorio nacional, por necesidades de la defensa nacional.<\/p>\n<p>Las 10 que le he dicho en el Pa\u00eds Vasco, que ya est\u00e1n fuera del inter\u00e9s de la defensa, y que no est\u00e1n dentro del plan, son las que nos proponemos poner en el mercado para atender a las necesidades de la defensa. Pero le repito que en el Pa\u00eds Vasco, como en cualquier otro sitio de Espa\u00f1a, nosotros dise\u00f1amos la defensa por el inter\u00e9s general de la seguridad de Espa\u00f1a y de todos los espa\u00f1oles, y yo creo que es muy importante que usted conozca que tanto Mungu\u00eda como Loyola o Araka est\u00e1n en estos momentos en plena utilizaci\u00f3n y forman parte de la estructura militar que va a seguir en el Pa\u00eds Vasco.<\/p>\n<p>Muchas gracias. (Aplausos.)<\/p>\n<p>El se\u00f1or PRESIDENTE: Muchas gracias, se\u00f1or ministro.<\/p>\n<table width=\"100%\" border=\"1\" cellspacing=\"0\" cellpadding=\"0\">\n<tbody>\n<tr>\n<td valign=\"top\"><\/td>\n<\/tr>\n<\/tbody>\n<\/table>\n<p>&nbsp;<\/p>\n<p>&nbsp;<\/p>\n<!-- AddThis Advanced Settings generic via filter on the_content --><!-- AddThis Share Buttons generic via filter on the_content -->","protected":false},"excerpt":{"rendered":"<p>Martes 16 de julio de 2013 El se\u00f1or PRESIDENTE: Pregunta para el se\u00f1or ministro de Defensa. Pregunta de don I\u00f1aki Anasagasti. Tiene la palabra su se\u00f1or\u00eda. El se\u00f1or ANASAGASTI OLABEAGA: Gracias, se\u00f1or presidente. Venimos en son de paz. Se\u00f1or ministro, sabemos que usted ha hecho una propuesta de racionalizaci\u00f3n y de utilizaci\u00f3n eficiente del patrimonio &hellip; <a href=\"https:\/\/blogs.deia.eus\/anasagasti\/2013\/07\/16\/el-ministro-de-defensa-dice-que-no-va-a-vender-ningun-cuartel-en-euzkadi-y-por-tanto-seguira-ondeando-la-bandera-espanola-en-todos-ellos\/\" class=\"more-link\">Sigue leyendo <span class=\"screen-reader-text\">El Ministro de Defensa dice que no va a vender ning\u00fan cuartel en Euzkadi, y por tanto seguir\u00e1 ondeando la bandera espa\u00f1ola en todos ellos<\/span><\/a><!-- AddThis Advanced Settings generic via filter on get_the_excerpt --><!-- AddThis Share Buttons generic via filter on get_the_excerpt --><\/p>\n","protected":false},"author":19,"featured_media":0,"comment_status":"open","ping_status":"open","sticky":false,"template":"","format":"standard","meta":{"footnotes":""},"categories":[1],"tags":[],"class_list":["post-4354","post","type-post","status-publish","format-standard","hentry","category-general"],"_links":{"self":[{"href":"https:\/\/blogs.deia.eus\/anasagasti\/wp-json\/wp\/v2\/posts\/4354","targetHints":{"allow":["GET"]}}],"collection":[{"href":"https:\/\/blogs.deia.eus\/anasagasti\/wp-json\/wp\/v2\/posts"}],"about":[{"href":"https:\/\/blogs.deia.eus\/anasagasti\/wp-json\/wp\/v2\/types\/post"}],"author":[{"embeddable":true,"href":"https:\/\/blogs.deia.eus\/anasagasti\/wp-json\/wp\/v2\/users\/19"}],"replies":[{"embeddable":true,"href":"https:\/\/blogs.deia.eus\/anasagasti\/wp-json\/wp\/v2\/comments?post=4354"}],"version-history":[{"count":2,"href":"https:\/\/blogs.deia.eus\/anasagasti\/wp-json\/wp\/v2\/posts\/4354\/revisions"}],"predecessor-version":[{"id":4357,"href":"https:\/\/blogs.deia.eus\/anasagasti\/wp-json\/wp\/v2\/posts\/4354\/revisions\/4357"}],"wp:attachment":[{"href":"https:\/\/blogs.deia.eus\/anasagasti\/wp-json\/wp\/v2\/media?parent=4354"}],"wp:term":[{"taxonomy":"category","embeddable":true,"href":"https:\/\/blogs.deia.eus\/anasagasti\/wp-json\/wp\/v2\/categories?post=4354"},{"taxonomy":"post_tag","embeddable":true,"href":"https:\/\/blogs.deia.eus\/anasagasti\/wp-json\/wp\/v2\/tags?post=4354"}],"curies":[{"name":"wp","href":"https:\/\/api.w.org\/{rel}","templated":true}]}}