{"id":4358,"date":"2013-07-17T15:03:14","date_gmt":"2013-07-17T13:03:14","guid":{"rendered":"http:\/\/blogs.deia.com\/anasagasti\/?p=4358"},"modified":"2013-07-17T15:03:14","modified_gmt":"2013-07-17T13:03:14","slug":"a-joaquin-almunia-le-quitaria-el-carnet-del-athletic-y-el-consulado-de-bilbao","status":"publish","type":"post","link":"https:\/\/blogs.deia.eus\/anasagasti\/2013\/07\/17\/a-joaquin-almunia-le-quitaria-el-carnet-del-athletic-y-el-consulado-de-bilbao\/","title":{"rendered":"A Joaqu\u00edn Almunia le quitar\u00eda el carnet del Athletic y el Consulado de Bilbao"},"content":{"rendered":"<p><b>Mi\u00e9rcoles 17 de julio de 2013<\/b><\/p>\n<p><a href=\"http:\/\/blogs.deia.com\/anasagasti\/files\/2013\/07\/842.13.jpg\"><img loading=\"lazy\" decoding=\"async\" class=\"alignleft size-thumbnail wp-image-4359\" alt=\"842.13\" src=\"http:\/\/blogs.deia.com\/anasagasti\/files\/2013\/07\/842.13-150x150.jpg\" width=\"150\" height=\"150\" \/><\/a>Bueno. Ya est\u00e1. El comisario Almunia, bilba\u00edno, C\u00f3nsul de Bilbao por decisi\u00f3n de su Ayuntamiento y socio del Athletic se ha lucido una vez m\u00e1s. Ha dejado tirados, sobre todo, a los trabajadores de los astilleros vascos y no vascos.<\/p>\n<p>No me creo haya hecho todo lo que estaba en su mano. No lo creo. Coincid\u00ed con \u00e9l muchos a\u00f1os como portavoz. Nunca se moj\u00f3 en nada. Lo mismo que ahora.<\/p>\n<p>Yo, ante tama\u00f1o roto, le quitar\u00eda simb\u00f3licamente el carnet del Athletic y el del Consulado de Bilbao. \u00bfPara qu\u00e9 hace falta tener gente as\u00ed con semejantes carnets fardando de ellos y no haciendo nada por los suyos?<\/p>\n<p>Yo le pagar\u00eda con la misma moneda. Y si protestaba le dir\u00eda que ese es el margen de maniobra que tenemos.<\/p>\n<!-- AddThis Advanced Settings generic via filter on the_content --><!-- AddThis Share Buttons generic via filter on the_content -->","protected":false},"excerpt":{"rendered":"<p>Mi\u00e9rcoles 17 de julio de 2013 Bueno. Ya est\u00e1. El comisario Almunia, bilba\u00edno, C\u00f3nsul de Bilbao por decisi\u00f3n de su Ayuntamiento y socio del Athletic se ha lucido una vez m\u00e1s. Ha dejado tirados, sobre todo, a los trabajadores de los astilleros vascos y no vascos. No me creo haya hecho todo lo que estaba &hellip; <a href=\"https:\/\/blogs.deia.eus\/anasagasti\/2013\/07\/17\/a-joaquin-almunia-le-quitaria-el-carnet-del-athletic-y-el-consulado-de-bilbao\/\" class=\"more-link\">Sigue leyendo <span class=\"screen-reader-text\">A Joaqu\u00edn Almunia le quitar\u00eda el carnet del Athletic y el Consulado de Bilbao<\/span><\/a><!-- AddThis Advanced Settings generic via filter on get_the_excerpt --><!-- AddThis Share Buttons generic via filter on get_the_excerpt --><\/p>\n","protected":false},"author":19,"featured_media":0,"comment_status":"open","ping_status":"open","sticky":false,"template":"","format":"standard","meta":{"footnotes":""},"categories":[1],"tags":[],"class_list":["post-4358","post","type-post","status-publish","format-standard","hentry","category-general"],"_links":{"self":[{"href":"https:\/\/blogs.deia.eus\/anasagasti\/wp-json\/wp\/v2\/posts\/4358","targetHints":{"allow":["GET"]}}],"collection":[{"href":"https:\/\/blogs.deia.eus\/anasagasti\/wp-json\/wp\/v2\/posts"}],"about":[{"href":"https:\/\/blogs.deia.eus\/anasagasti\/wp-json\/wp\/v2\/types\/post"}],"author":[{"embeddable":true,"href":"https:\/\/blogs.deia.eus\/anasagasti\/wp-json\/wp\/v2\/users\/19"}],"replies":[{"embeddable":true,"href":"https:\/\/blogs.deia.eus\/anasagasti\/wp-json\/wp\/v2\/comments?post=4358"}],"version-history":[{"count":2,"href":"https:\/\/blogs.deia.eus\/anasagasti\/wp-json\/wp\/v2\/posts\/4358\/revisions"}],"predecessor-version":[{"id":4361,"href":"https:\/\/blogs.deia.eus\/anasagasti\/wp-json\/wp\/v2\/posts\/4358\/revisions\/4361"}],"wp:attachment":[{"href":"https:\/\/blogs.deia.eus\/anasagasti\/wp-json\/wp\/v2\/media?parent=4358"}],"wp:term":[{"taxonomy":"category","embeddable":true,"href":"https:\/\/blogs.deia.eus\/anasagasti\/wp-json\/wp\/v2\/categories?post=4358"},{"taxonomy":"post_tag","embeddable":true,"href":"https:\/\/blogs.deia.eus\/anasagasti\/wp-json\/wp\/v2\/tags?post=4358"}],"curies":[{"name":"wp","href":"https:\/\/api.w.org\/{rel}","templated":true}]}}