{"id":4363,"date":"2013-07-18T22:09:25","date_gmt":"2013-07-18T20:09:25","guid":{"rendered":"http:\/\/blogs.deia.com\/anasagasti\/?p=4363"},"modified":"2013-07-18T22:09:25","modified_gmt":"2013-07-18T20:09:25","slug":"deseo-la-muerte-de-bolinaga","status":"publish","type":"post","link":"https:\/\/blogs.deia.eus\/anasagasti\/2013\/07\/18\/deseo-la-muerte-de-bolinaga\/","title":{"rendered":"\u201cDeseo la muerte de Bolinaga\u201d"},"content":{"rendered":"<p><b>Jueves 18 de julio de 2013<\/b><\/p>\n<p><a href=\"http:\/\/blogs.deia.com\/anasagasti\/files\/2013\/07\/837.13.jpg\"><img loading=\"lazy\" decoding=\"async\" class=\"alignleft size-thumbnail wp-image-4364\" alt=\"837.13\" src=\"http:\/\/blogs.deia.com\/anasagasti\/files\/2013\/07\/837.13-150x150.jpg\" width=\"150\" height=\"150\" \/><\/a>Hay v\u00edctimas del terrorismo que\u00a0 llevan su dolor a cuestas y no\u00a0 lo exhiben. Hay otras que leg\u00edtimamente\u00a0 reivindican ciertas cuestiones que nunca se les otorgaron a las v\u00edctimas del franquismo, tan v\u00edctimas como ellas y sobre todo m\u00e1s numerosas. Y hay otras que prefieren pasar p\u00e1gina y predicar el amor cristiano y sobre\u00a0 todo su perd\u00f3n. Tambi\u00e9n gentes, gigantes, como Mandela, que tras casi\u00a0 treinta a\u00f1os\u00a0 en la c\u00e1rcel y finalizado el Apartheid en lugar de incendiar Sud\u00e1frica y practicar la ley del tali\u00f3n del ojo por ojo y diente por diente, prefiri\u00f3 predicar la paz y la reconciliaci\u00f3n.\u00a0 Mandela pasar\u00e1 a la historia, pero no creo que las gentes que a todas horas supuran odio pasar\u00e1n a la historia de nada porque una cosa es la debida reparaci\u00f3n, el reconocimiento del da\u00f1o causado, y la condena de unos cr\u00edmenes execrables y otra muy distinta, utilizar el lenguaje del asesino.<\/p>\n<p>En la p\u00e1gina 14 de El Mundo del\u00a0 jueves 11 de\u00a0 junio aparec\u00eda una entrevista con Mari Mar Blanco, hermana de Miguel \u00c1ngel, con \u00e9ste\u00a0 sonoro t\u00edtulo: \u00abDeseo la muerte de Bolinaga\u00bb. Pues \u00a1qu\u00e9 bien!. Se habr\u00e1 quedado descansada la se\u00f1ora por utilizar la misma argumentaci\u00f3n que\u00a0 en su d\u00eda utiliz\u00f3 Bolinaga. Es la ley de\u00a0 la selva que para m\u00ed rechina por todas partes en una sociedad de\u00a0 valores\u00a0 cristianos. Sin embargo se predica el odio y la retaliaci\u00f3n.<\/p>\n<p>Imag\u00ednense si a la muerte de Franco todos los perseguidos por su sanguinario r\u00e9gimen hubieran dicho: \u00abDeseo la muerte de Su\u00e1rez, del rey, de\u00a0\u00a0 Fraga, de Mart\u00edn Villa, de Samaranch, de los guardias civiles, de la polic\u00eda, de&#8230; No hubiera habido transici\u00f3n y sin embargo esta se\u00f1ora su \u00fanico discurso actual es desear la muerte a un condenado a muerte por su c\u00e1ncer y con la muerte pintada en la cara, y, efectivamente, dese\u00e1ndole a Bolinaga lo mismo que\u00a0\u00a0 \u00e9ste hizo o trat\u00f3 de hacer.<\/p>\n<p>Mari Mar Blanco desea un final de\u00a0 vencedores y vencidos. Ella sabe\u00a0 que ETA est\u00e1 vencida y que toda su acci\u00f3n no solo ha sido un puro desprop\u00f3sito, sino un compendio de crueldades, excesos, salvajadas y comportamientos inhumanos. Bien. Lo sabemos. Pero ETA est\u00e1 en sus estertores. \u00bfQu\u00e9 desea esta se\u00f1ora con semejante lenguaje b\u00e9lico?. No lo entiendo.<\/p>\n<p>Que a uno le maten un hermano de la forma salvaje como lo hicieron es imperdonable, pero vivir en ese odio ineficaz puede ser una comprensible\u00a0 reacci\u00f3n humana, pero a m\u00ed me huele a otra cosa.<\/p>\n<p>Como miles yo estuve en Ermua, en la manifestaci\u00f3n de Bilbao y de Madrid, en actos p\u00fablicos, en la Plaza El\u00edptica de Bilbao, en el Parlamento pidiendo la liberaci\u00f3n de Miguel \u00c1ngel Blanco, el hermano de Mari Mar que tras su asesinato fue elegida como una especie de recordatorio permanente de lo que desgraciadamente pas\u00f3 a su hermano. Fue secretaria en el Senado, parlamentaria vasca, y ahora Presidenta de la Asociaci\u00f3n de V\u00edctimas. Y desde estas plataformas emite mensajes cargados de retaliaci\u00f3n. Puede ser comprensible y respetable pero para m\u00ed no es muy c\u00edvico ni ejemplar que 16 a\u00f1os despu\u00e9s de aquel cruel asesinato se use un lenguaje como el usado aquel infausto mes de julio. Sra. Blanco. El odio no construye nada.<\/p>\n<p>&nbsp;<\/p>\n<!-- AddThis Advanced Settings generic via filter on the_content --><!-- AddThis Share Buttons generic via filter on the_content -->","protected":false},"excerpt":{"rendered":"<p>Jueves 18 de julio de 2013 Hay v\u00edctimas del terrorismo que\u00a0 llevan su dolor a cuestas y no\u00a0 lo exhiben. Hay otras que leg\u00edtimamente\u00a0 reivindican ciertas cuestiones que nunca se les otorgaron a las v\u00edctimas del franquismo, tan v\u00edctimas como ellas y sobre todo m\u00e1s numerosas. Y hay otras que prefieren pasar p\u00e1gina y predicar &hellip; <a href=\"https:\/\/blogs.deia.eus\/anasagasti\/2013\/07\/18\/deseo-la-muerte-de-bolinaga\/\" class=\"more-link\">Sigue leyendo <span class=\"screen-reader-text\">\u201cDeseo la muerte de Bolinaga\u201d<\/span><\/a><!-- AddThis Advanced Settings generic via filter on get_the_excerpt --><!-- AddThis Share Buttons generic via filter on get_the_excerpt --><\/p>\n","protected":false},"author":19,"featured_media":0,"comment_status":"open","ping_status":"open","sticky":false,"template":"","format":"standard","meta":{"footnotes":""},"categories":[1],"tags":[],"class_list":["post-4363","post","type-post","status-publish","format-standard","hentry","category-general"],"_links":{"self":[{"href":"https:\/\/blogs.deia.eus\/anasagasti\/wp-json\/wp\/v2\/posts\/4363","targetHints":{"allow":["GET"]}}],"collection":[{"href":"https:\/\/blogs.deia.eus\/anasagasti\/wp-json\/wp\/v2\/posts"}],"about":[{"href":"https:\/\/blogs.deia.eus\/anasagasti\/wp-json\/wp\/v2\/types\/post"}],"author":[{"embeddable":true,"href":"https:\/\/blogs.deia.eus\/anasagasti\/wp-json\/wp\/v2\/users\/19"}],"replies":[{"embeddable":true,"href":"https:\/\/blogs.deia.eus\/anasagasti\/wp-json\/wp\/v2\/comments?post=4363"}],"version-history":[{"count":2,"href":"https:\/\/blogs.deia.eus\/anasagasti\/wp-json\/wp\/v2\/posts\/4363\/revisions"}],"predecessor-version":[{"id":4366,"href":"https:\/\/blogs.deia.eus\/anasagasti\/wp-json\/wp\/v2\/posts\/4363\/revisions\/4366"}],"wp:attachment":[{"href":"https:\/\/blogs.deia.eus\/anasagasti\/wp-json\/wp\/v2\/media?parent=4363"}],"wp:term":[{"taxonomy":"category","embeddable":true,"href":"https:\/\/blogs.deia.eus\/anasagasti\/wp-json\/wp\/v2\/categories?post=4363"},{"taxonomy":"post_tag","embeddable":true,"href":"https:\/\/blogs.deia.eus\/anasagasti\/wp-json\/wp\/v2\/tags?post=4363"}],"curies":[{"name":"wp","href":"https:\/\/api.w.org\/{rel}","templated":true}]}}