{"id":4367,"date":"2013-07-19T16:58:51","date_gmt":"2013-07-19T14:58:51","guid":{"rendered":"http:\/\/blogs.deia.com\/anasagasti\/?p=4367"},"modified":"2013-07-19T16:58:51","modified_gmt":"2013-07-19T14:58:51","slug":"el-ultimo-tango-de-salvador-allende","status":"publish","type":"post","link":"https:\/\/blogs.deia.eus\/anasagasti\/2013\/07\/19\/el-ultimo-tango-de-salvador-allende\/","title":{"rendered":"El \u00faltimo tango de Salvador Allende"},"content":{"rendered":"<p><b>Viernes 19 de julio de 2013<\/b><\/p>\n<p><a href=\"http:\/\/blogs.deia.com\/anasagasti\/files\/2013\/07\/467.13.jpg\"><img loading=\"lazy\" decoding=\"async\" class=\"alignleft size-thumbnail wp-image-4369\" alt=\"467.13\" src=\"http:\/\/blogs.deia.com\/anasagasti\/files\/2013\/07\/467.13-150x150.jpg\" width=\"150\" height=\"150\" \/><\/a>Sergio Romero es el embajador de Chile en Madrid. Le conoc\u00ed, cuando en Bilbao se organiz\u00f3 en 2005 el Foro Parlamentario Iberoamericano. Me habl\u00f3 de su educaci\u00f3n con un escolapio vasco que le marc\u00f3 y de sus amistades con los vascos de Chile. En su etapa de presidente del Senado logr\u00f3 que al Lehendakari Ibarretxe le colocaran en un lugar destacado en la toma de posesi\u00f3n de la presidenta Bachelet. Es un tipo de mundo e ir\u00f3nico.<\/p>\n<p>Le vi en Semana Santa en Zamora. Me recomend\u00f3 leyera este libro. \u00abTe va a gustar. Est\u00e1 bien escrito y presenta otro Salvador Allende, m\u00e1s humano\u00bb. Y lo compr\u00e9 y lo he le\u00eddo estos d\u00edas. Y es verdad. Gusta. Es un libro bien escrito y original.<\/p>\n<p>\u201cNinguno de los comandantes en jefe de las Fuerzas Armadas chilenas responde en su domicilio la ma\u00f1ana del 11 de septiembre de 1973. Todo indica que el golpe de Estado est\u00e1 en marcha. Salvador Allende se dirige al Palacio de La Moneda. Y Rufino, asistente personal del presidente, viejo compa\u00f1ero en un taller anarquista y gran amante del tango, afici\u00f3n que comparte con el mandatario, escribe en un cuaderno escolar la historia de la tragedia que se avecina.<\/p>\n<p>Muchos a\u00f1os despu\u00e9s, ya derrumbados los muros de la Guerra Fr\u00eda, el mismo cuaderno ve la luz cuando inesperadamente llega a las manos de David Kurtz, ex agente de la C\u00cdA, quien a trav\u00e9s de sus p\u00e1ginas ir\u00e1 descubriendo no solo la vida \u00edntima del presidente, sino tambi\u00e9n secretos inimaginables de su propio pasado.<\/p>\n<p>Con talento y maestr\u00eda, Roberto Ampuero nos entrega una novela apasionante sobre la lealtad y la traici\u00f3n, la honestidad y la impudicia, el amor y el desamor, el bien y el mal que anidan en el alma.<\/p>\n<p>&nbsp;<\/p>\n<!-- AddThis Advanced Settings generic via filter on the_content --><!-- AddThis Share Buttons generic via filter on the_content -->","protected":false},"excerpt":{"rendered":"<p>Viernes 19 de julio de 2013 Sergio Romero es el embajador de Chile en Madrid. Le conoc\u00ed, cuando en Bilbao se organiz\u00f3 en 2005 el Foro Parlamentario Iberoamericano. Me habl\u00f3 de su educaci\u00f3n con un escolapio vasco que le marc\u00f3 y de sus amistades con los vascos de Chile. En su etapa de presidente del &hellip; <a href=\"https:\/\/blogs.deia.eus\/anasagasti\/2013\/07\/19\/el-ultimo-tango-de-salvador-allende\/\" class=\"more-link\">Sigue leyendo <span class=\"screen-reader-text\">El \u00faltimo tango de Salvador Allende<\/span><\/a><!-- AddThis Advanced Settings generic via filter on get_the_excerpt --><!-- AddThis Share Buttons generic via filter on get_the_excerpt --><\/p>\n","protected":false},"author":19,"featured_media":0,"comment_status":"open","ping_status":"open","sticky":false,"template":"","format":"standard","meta":{"footnotes":""},"categories":[1],"tags":[],"class_list":["post-4367","post","type-post","status-publish","format-standard","hentry","category-general"],"_links":{"self":[{"href":"https:\/\/blogs.deia.eus\/anasagasti\/wp-json\/wp\/v2\/posts\/4367","targetHints":{"allow":["GET"]}}],"collection":[{"href":"https:\/\/blogs.deia.eus\/anasagasti\/wp-json\/wp\/v2\/posts"}],"about":[{"href":"https:\/\/blogs.deia.eus\/anasagasti\/wp-json\/wp\/v2\/types\/post"}],"author":[{"embeddable":true,"href":"https:\/\/blogs.deia.eus\/anasagasti\/wp-json\/wp\/v2\/users\/19"}],"replies":[{"embeddable":true,"href":"https:\/\/blogs.deia.eus\/anasagasti\/wp-json\/wp\/v2\/comments?post=4367"}],"version-history":[{"count":2,"href":"https:\/\/blogs.deia.eus\/anasagasti\/wp-json\/wp\/v2\/posts\/4367\/revisions"}],"predecessor-version":[{"id":4371,"href":"https:\/\/blogs.deia.eus\/anasagasti\/wp-json\/wp\/v2\/posts\/4367\/revisions\/4371"}],"wp:attachment":[{"href":"https:\/\/blogs.deia.eus\/anasagasti\/wp-json\/wp\/v2\/media?parent=4367"}],"wp:term":[{"taxonomy":"category","embeddable":true,"href":"https:\/\/blogs.deia.eus\/anasagasti\/wp-json\/wp\/v2\/categories?post=4367"},{"taxonomy":"post_tag","embeddable":true,"href":"https:\/\/blogs.deia.eus\/anasagasti\/wp-json\/wp\/v2\/tags?post=4367"}],"curies":[{"name":"wp","href":"https:\/\/api.w.org\/{rel}","templated":true}]}}