{"id":4372,"date":"2013-07-21T21:54:58","date_gmt":"2013-07-21T19:54:58","guid":{"rendered":"http:\/\/blogs.deia.com\/anasagasti\/?p=4372"},"modified":"2013-07-21T21:54:58","modified_gmt":"2013-07-21T19:54:58","slug":"que-sigan-insultando-a-los-catalanes","status":"publish","type":"post","link":"https:\/\/blogs.deia.eus\/anasagasti\/2013\/07\/21\/que-sigan-insultando-a-los-catalanes\/","title":{"rendered":"Que sigan insultando a los Catalanes"},"content":{"rendered":"<p><b>Domingo 21 de julio de 2013<\/b><\/p>\n<p><a href=\"http:\/\/blogs.deia.com\/anasagasti\/files\/2013\/07\/870.13.jpg\"><img loading=\"lazy\" decoding=\"async\" class=\"alignleft size-thumbnail wp-image-4373\" alt=\"870.13\" src=\"http:\/\/blogs.deia.com\/anasagasti\/files\/2013\/07\/870.13-150x150.jpg\" width=\"150\" height=\"150\" \/><\/a>Le ocurri\u00f3 a Carod Rovira a cuenta de su entrevista en Perpi\u00f1\u00e1n con Josu Ternera. La campa\u00f1a de Aznar fue tan brutal que de un diputado, Esquerra pas\u00f3 a ocho en el Congreso. Y ahora este Gafo puede darle vitaminas a una realidad.<\/p>\n<p>Y es que el mundo oficial espa\u00f1ol no traga la personalidad catalana. Nada menos que un diplom\u00e1tico transversal (estuvo con Zapatero en La Moncloa) y est\u00e1 ahora con Espinosa de los Monteros en la Marca Espa\u00f1a reacciona ante una rechifla escribiendo aquello en twitter: \u00abcatalanes de mierda, no se merecen nada\u00bb. Ese fue el primer instinto del jefe de Protocolo de apellido tan expresivo como Gafo ante la silbada. El tercero fue anunciar su dimisi\u00f3n.<\/p>\n<p>Ya le pas\u00f3 al director de la Vanguardia Espa\u00f1ola en el a\u00f1o sesenta. Tras asistir a una misa con homil\u00eda en catal\u00e1n tambi\u00e9n dijo aquello de: \u00abTodos los catalanes son una mierda\u00bb. Fue destituido por Franco el 5 de febrero de 1960.<\/p>\n<p>\u00bfQu\u00e9 hay de com\u00fan entre Gafo y Galinsoga? Que los dos expresan lo que muchos espa\u00f1oles sienten. Y eso es lo grave de la cuesti\u00f3n. Y lo que lleva a la ruptura total.<\/p>\n<!-- AddThis Advanced Settings generic via filter on the_content --><!-- AddThis Share Buttons generic via filter on the_content -->","protected":false},"excerpt":{"rendered":"<p>Domingo 21 de julio de 2013 Le ocurri\u00f3 a Carod Rovira a cuenta de su entrevista en Perpi\u00f1\u00e1n con Josu Ternera. La campa\u00f1a de Aznar fue tan brutal que de un diputado, Esquerra pas\u00f3 a ocho en el Congreso. Y ahora este Gafo puede darle vitaminas a una realidad. Y es que el mundo oficial &hellip; <a href=\"https:\/\/blogs.deia.eus\/anasagasti\/2013\/07\/21\/que-sigan-insultando-a-los-catalanes\/\" class=\"more-link\">Sigue leyendo <span class=\"screen-reader-text\">Que sigan insultando a los Catalanes<\/span><\/a><!-- AddThis Advanced Settings generic via filter on get_the_excerpt --><!-- AddThis Share Buttons generic via filter on get_the_excerpt --><\/p>\n","protected":false},"author":19,"featured_media":0,"comment_status":"open","ping_status":"open","sticky":false,"template":"","format":"standard","meta":{"footnotes":""},"categories":[1],"tags":[],"class_list":["post-4372","post","type-post","status-publish","format-standard","hentry","category-general"],"_links":{"self":[{"href":"https:\/\/blogs.deia.eus\/anasagasti\/wp-json\/wp\/v2\/posts\/4372","targetHints":{"allow":["GET"]}}],"collection":[{"href":"https:\/\/blogs.deia.eus\/anasagasti\/wp-json\/wp\/v2\/posts"}],"about":[{"href":"https:\/\/blogs.deia.eus\/anasagasti\/wp-json\/wp\/v2\/types\/post"}],"author":[{"embeddable":true,"href":"https:\/\/blogs.deia.eus\/anasagasti\/wp-json\/wp\/v2\/users\/19"}],"replies":[{"embeddable":true,"href":"https:\/\/blogs.deia.eus\/anasagasti\/wp-json\/wp\/v2\/comments?post=4372"}],"version-history":[{"count":2,"href":"https:\/\/blogs.deia.eus\/anasagasti\/wp-json\/wp\/v2\/posts\/4372\/revisions"}],"predecessor-version":[{"id":4375,"href":"https:\/\/blogs.deia.eus\/anasagasti\/wp-json\/wp\/v2\/posts\/4372\/revisions\/4375"}],"wp:attachment":[{"href":"https:\/\/blogs.deia.eus\/anasagasti\/wp-json\/wp\/v2\/media?parent=4372"}],"wp:term":[{"taxonomy":"category","embeddable":true,"href":"https:\/\/blogs.deia.eus\/anasagasti\/wp-json\/wp\/v2\/categories?post=4372"},{"taxonomy":"post_tag","embeddable":true,"href":"https:\/\/blogs.deia.eus\/anasagasti\/wp-json\/wp\/v2\/tags?post=4372"}],"curies":[{"name":"wp","href":"https:\/\/api.w.org\/{rel}","templated":true}]}}