{"id":4378,"date":"2013-07-25T20:35:41","date_gmt":"2013-07-25T18:35:41","guid":{"rendered":"http:\/\/blogs.deia.com\/anasagasti\/?p=4378"},"modified":"2013-07-25T20:35:41","modified_gmt":"2013-07-25T18:35:41","slug":"el-bebe-que-se-parece-a-su-madre","status":"publish","type":"post","link":"https:\/\/blogs.deia.eus\/anasagasti\/2013\/07\/25\/el-bebe-que-se-parece-a-su-madre\/","title":{"rendered":"El Beb\u00e9 que se parece a su madre"},"content":{"rendered":"<p><b>Jueves 25 de julio de 2013<\/b><\/p>\n<p><a href=\"http:\/\/blogs.deia.com\/anasagasti\/files\/2013\/07\/881.2.jpg\"><img loading=\"lazy\" decoding=\"async\" class=\"alignleft size-thumbnail wp-image-4379\" alt=\"881.2\" src=\"http:\/\/blogs.deia.com\/anasagasti\/files\/2013\/07\/881.2-150x150.jpg\" width=\"150\" height=\"150\" \/><\/a>Es fant\u00e1stico ver a una pareja joven mostrar a su hijo reci\u00e9n nacido. Un chavalito querido, esperado, y que contin\u00faa la estirpe humana. Y est\u00e1 bien que estas noticias ilusionen a una sociedad golpeada por el paro, la ruptura de su cohesi\u00f3n social, la falta de perspectivas. Pan y Circo.<\/p>\n<p>Y me parece muy bien que en Gran Breta\u00f1a, o mejor dicho, en Inglaterra, estas cosas gusten. Tienen a la monarqu\u00eda como cemento de su historia y eso es lo que quieren. Pues muy bien.<\/p>\n<p>Lo raro es que la llegada al mundo de un beb\u00e9 sirva en Espa\u00f1a para acallar el caso B\u00e1rcenas, la dimisi\u00f3n de Gri\u00f1\u00e1n, los Eres, las bravatas de la sra. Cospedal, el escondite de Rajoy, el paro, la prevaricaci\u00f3n en favor de Jaume Matas, las andanzas fiscales de la Infanta, el bochornoso viaje del rey a Marruecos y cosas as\u00ed. Que el chaval tiene buenos pulmones y m\u00e1s pelo que su padre, que es tan guapo como su madre, que ser\u00e1 el Duque de Cambridge lo he o\u00eddo hasta la saciedad dicho por periodistas que se ponen serios y enf\u00e1ticos al comentar estas bobadas y lo que deber\u00eda ser una noticia privada se ha convertido en un analg\u00e9sico en Espa\u00f1a. Me tiene sin cuidado que tenga buenos pulmones y m\u00e1s pelo que el padre. De verdad. Aunque en esto de parecerse a la madre recuerden lo que dijo Marichalar cuando present\u00f3 a Froil\u00e1n: \u00abEl pobre se parece a la madre\u00bb. Por lo menos el ingl\u00e9s si se parece a la madre ser\u00e1 un guaperas. Mejor para \u00e9l. \u00bfY qu\u00e9?.<\/p>\n<p>Si me extra\u00f1a que todas las televisiones hispanas y ETB caigan en esta paletada. De verdad. Y que algo tan anacr\u00f3nico como la monarqu\u00eda y que algo tan antidemocr\u00e1tico como la monarqu\u00eda, sirva en este verano de bote salvavidas a unos corruptos que est\u00e1n deseando hablemos de estas cosas y no nos fijemos en ellos. Y luego hablamos de la culta Europa. M\u00e1s bien, de la vieja Europa. Aunque a partir del martes tenga un beb\u00e9 m\u00e1s. Y que \u00e9ste, a diferencia de millones de beb\u00e9s en el mundo, haya nacido con un pan bajo el brazo. Un pan que adem\u00e1s pagan los contribuyentes. Y que el de los pulmones no tendr\u00e1 ni moscas sobre su cuerpo ni morir\u00e1 de hambre. Un poco vergonzoso todo esto. \u00bfNo les parece?.<\/p>\n<!-- AddThis Advanced Settings generic via filter on the_content --><!-- AddThis Share Buttons generic via filter on the_content -->","protected":false},"excerpt":{"rendered":"<p>Jueves 25 de julio de 2013 Es fant\u00e1stico ver a una pareja joven mostrar a su hijo reci\u00e9n nacido. Un chavalito querido, esperado, y que contin\u00faa la estirpe humana. Y est\u00e1 bien que estas noticias ilusionen a una sociedad golpeada por el paro, la ruptura de su cohesi\u00f3n social, la falta de perspectivas. Pan y &hellip; <a href=\"https:\/\/blogs.deia.eus\/anasagasti\/2013\/07\/25\/el-bebe-que-se-parece-a-su-madre\/\" class=\"more-link\">Sigue leyendo <span class=\"screen-reader-text\">El Beb\u00e9 que se parece a su madre<\/span><\/a><!-- AddThis Advanced Settings generic via filter on get_the_excerpt --><!-- AddThis Share Buttons generic via filter on get_the_excerpt --><\/p>\n","protected":false},"author":19,"featured_media":0,"comment_status":"open","ping_status":"open","sticky":false,"template":"","format":"standard","meta":{"footnotes":""},"categories":[1],"tags":[],"class_list":["post-4378","post","type-post","status-publish","format-standard","hentry","category-general"],"_links":{"self":[{"href":"https:\/\/blogs.deia.eus\/anasagasti\/wp-json\/wp\/v2\/posts\/4378","targetHints":{"allow":["GET"]}}],"collection":[{"href":"https:\/\/blogs.deia.eus\/anasagasti\/wp-json\/wp\/v2\/posts"}],"about":[{"href":"https:\/\/blogs.deia.eus\/anasagasti\/wp-json\/wp\/v2\/types\/post"}],"author":[{"embeddable":true,"href":"https:\/\/blogs.deia.eus\/anasagasti\/wp-json\/wp\/v2\/users\/19"}],"replies":[{"embeddable":true,"href":"https:\/\/blogs.deia.eus\/anasagasti\/wp-json\/wp\/v2\/comments?post=4378"}],"version-history":[{"count":2,"href":"https:\/\/blogs.deia.eus\/anasagasti\/wp-json\/wp\/v2\/posts\/4378\/revisions"}],"predecessor-version":[{"id":4381,"href":"https:\/\/blogs.deia.eus\/anasagasti\/wp-json\/wp\/v2\/posts\/4378\/revisions\/4381"}],"wp:attachment":[{"href":"https:\/\/blogs.deia.eus\/anasagasti\/wp-json\/wp\/v2\/media?parent=4378"}],"wp:term":[{"taxonomy":"category","embeddable":true,"href":"https:\/\/blogs.deia.eus\/anasagasti\/wp-json\/wp\/v2\/categories?post=4378"},{"taxonomy":"post_tag","embeddable":true,"href":"https:\/\/blogs.deia.eus\/anasagasti\/wp-json\/wp\/v2\/tags?post=4378"}],"curies":[{"name":"wp","href":"https:\/\/api.w.org\/{rel}","templated":true}]}}