{"id":4398,"date":"2013-07-26T17:10:26","date_gmt":"2013-07-26T15:10:26","guid":{"rendered":"http:\/\/blogs.deia.com\/anasagasti\/?p=4398"},"modified":"2013-07-26T17:10:26","modified_gmt":"2013-07-26T15:10:26","slug":"el-mundo-resumido-en-una-sola-fotografia-4","status":"publish","type":"post","link":"https:\/\/blogs.deia.eus\/anasagasti\/2013\/07\/26\/el-mundo-resumido-en-una-sola-fotografia-4\/","title":{"rendered":"El mundo resumido en una sola fotograf\u00eda"},"content":{"rendered":"<p><b>Viernes 26 de julio de 2013<\/b><\/p>\n<p><b>\u00a0<a href=\"http:\/\/blogs.deia.com\/anasagasti\/files\/2013\/07\/Occidente-oriente.jpg\"><img loading=\"lazy\" decoding=\"async\" class=\"alignleft size-full wp-image-4384\" alt=\"Occidente-oriente\" src=\"http:\/\/blogs.deia.com\/anasagasti\/files\/2013\/07\/Occidente-oriente.jpg\" width=\"368\" height=\"226\" \/><\/a><\/b><\/p>\n<p>&nbsp;<\/p>\n<p>&nbsp;<\/p>\n<p>&nbsp;<\/p>\n<p>&nbsp;<\/p>\n<p>&nbsp;<\/p>\n<p>El fot\u00f3grafo que ha realizado este montaje deber\u00eda recibir el Oscar de la Lucidez y de la S\u00edntesis, el Premio Nobel de la Verdad.<\/p>\n<p>Ojal\u00e1 pudieran ponerse valla y banderolas con esta fotograf\u00eda que lo dice todo.<\/p>\n<p>Vivimos en un mundo hip\u00f3crita.<\/p>\n<!-- AddThis Advanced Settings generic via filter on the_content --><!-- AddThis Share Buttons generic via filter on the_content -->","protected":false},"excerpt":{"rendered":"<p>Viernes 26 de julio de 2013 \u00a0 &nbsp; &nbsp; &nbsp; &nbsp; &nbsp; El fot\u00f3grafo que ha realizado este montaje deber\u00eda recibir el Oscar de la Lucidez y de la S\u00edntesis, el Premio Nobel de la Verdad. Ojal\u00e1 pudieran ponerse valla y banderolas con esta fotograf\u00eda que lo dice todo. Vivimos en un mundo hip\u00f3crita.<!-- AddThis Advanced Settings generic via filter on get_the_excerpt --><!-- AddThis Share Buttons generic via filter on get_the_excerpt --><\/p>\n","protected":false},"author":19,"featured_media":0,"comment_status":"open","ping_status":"open","sticky":false,"template":"","format":"standard","meta":{"footnotes":""},"categories":[1],"tags":[],"class_list":["post-4398","post","type-post","status-publish","format-standard","hentry","category-general"],"_links":{"self":[{"href":"https:\/\/blogs.deia.eus\/anasagasti\/wp-json\/wp\/v2\/posts\/4398","targetHints":{"allow":["GET"]}}],"collection":[{"href":"https:\/\/blogs.deia.eus\/anasagasti\/wp-json\/wp\/v2\/posts"}],"about":[{"href":"https:\/\/blogs.deia.eus\/anasagasti\/wp-json\/wp\/v2\/types\/post"}],"author":[{"embeddable":true,"href":"https:\/\/blogs.deia.eus\/anasagasti\/wp-json\/wp\/v2\/users\/19"}],"replies":[{"embeddable":true,"href":"https:\/\/blogs.deia.eus\/anasagasti\/wp-json\/wp\/v2\/comments?post=4398"}],"version-history":[{"count":2,"href":"https:\/\/blogs.deia.eus\/anasagasti\/wp-json\/wp\/v2\/posts\/4398\/revisions"}],"predecessor-version":[{"id":4400,"href":"https:\/\/blogs.deia.eus\/anasagasti\/wp-json\/wp\/v2\/posts\/4398\/revisions\/4400"}],"wp:attachment":[{"href":"https:\/\/blogs.deia.eus\/anasagasti\/wp-json\/wp\/v2\/media?parent=4398"}],"wp:term":[{"taxonomy":"category","embeddable":true,"href":"https:\/\/blogs.deia.eus\/anasagasti\/wp-json\/wp\/v2\/categories?post=4398"},{"taxonomy":"post_tag","embeddable":true,"href":"https:\/\/blogs.deia.eus\/anasagasti\/wp-json\/wp\/v2\/tags?post=4398"}],"curies":[{"name":"wp","href":"https:\/\/api.w.org\/{rel}","templated":true}]}}