{"id":4404,"date":"2013-07-28T20:34:11","date_gmt":"2013-07-28T18:34:11","guid":{"rendered":"http:\/\/blogs.deia.com\/anasagasti\/?p=4404"},"modified":"2013-07-28T20:34:11","modified_gmt":"2013-07-28T18:34:11","slug":"el-general-manglano-y-edward-snowden","status":"publish","type":"post","link":"https:\/\/blogs.deia.eus\/anasagasti\/2013\/07\/28\/el-general-manglano-y-edward-snowden\/","title":{"rendered":"El General Manglano y Edward Snowden"},"content":{"rendered":"<p><b>Domingo 28 de julio de 2013<\/b><\/p>\n<p>Fue en diciembre de 2003. Se reun\u00eda en la sala Mariana Pineda del Congreso la Comisi\u00f3n de secretos oficiales. Presidida por Luisa Fernanda Rudi, los portavoces escuch\u00e1bamos el rosario de excusas del ministro de Defensa, Federico Trillo, sobre la muerte de siete agentes del CNI en Irak. Junto a \u00e9l estaba el director del centro, Jorge Dezcallar, diplom\u00e1tico y descendiente del almirante Mazarredo. Cuando me toc\u00f3 intervenir le interpel\u00e9 en relaci\u00f3n a varias cuestiones y, al final, y mir\u00e1ndole fijamente le hice una \u00abinocente\u00bb pregunta: \u201c\u00bfEsp\u00eda el Centro Nacional de Inteligencia a partidos democr\u00e1ticos y a dirigentes de esos partidos democr\u00e1ticos?\u201d. Carraspe\u00f3 y, poni\u00e9ndose muy digno, me contest\u00f3: \u201cVivimos en un estado de derecho y los partidos democr\u00e1ticos no son objeto de seguimiento informativo. En caso contrario eso ser\u00eda un delito\u201d.<\/p>\n<p>Sin embargo tan solo dos semanas despu\u00e9s, el dirigente catal\u00e1n Carod-Rovira era seguido y espiado en Perpi\u00f1\u00e1n. La informaci\u00f3n aparecer\u00eda veinte d\u00edas despu\u00e9s y justo al inicio del primer congreso de V\u00edctimas del Terrorismo y en plena pre-campa\u00f1a electoral. \u00bfD\u00f3nde se publicaba aquella informaci\u00f3n? En el diario \u201cABC\u00bb dirigido por Jos\u00e9 Antonio Zarzalejos cuyo hermano Javier era el secretario general de la Presidencia.<\/p>\n<p>Tras haber vivido varias experiencias de este tipo hace tiempo saqu\u00e9 una conclusi\u00f3n: nunca te dir\u00e1n la verdad. La aproximaci\u00f3n a la verdad vendr\u00e1 siempre de la mano de una esposa despechada, de un militar rebotado como Alberto Perote o de un Juli\u00e1n Asange con su Wikileaks o del arrebato \u00e9tico de un esp\u00eda como Edward Snowden.<\/p>\n<p><b>L\u00f3pez Aguilar<\/b><b><\/b><\/p>\n<p>Est\u00e1bamos en plena ofensiva aznariana. Fernando L\u00f3pez Aguilar<sub>, <\/sub>que luego fue ministro de Justicia con Zapatero y ahora reparte labeles \u00e9ticos y democr\u00e1ticos, en un art\u00edculo publicado en El Socialista correspondiente al mes de noviembre de 2002 planteaba la estrategia que deb\u00eda seguir el gobierno de Aznar para cortar en seco lo que llamaban \u00abel Plan lbarretxe\u00bb.<\/p>\n<p>\u201cAnte algo as\u00ed los poderes p\u00fablicos de nuestro Estado democr\u00e1tico de Derecho, no pueden permanecer impasibles, bien al contrario, deben reaccionar en\u00e9rgicamente con planificaci\u00f3n, estrategia, pedagog\u00eda y acci\u00f3n pol\u00edtica. En otras palabras: frente a un desaf\u00edo como el que se ha presentado, no se puede responder con improvisaci\u00f3n ret\u00f3rica, telediarios y banderas. Se ha de dise\u00f1ar un plan.<\/p>\n<p>Para empezar, es absolutamente imprescindible conocer y prevenir futuros escenarios conexos a cada uno de los posibles movimientos secesionistas de las instituciones vascas. El Estado ha de estar informado, con mucha antelaci\u00f3n, de lo que va a ocurrir, para lo que no resultar\u00eda en absoluto inoportuno involucrar, si se hace necesario -y huelga subrayar que en el marco m\u00e1s estricto de la legalidad-, a los servicios de inteligencia y an\u00e1lisis a disposici\u00f3n del Gobierno\u201d.<\/p>\n<p>Este es el dem\u00f3crata que ante el embajador norteamericano Eduardo Aguirre le dijo que la investigaci\u00f3n judicial que trataba de averiguar la responsabilidad de los soldados norteamericanos en el asesinato del c\u00e1mara de televisi\u00f3n Jos\u00e9 Couso, no prosperar\u00eda. Como efectivamente no ha prosperado. Y fue \u00e9l quien apoy\u00f3 al secretario de estado Ignacio Astarloa en aquella reforma del c\u00f3digo penal para encarcelar al Lehendakari si a \u00e9ste se le ocurr\u00eda convocar un refer\u00e9ndum. Que no se extra\u00f1en hoy nuestros amigos catalanes lo que les est\u00e1 ocurriendo al tener\u00a0 el ojo del Gran Hermano del CNI encima busc\u00e1ndoles lunares. La pauta sobre lo que hacer ya la marc\u00f3 el propio L\u00f3pez Aguilar en 2002.<\/p>\n<p>Y es que el CNI, existe. Acabamos de saber, tras la comparecencia de I\u00f1aki Urdangarin en la Ciudad de la Justicia de Barcelona el pasado 16 de julio que el CNI tutelaba la seguridad del Instituto No\u00f3s. \u00abCada cierto tiempo los servicios secretos revisaban los tel\u00e9fonos y las comunicaciones para garantizar la seguridad del Duque de Palma\u201d. Es decir vigilaban su seguridad para hacer m\u00e1s eficaz el negocio en marcha. Mortadelo y Filem\u00f3n no lo hubieran hecho mejor.<\/p>\n<p><b>El General Manglano<\/b><b><\/b><\/p>\n<p>Hubo un tiempo en que no dej\u00e1bamos de reivindicar que al frente de los servicios secretos espa\u00f1oles no estuviera un militar y que los mismos se civilizaran. Hoy siguen en manos del general Sanz Rold\u00e1n de quien estuve hace dos semanas a dos metros pero quien de repente se escabull\u00f3 de la recepci\u00f3n. Estos generales son muy listos y seguramente no quer\u00eda le hiciera una pregunta impertinente como a Dezcallar, el \u00fanico civil que ha pasado por la famosa Casa.<\/p>\n<p>Un buen d\u00eda el general Emilio Alonso Manglano invit\u00f3 por primera vez a visitar la sede del Cesid a la comisi\u00f3n de Defensa.<\/p>\n<p>Tuvimos una reuni\u00f3n con aquel militar que hab\u00eda tenido un papel aseado el 23-F y tras ello tuvo el encargo de ir eliminando las tramas golpistas por indicaci\u00f3n del ministro de la defensa Alberto Oliart. Fue una decisi\u00f3n audaz porque el decreto de creaci\u00f3n del Cesid reservaba el cargo a un general y Manglano era teniente coronel. Se cambi\u00f3 el decreto y santas pascuas.<\/p>\n<p>En la ronda de preguntas se me ocurri\u00f3 formularle la m\u00e1s pol\u00edticamente incorrecta. \u201c\u00bfQu\u00e9 sabe usted del Gal?\u00bb. Un espeso silencio se hizo en la sala. Manglano, el hombre que lo sab\u00eda todo de todos, sali\u00f3 como pudo dando una breve explicaci\u00f3n no cre\u00edble. Al salir de la sala se me acerc\u00f3 y dijo, \u00abCualquier d\u00eda de estos me llamas, tomamos un caf\u00e9 y te cuento cosas\u00bb. Hasta hoy.<\/p>\n<p>El general Manglano acaba de morir. Ten\u00eda 87 a\u00f1os y aquel todopoderoso personaje era ya una sombra de s\u00ed mismo en la residencia del Paseo de La Habana donde ha fallecido. En las \u00faltimas semanas el general ten\u00eda una obsesi\u00f3n y no hablaba de otra cosa: \u00abMis papeles, tengo que recuperar mis papeles\u00bb. En esos papeles, dicen, que hab\u00eda datos y claves para resolver las inc\u00f3gnitas de algunos de los casos anteriores, especialmente el 23-F y el atentado de Carrero Blanco, pero seguramente aquellas escuchas aleatorias al rey, el informe Crill\u00f3n sobre Mario Conde, el montaje del video contra Pedro J., la creaci\u00f3n de los Gal, el secuestro, asesinato y enterramiento en cal viva de Lasa y Zabala, el asesinato de Santi Brouard, la muerte en una ba\u00f1era de Mikel Zabalza, el secuestro y la muerte de un mendigo cuando experimentaban con \u00e9l un anest\u00e9sico, el atentado contra Juan Carlos Garc\u00eda Goena. Todo el per\u00edodo del gobierno socialista.<\/p>\n<p>El 12 de junio de 1995, a pesar de lo que me dijo Dezcallar, el Mundo publicaba en portada que \u00abEl Cesid lleva m\u00e1s de diez a\u00f1os espiando y grabando a pol\u00edticos, empresarios y periodistas\u00bb. Ese a\u00f1o, abandonado por Felipe Gonz\u00e1lez tuvo que dimitir y cuatro a\u00f1os despu\u00e9s se someti\u00f3 a un juicio ama\u00f1ado que lo conden\u00f3 levemente por las llamadas \u00abescuchas ilegales\u00bb pero el general, tras varias vicisitudes, logr\u00f3 una resoluci\u00f3n absolutoria.<\/p>\n<p>Su muerte este t\u00f3rrido mes de julio ha pasado ciertamente desapercibida y quiz\u00e1s tenga esto su explicaci\u00f3n en lo opaco y tenebroso de un mundo que el general dirigi\u00f3 con mano de hierro durante catorce a\u00f1os. \u00c9l si sab\u00eda de verdad la historia, la real, de la transici\u00f3n y de todas las andanzas del rey, as\u00ed como las militares y las policiales. Manglano y Sabino Fern\u00e1ndez Campo, al parecer, se han llevado sus secretos a la tumba.<\/p>\n<p><b>Edward Snowden vivo o muerto<\/b><b><\/b><\/p>\n<p>Este mes de julio se ha destapado el caso del experto inform\u00e1tico y analista de la CIA, Edward Snowden, de 29 a\u00f1os, quien ahora busca asilo desesperadamente por denunciar como el servicio secreto estadounidense recoge datos a gran escala de usuarios de Internet, Face Book y Microsoft. \u00abNo quiero vivir en una sociedad que hace estas cosas. No quiero vivir en un mundo donde todo lo que digo y hago queda registrado\u00bb. La NSA construy\u00f3 una infraestructura que le permite interceptar pr\u00e1cticamente todo y sin orden judicial. \u00bfY c\u00f3mo ha reaccionado el dem\u00f3crata Obama? Peor que Bush. A la caza y captura del r\u00e9probo y ante eso la reacci\u00f3n europea ha sido vergonzosa. \u00bfPor qu\u00e9? Porque todos hacen lo mismo.<\/p>\n<p>Amnist\u00eda Internacional apoya a Snowden. \u00abLos estados que intentan impedir que una persona revele este tipo de conducta ilegal est\u00e1n burlando el derecho internacional. La libertad de expresi\u00f3n es un derecho fundamental. Los intentos de presionar a los gobiernos para que bloqueen los esfuerzos de Snowden por pedir asilo son deplorables\u00bb.<\/p>\n<p>Es lo que hay en este t\u00f3rrido julio en el que muere el general Manglano y un analista norteamericano denuncia lo que hace su pa\u00eds a cuenta de la seguridad, de su seguridad. Entre la ley y el orden, siempre se elige ese falso orden de unos cuantos.<\/p>\n<p>Como se ve, nada nuevo bajo el sol.<\/p>\n<p>&nbsp;<\/p>\n<!-- AddThis Advanced Settings generic via filter on the_content --><!-- AddThis Share Buttons generic via filter on the_content -->","protected":false},"excerpt":{"rendered":"<p>Domingo 28 de julio de 2013 Fue en diciembre de 2003. Se reun\u00eda en la sala Mariana Pineda del Congreso la Comisi\u00f3n de secretos oficiales. Presidida por Luisa Fernanda Rudi, los portavoces escuch\u00e1bamos el rosario de excusas del ministro de Defensa, Federico Trillo, sobre la muerte de siete agentes del CNI en Irak. Junto a &hellip; <a href=\"https:\/\/blogs.deia.eus\/anasagasti\/2013\/07\/28\/el-general-manglano-y-edward-snowden\/\" class=\"more-link\">Sigue leyendo <span class=\"screen-reader-text\">El General Manglano y Edward Snowden<\/span><\/a><!-- AddThis Advanced Settings generic via filter on get_the_excerpt --><!-- AddThis Share Buttons generic via filter on get_the_excerpt --><\/p>\n","protected":false},"author":19,"featured_media":0,"comment_status":"open","ping_status":"open","sticky":false,"template":"","format":"standard","meta":{"footnotes":""},"categories":[1],"tags":[],"class_list":["post-4404","post","type-post","status-publish","format-standard","hentry","category-general"],"_links":{"self":[{"href":"https:\/\/blogs.deia.eus\/anasagasti\/wp-json\/wp\/v2\/posts\/4404","targetHints":{"allow":["GET"]}}],"collection":[{"href":"https:\/\/blogs.deia.eus\/anasagasti\/wp-json\/wp\/v2\/posts"}],"about":[{"href":"https:\/\/blogs.deia.eus\/anasagasti\/wp-json\/wp\/v2\/types\/post"}],"author":[{"embeddable":true,"href":"https:\/\/blogs.deia.eus\/anasagasti\/wp-json\/wp\/v2\/users\/19"}],"replies":[{"embeddable":true,"href":"https:\/\/blogs.deia.eus\/anasagasti\/wp-json\/wp\/v2\/comments?post=4404"}],"version-history":[{"count":2,"href":"https:\/\/blogs.deia.eus\/anasagasti\/wp-json\/wp\/v2\/posts\/4404\/revisions"}],"predecessor-version":[{"id":4406,"href":"https:\/\/blogs.deia.eus\/anasagasti\/wp-json\/wp\/v2\/posts\/4404\/revisions\/4406"}],"wp:attachment":[{"href":"https:\/\/blogs.deia.eus\/anasagasti\/wp-json\/wp\/v2\/media?parent=4404"}],"wp:term":[{"taxonomy":"category","embeddable":true,"href":"https:\/\/blogs.deia.eus\/anasagasti\/wp-json\/wp\/v2\/categories?post=4404"},{"taxonomy":"post_tag","embeddable":true,"href":"https:\/\/blogs.deia.eus\/anasagasti\/wp-json\/wp\/v2\/tags?post=4404"}],"curies":[{"name":"wp","href":"https:\/\/api.w.org\/{rel}","templated":true}]}}