{"id":4410,"date":"2013-07-31T20:50:44","date_gmt":"2013-07-31T18:50:44","guid":{"rendered":"http:\/\/blogs.deia.com\/anasagasti\/?p=4410"},"modified":"2013-07-31T20:50:44","modified_gmt":"2013-07-31T18:50:44","slug":"homenaje-a-uzturre","status":"publish","type":"post","link":"https:\/\/blogs.deia.eus\/anasagasti\/2013\/07\/31\/homenaje-a-uzturre\/","title":{"rendered":"Homenaje a Uzturre"},"content":{"rendered":"<p><b>31 de julio de 2013<\/b><\/p>\n<p><a href=\"http:\/\/blogs.deia.com\/anasagasti\/files\/2013\/07\/Uzturre.png\"><img loading=\"lazy\" decoding=\"async\" class=\"alignleft size-full wp-image-4411\" alt=\"Uzturre\" src=\"http:\/\/blogs.deia.com\/anasagasti\/files\/2013\/07\/Uzturre.png\" width=\"190\" height=\"265\" \/><\/a>He estado\u00a0 este 118 aniversario de la Fundaci\u00f3n del PNV en la Plaza Albia. Ceremonia sencilla, con menos gente que el a\u00f1o pasado, pero en \u00a0un acto intenso y bien organizado. Ofrenda floral y el recuerdo de todos los presidentes territoriales a Jes\u00fas Insausti \u00a0\u00abUzturre\u00bb, que fue presidente del EBB y muri\u00f3 hace veinte a\u00f1os. Una fotograf\u00eda puesta en el escenario tambi\u00e9n lo recordaba.<\/p>\n<p>Lo le\u00eddo de Uzturre sonaba bien. Hombre autodidacta, lo suyo era escribir y resistir \u00a0y sus art\u00edculos, bajo el t\u00edtulo de Sozial Arazoa, marcaban terreno. Ten\u00eda las ideas claras y le toc\u00f3 ser elegido, en tiempos convulsos para\u00a0 ser el presidente del EBB del PNV. Dimitido Garaikoetxea, sucedi\u00f3 a Rom\u00e1n Sodupe con una edad m\u00e1s propia para el descanso y las zapatillas que para el diario acontecer de un partido complicado. Y lo hizo bien. Con sentido com\u00fan. Y eso es lo que se ha rememorado. Y no est\u00e1 mal que se recuerden referencias como las de Uzturre. La primera lectura de Xabier Aguirre fue el \u00a0traer al hoy lo que dec\u00eda Jes\u00fas. \u00abEste partido puede pactar con quien sea con tal de no perder el Norte\u00bb.<\/p>\n<p>Un discurso de Ortuzar con varios titulares y buen sonido. Se entend\u00eda a la primera. Y unos periodistas que cuando se enton\u00f3 el himno permanecieron sentados. Les falta cultura y educaci\u00f3n c\u00edvica. Todos de pie menos ellos. \u00bfDe qu\u00e9 van?. En cualquier pa\u00eds sus medios no se lo permitir\u00edan. Con raz\u00f3n.<\/p>\n<p>El PNV recordar\u00e1 en el 2015 el 150 aniversario del nacimiento de Sabino Arana, aquel joven que con treinta a\u00f1os, paseando por aquella plaza de Albia, hace 118 a\u00f1os, lanz\u00f3 aquel grito de guerra contra la modorra de los vascos. Cuatro palabras revolucionarias: <b><i>Euzkadi es la Patria de los Vascos<\/i><\/b>. Y eso es lo que hemos recordado.<\/p>\n<!-- AddThis Advanced Settings generic via filter on the_content --><!-- AddThis Share Buttons generic via filter on the_content -->","protected":false},"excerpt":{"rendered":"<p>31 de julio de 2013 He estado\u00a0 este 118 aniversario de la Fundaci\u00f3n del PNV en la Plaza Albia. Ceremonia sencilla, con menos gente que el a\u00f1o pasado, pero en \u00a0un acto intenso y bien organizado. Ofrenda floral y el recuerdo de todos los presidentes territoriales a Jes\u00fas Insausti \u00a0\u00abUzturre\u00bb, que fue presidente del EBB &hellip; <a href=\"https:\/\/blogs.deia.eus\/anasagasti\/2013\/07\/31\/homenaje-a-uzturre\/\" class=\"more-link\">Sigue leyendo <span class=\"screen-reader-text\">Homenaje a Uzturre<\/span><\/a><!-- AddThis Advanced Settings generic via filter on get_the_excerpt --><!-- AddThis Share Buttons generic via filter on get_the_excerpt --><\/p>\n","protected":false},"author":19,"featured_media":0,"comment_status":"open","ping_status":"open","sticky":false,"template":"","format":"standard","meta":{"footnotes":""},"categories":[1],"tags":[],"class_list":["post-4410","post","type-post","status-publish","format-standard","hentry","category-general"],"_links":{"self":[{"href":"https:\/\/blogs.deia.eus\/anasagasti\/wp-json\/wp\/v2\/posts\/4410","targetHints":{"allow":["GET"]}}],"collection":[{"href":"https:\/\/blogs.deia.eus\/anasagasti\/wp-json\/wp\/v2\/posts"}],"about":[{"href":"https:\/\/blogs.deia.eus\/anasagasti\/wp-json\/wp\/v2\/types\/post"}],"author":[{"embeddable":true,"href":"https:\/\/blogs.deia.eus\/anasagasti\/wp-json\/wp\/v2\/users\/19"}],"replies":[{"embeddable":true,"href":"https:\/\/blogs.deia.eus\/anasagasti\/wp-json\/wp\/v2\/comments?post=4410"}],"version-history":[{"count":2,"href":"https:\/\/blogs.deia.eus\/anasagasti\/wp-json\/wp\/v2\/posts\/4410\/revisions"}],"predecessor-version":[{"id":4413,"href":"https:\/\/blogs.deia.eus\/anasagasti\/wp-json\/wp\/v2\/posts\/4410\/revisions\/4413"}],"wp:attachment":[{"href":"https:\/\/blogs.deia.eus\/anasagasti\/wp-json\/wp\/v2\/media?parent=4410"}],"wp:term":[{"taxonomy":"category","embeddable":true,"href":"https:\/\/blogs.deia.eus\/anasagasti\/wp-json\/wp\/v2\/categories?post=4410"},{"taxonomy":"post_tag","embeddable":true,"href":"https:\/\/blogs.deia.eus\/anasagasti\/wp-json\/wp\/v2\/tags?post=4410"}],"curies":[{"name":"wp","href":"https:\/\/api.w.org\/{rel}","templated":true}]}}